{"id":2107,"date":"2025-02-21T18:36:06","date_gmt":"2025-02-21T17:36:06","guid":{"rendered":"https:\/\/www.hypnoseetpierres-sebastienlanotte.com\/?p=2107"},"modified":"2025-02-28T17:30:04","modified_gmt":"2025-02-28T16:30:04","slug":"lexperience-somatique-de-peter-a-levine","status":"publish","type":"post","link":"https:\/\/www.hypnoseetpierres-sebastienlanotte.com\/index.php\/2025\/02\/21\/lexperience-somatique-de-peter-a-levine\/","title":{"rendered":"Revenir au corps : comprendre et r\u00e9guler ses \u00e9motions"},"content":{"rendered":"\t\t<div data-elementor-type=\"wp-post\" data-elementor-id=\"2107\" class=\"elementor elementor-2107\" data-elementor-post-type=\"post\">\n\t\t\t\t<div class=\"elementor-element elementor-element-20a7744 e-flex e-con-boxed e-con e-parent\" data-id=\"20a7744\" data-element_type=\"container\">\n\t\t\t\t\t<div class=\"e-con-inner\">\n\t\t\t\t<div class=\"elementor-element elementor-element-bbb272a elementor-widget elementor-widget-heading\" data-id=\"bbb272a\" data-element_type=\"widget\" data-widget_type=\"heading.default\">\n\t\t\t\t<div class=\"elementor-widget-container\">\n\t\t\t\t\t<h2 class=\"elementor-heading-title elementor-size-default\">Et si le corps nous parlait ?<\/h2>\t\t\t\t<\/div>\n\t\t\t\t<\/div>\n\t\t\t\t<div class=\"elementor-element elementor-element-f1ca0cc elementor-widget elementor-widget-text-editor\" data-id=\"f1ca0cc\" data-element_type=\"widget\" data-widget_type=\"text-editor.default\">\n\t\t\t\t<div class=\"elementor-widget-container\">\n\t\t\t\t\t\t\t\t\t<p data-start=\"1103\" data-end=\"1328\">Je l\u2019ai oubli\u00e9, ce corps. Je l\u2019ai maltrait\u00e9.<br data-start=\"1147\" data-end=\"1150\" \/>Un jour, je me suis regard\u00e9 dans un miroir et j\u2019ai eu un \u00e9lectrochoc.<br data-start=\"1219\" data-end=\"1222\" \/>J\u2019\u00e9tais devenu un tonneau, un gros baril. <strong data-start=\"1264\" data-end=\"1297\">Je ne l\u2019avais pas vu arriver.<\/strong><br data-start=\"1297\" data-end=\"1300\" \/>Mais j\u2019\u00e9tais devenu ob\u00e8se.<\/p><p data-start=\"1330\" data-end=\"1616\">Avec le temps, apr\u00e8s m\u2019\u00eatre lib\u00e9r\u00e9 d\u2019une addiction, j\u2019\u00e9tais pass\u00e9 \u00e0 une autre : la nourriture.<br data-start=\"1428\" data-end=\"1431\" \/>Je mangeais pour combler un manque. <strong data-start=\"1467\" data-end=\"1505\">Je mangeais pour ne pas ressentir.<\/strong><br data-start=\"1505\" data-end=\"1508\" \/>Je me fuyais dans le travail, et tout au long de la journ\u00e9e, je mangeais sans m\u00eame m\u2019en rendre compte.<\/p><p data-start=\"1618\" data-end=\"1833\">Jusqu\u2019au jour o\u00f9 mon corps s\u2019est rappel\u00e9 \u00e0 moi.<br data-start=\"1665\" data-end=\"1668\" \/>Mon estomac a cri\u00e9 qu\u2019il n\u2019en pouvait plus. Mes jambes gonflaient. J\u2019\u00e9tais essouffl\u00e9 apr\u00e8s 200 m\u00e8tres de marche&#8230; Moi qui avais travers\u00e9 la France \u00e0 pied<strong data-start=\"1787\" data-end=\"1831\">.<\/strong><\/p><p data-start=\"1835\" data-end=\"2007\">Alors, j\u2019ai commenc\u00e9 \u00e0 changer. <strong data-start=\"1867\" data-end=\"1885\">Petit \u00e0 petit.<\/strong><br data-start=\"1885\" data-end=\"1888\" \/>J\u2019ai ajust\u00e9 mes rythmes, ma nourriture, <strong data-start=\"1928\" data-end=\"1965\">j\u2019ai r\u00e9appris \u00e0 \u00e9couter mon corps<\/strong>.<br data-start=\"1966\" data-end=\"1969\" \/>Et j\u2019ai retrouv\u00e9 un poids plus sain.<\/p><p data-start=\"2009\" data-end=\"2199\"><strong data-start=\"2009\" data-end=\"2050\">Non sans efforts. Non sans vigilance.<\/strong><br data-start=\"2050\" data-end=\"2053\" \/>Aujourd\u2019hui encore, <strong data-start=\"2073\" data-end=\"2100\">je dois rester attentif<\/strong>, ne pas retomber dans les automatismes.<br data-start=\"2140\" data-end=\"2143\" \/>La conscience du corps est un apprentissage permanent.<\/p><p data-start=\"2201\" data-end=\"2304\">Mais une question me hantait :<br data-start=\"2231\" data-end=\"2234\" \/>Comment ai-je pu en arriver l\u00e0 sans presque m\u2019en rendre compte ?<\/p><p data-start=\"2306\" data-end=\"2450\">C\u2019est ainsi qu\u2019a commenc\u00e9 ma r\u00e9flexion sur <strong data-start=\"2349\" data-end=\"2373\">ma relation au corps<\/strong>, et plus largement, sur <strong data-start=\"2398\" data-end=\"2447\">notre rapport au corps en tant qu\u2019Occidentaux<\/strong>.<\/p>\t\t\t\t\t\t\t\t<\/div>\n\t\t\t\t<\/div>\n\t\t\t\t<div class=\"elementor-element elementor-element-06a013a elementor-widget elementor-widget-image\" data-id=\"06a013a\" data-element_type=\"widget\" data-widget_type=\"image.default\">\n\t\t\t\t<div class=\"elementor-widget-container\">\n\t\t\t\t\t\t\t\t\t\t\t\t\t\t\t<img fetchpriority=\"high\" decoding=\"async\" width=\"800\" height=\"800\" src=\"https:\/\/www.hypnoseetpierres-sebastienlanotte.com\/wp-content\/uploads\/2025\/02\/lhomme-obese-1024x1024.jpg\" class=\"attachment-large size-large wp-image-2277\" alt=\"un homme se regarde dans un miroir et vois son corps qui est devenu gros\" srcset=\"https:\/\/www.hypnoseetpierres-sebastienlanotte.com\/wp-content\/uploads\/2025\/02\/lhomme-obese-1024x1024.jpg 1024w, https:\/\/www.hypnoseetpierres-sebastienlanotte.com\/wp-content\/uploads\/2025\/02\/lhomme-obese-300x300.jpg 300w, https:\/\/www.hypnoseetpierres-sebastienlanotte.com\/wp-content\/uploads\/2025\/02\/lhomme-obese-150x150.jpg 150w, https:\/\/www.hypnoseetpierres-sebastienlanotte.com\/wp-content\/uploads\/2025\/02\/lhomme-obese-768x768.jpg 768w, https:\/\/www.hypnoseetpierres-sebastienlanotte.com\/wp-content\/uploads\/2025\/02\/lhomme-obese-1536x1536.jpg 1536w, https:\/\/www.hypnoseetpierres-sebastienlanotte.com\/wp-content\/uploads\/2025\/02\/lhomme-obese.jpg 1792w\" sizes=\"(max-width: 800px) 100vw, 800px\" \/>\t\t\t\t\t\t\t\t\t\t\t\t\t\t\t<\/div>\n\t\t\t\t<\/div>\n\t\t\t\t\t<\/div>\n\t\t\t\t<\/div>\n\t\t<div class=\"elementor-element elementor-element-4c5db741 e-flex e-con-boxed e-con e-parent\" data-id=\"4c5db741\" data-element_type=\"container\">\n\t\t\t\t\t<div class=\"e-con-inner\">\n\t\t\t\t<div class=\"elementor-element elementor-element-fea423e elementor-widget elementor-widget-heading\" data-id=\"fea423e\" data-element_type=\"widget\" data-widget_type=\"heading.default\">\n\t\t\t\t<div class=\"elementor-widget-container\">\n\t\t\t\t\t<h3 class=\"elementor-heading-title elementor-size-default\">Notre rapport au corps : entre pudeur et hypersexualisation<\/h3>\t\t\t\t<\/div>\n\t\t\t\t<\/div>\n\t\t\t\t<div class=\"elementor-element elementor-element-e47db39 elementor-widget elementor-widget-text-editor\" data-id=\"e47db39\" data-element_type=\"widget\" data-widget_type=\"text-editor.default\">\n\t\t\t\t<div class=\"elementor-widget-container\">\n\t\t\t\t\t\t\t\t\t<p data-start=\"2528\" data-end=\"2698\">Se couper de son corps, c\u2019est aussi se couper de son \u00e9nergie vitale.<br data-start=\"2596\" data-end=\"2599\" \/>Parfois, c\u2019est se priver de sa sensualit\u00e9, de son \u00e9lan naturel, de son <strong data-start=\"2670\" data-end=\"2695\">attractivit\u00e9 sexuelle<\/strong>.<\/p><p data-start=\"2700\" data-end=\"2946\">Je l\u2019apprends en tant qu\u2019accompagnant.<br data-start=\"2738\" data-end=\"2741\" \/><strong data-start=\"2741\" data-end=\"2820\">Certaines femmes cherchent \u00e0 se rendre invisibles, \u00e0 effacer leur f\u00e9minit\u00e9.<\/strong><br data-start=\"2820\" data-end=\"2823\" \/>Apr\u00e8s des violences sexuelles, des \u00e9v\u00e8nements traumatisants. <strong>S<\/strong><strong data-start=\"2854\" data-end=\"2912\">e cacher sous les couches devient un m\u00e9canisme de survie.<\/strong><br data-start=\"2912\" data-end=\"2915\" \/>Pour \u00e9viter d\u2019\u00eatre une proie.<\/p><p data-start=\"2948\" data-end=\"3103\">Cela m\u2019a profond\u00e9ment marqu\u00e9.<br data-start=\"2977\" data-end=\"2980\" \/>Je n\u2019avais pas mesur\u00e9 l\u2019ampleur des violences sexuelles, ni <strong data-start=\"3040\" data-end=\"3101\">les s\u00e9quelles qu\u2019elles laissent sur le corps, sur l\u2019\u00eatre.<\/strong><\/p><p data-start=\"3105\" data-end=\"3243\">Je crois qu\u2019il y a un <strong data-start=\"3127\" data-end=\"3185\">v\u00e9ritable questionnement de fond \u00e0 mener sur ce sujet.<\/strong><br data-start=\"3185\" data-end=\"3188\" \/>Et, sinc\u00e8rement, cela me questionne beaucoup.<\/p><p data-start=\"4886\" data-end=\"5025\">\u00a0<\/p>\t\t\t\t\t\t\t\t<\/div>\n\t\t\t\t<\/div>\n\t\t\t\t<div class=\"elementor-element elementor-element-e7e374b elementor-widget elementor-widget-image\" data-id=\"e7e374b\" data-element_type=\"widget\" data-widget_type=\"image.default\">\n\t\t\t\t<div class=\"elementor-widget-container\">\n\t\t\t\t\t\t\t\t\t\t\t\t\t\t\t<img decoding=\"async\" width=\"800\" height=\"40\" src=\"https:\/\/www.hypnoseetpierres-sebastienlanotte.com\/wp-content\/uploads\/2025\/02\/cristaux-separateur.png\" class=\"attachment-large size-large wp-image-1313\" alt=\"\" srcset=\"https:\/\/www.hypnoseetpierres-sebastienlanotte.com\/wp-content\/uploads\/2025\/02\/cristaux-separateur.png 1000w, https:\/\/www.hypnoseetpierres-sebastienlanotte.com\/wp-content\/uploads\/2025\/02\/cristaux-separateur-300x15.png 300w, https:\/\/www.hypnoseetpierres-sebastienlanotte.com\/wp-content\/uploads\/2025\/02\/cristaux-separateur-768x38.png 768w\" sizes=\"(max-width: 800px) 100vw, 800px\" \/>\t\t\t\t\t\t\t\t\t\t\t\t\t\t\t<\/div>\n\t\t\t\t<\/div>\n\t\t\t\t<div class=\"elementor-element elementor-element-e379ae4 elementor-widget elementor-widget-text-editor\" data-id=\"e379ae4\" data-element_type=\"widget\" data-widget_type=\"text-editor.default\">\n\t\t\t\t<div class=\"elementor-widget-container\">\n\t\t\t\t\t\t\t\t\t<p data-start=\"3250\" data-end=\"3484\">Je vais souvent aux thermes en Allemagne. L\u00e0-bas, dans les espaces saunas, la nudit\u00e9 est de mise.<br data-start=\"3355\" data-end=\"3358\" \/>Au d\u00e9but, j\u2019\u00e9tais g\u00ean\u00e9. Puis, j\u2019ai appr\u00e9ci\u00e9.<br data-start=\"3402\" data-end=\"3405\" \/><strong data-start=\"3405\" data-end=\"3451\">Dans ces espaces, la nudit\u00e9 est naturelle.<\/strong> Rien de malsain, au contraire.<\/p><p data-start=\"3486\" data-end=\"3517\">Mais cela m\u2019a fait r\u00e9fl\u00e9chir.<\/p><p data-start=\"3519\" data-end=\"3804\">Nous vivons dans une soci\u00e9t\u00e9 <strong data-start=\"3548\" data-end=\"3611\">qui expose toujours plus le corps, tout en le rendant tabou<\/strong>.<br data-start=\"3612\" data-end=\"3615\" \/><strong data-start=\"3615\" data-end=\"3644\">Surtout celui des femmes.<\/strong><br data-start=\"3644\" data-end=\"3647\" \/>D\u2019un c\u00f4t\u00e9, une hypersexualisation omnipr\u00e9sente. De l\u2019autre, un puritanisme qui persiste, sournois, rigide.<br data-start=\"3761\" data-end=\"3764\" \/>Un paradoxe qui me semble <strong data-start=\"3790\" data-end=\"3802\">malsain.<\/strong><\/p><p data-start=\"4886\" data-end=\"5025\">\u00a0<\/p>\t\t\t\t\t\t\t\t<\/div>\n\t\t\t\t<\/div>\n\t\t\t\t<div class=\"elementor-element elementor-element-c9e4c24 elementor-widget elementor-widget-heading\" data-id=\"c9e4c24\" data-element_type=\"widget\" data-widget_type=\"heading.default\">\n\t\t\t\t<div class=\"elementor-widget-container\">\n\t\t\t\t\t<h3 class=\"elementor-heading-title elementor-size-default\">Se couper de son corps : la dissociation<\/h3>\t\t\t\t<\/div>\n\t\t\t\t<\/div>\n\t\t\t\t<div class=\"elementor-element elementor-element-bb46297 elementor-widget elementor-widget-text-editor\" data-id=\"bb46297\" data-element_type=\"widget\" data-widget_type=\"text-editor.default\">\n\t\t\t\t<div class=\"elementor-widget-container\">\n\t\t\t\t\t\t\t\t\t<p data-start=\"3863\" data-end=\"3977\">Je m\u2019\u00e9loigne du sujet\u2026 ou peut-\u00eatre pas tant que \u00e7a.<br data-start=\"3919\" data-end=\"3922\" \/>Parce que tout cela parle de <strong data-start=\"3951\" data-end=\"3974\">notre lien au corps<\/strong>.<\/p><p data-start=\"3979\" data-end=\"4075\">Quand j\u2019ai d\u00e9couvert l\u2019hypnose et la psychologie, j\u2019ai compris ce qu\u2019il se passait en moi.<\/p><p data-start=\"4077\" data-end=\"4100\"><strong data-start=\"4077\" data-end=\"4098\">J\u2019\u00e9tais dissoci\u00e9.<\/strong><\/p><p data-start=\"4102\" data-end=\"4275\">Mon corps \u00e9tait l\u00e0, mais <strong data-start=\"4127\" data-end=\"4151\">je n\u2019y habitais plus<\/strong>.<br data-start=\"4152\" data-end=\"4155\" \/>Pour me prot\u00e9ger, <strong data-start=\"4173\" data-end=\"4230\">je m\u2019\u00e9tais coup\u00e9 de mes sensations, de mes ressentis, de mes \u00e9motions.<\/strong><br data-start=\"4230\" data-end=\"4233\" \/>Comme si j\u2019\u00e9tais <strong data-start=\"4250\" data-end=\"4273\">\u00e0 c\u00f4t\u00e9 de moi-m\u00eame.<\/strong><\/p><p data-start=\"4277\" data-end=\"4489\">Mais le corps, lui, n\u2019oublie pas.<br data-start=\"4314\" data-end=\"4317\" \/><strong data-start=\"4317\" data-end=\"4398\">Les m\u00e9moires du pass\u00e9 s\u2019y inscrivent, et un jour, elles se rappellent \u00e0 nous.<\/strong><br data-start=\"4398\" data-end=\"4401\" \/>Tous mes processus addictifs n\u2019avaient qu\u2019un but :<br data-start=\"4451\" data-end=\"4454\" \/><strong data-start=\"4454\" data-end=\"4487\">m\u2019\u00e9loigner de ces sensations.<\/strong><\/p><p data-start=\"4491\" data-end=\"4547\">Tenter d\u2019apaiser un corps qui criait son histoire.<\/p><p data-start=\"4491\" data-end=\"4547\"><strong data-start=\"4508\" data-end=\"4545\">Ecouter les \u00e9motions qui s&rsquo;y engrammaient.<\/strong><\/p>\t\t\t\t\t\t\t\t<\/div>\n\t\t\t\t<\/div>\n\t\t\t\t\t<\/div>\n\t\t\t\t<\/div>\n\t\t<div class=\"elementor-element elementor-element-cde6c1e e-flex e-con-boxed e-con e-parent\" data-id=\"cde6c1e\" data-element_type=\"container\">\n\t\t\t\t\t<div class=\"e-con-inner\">\n\t\t<div class=\"elementor-element elementor-element-d431bc2 e-con-full e-flex e-con e-child\" data-id=\"d431bc2\" data-element_type=\"container\">\n\t\t\t\t<div class=\"elementor-element elementor-element-eb4e3ec elementor-widget elementor-widget-heading\" data-id=\"eb4e3ec\" data-element_type=\"widget\" data-widget_type=\"heading.default\">\n\t\t\t\t<div class=\"elementor-widget-container\">\n\t\t\t\t\t<h4 class=\"elementor-heading-title elementor-size-default\">Ce que je vais explorer dans cet article<\/h4>\t\t\t\t<\/div>\n\t\t\t\t<\/div>\n\t\t\t\t<div class=\"elementor-element elementor-element-2256e53 elementor-widget elementor-widget-image\" data-id=\"2256e53\" data-element_type=\"widget\" data-widget_type=\"image.default\">\n\t\t\t\t<div class=\"elementor-widget-container\">\n\t\t\t\t\t\t\t\t\t\t\t\t\t\t\t<img decoding=\"async\" width=\"250\" height=\"250\" src=\"https:\/\/www.hypnoseetpierres-sebastienlanotte.com\/wp-content\/uploads\/2025\/02\/Sans-titre-250-\u00d7-250-px.png\" class=\"attachment-large size-large wp-image-1959\" alt=\"\" srcset=\"https:\/\/www.hypnoseetpierres-sebastienlanotte.com\/wp-content\/uploads\/2025\/02\/Sans-titre-250-\u00d7-250-px.png 250w, https:\/\/www.hypnoseetpierres-sebastienlanotte.com\/wp-content\/uploads\/2025\/02\/Sans-titre-250-\u00d7-250-px-150x150.png 150w\" sizes=\"(max-width: 250px) 100vw, 250px\" \/>\t\t\t\t\t\t\t\t\t\t\t\t\t\t\t<\/div>\n\t\t\t\t<\/div>\n\t\t\t\t<div class=\"elementor-element elementor-element-3970e7e elementor-widget elementor-widget-text-editor\" data-id=\"3970e7e\" data-element_type=\"widget\" data-widget_type=\"text-editor.default\">\n\t\t\t\t<div class=\"elementor-widget-container\">\n\t\t\t\t\t\t\t\t\t<p data-start=\"4606\" data-end=\"4752\">Nous portons tous, dans notre chair, <strong data-start=\"4643\" data-end=\"4679\">des m\u00e9moires corporelles qui nous fa\u00e7onnent.<\/strong><br data-start=\"4679\" data-end=\"4682\" \/>Des tensions fig\u00e9es.<br data-start=\"4702\" data-end=\"4705\" \/>Des \u00e9motions enkyst\u00e9es.<br data-start=\"4728\" data-end=\"4731\" \/>Des \u00e9lans r\u00e9prim\u00e9s.<br \/><br \/><\/p><p data-start=\"4754\" data-end=\"4850\">Alors <strong data-start=\"4760\" data-end=\"4783\">comment les lib\u00e9rer<\/strong> ?<br data-start=\"4785\" data-end=\"4788\" \/>Comment revenir \u00e0 une pr\u00e9sence <strong data-start=\"4819\" data-end=\"4846\">pleine, fluide, vivante<\/strong> ?<\/p><p data-start=\"4852\" data-end=\"4884\">C\u2019est ce que nous allons voir.<\/p><p data-start=\"4886\" data-end=\"5025\">\ud83c\udf00 <strong data-start=\"4889\" data-end=\"4915\">Les m\u00e9moires du corps.<\/strong><br data-start=\"4915\" data-end=\"4918\" \/><br data-start=\"4965\" data-end=\"4968\" \/>\u26a1 <strong data-start=\"4970\" data-end=\"5023\">L\u2019\u00e9nergie que certains \u00e9v\u00e9nements figent en nous.<\/strong><\/p>\t\t\t\t\t\t\t\t<\/div>\n\t\t\t\t<\/div>\n\t\t\t\t<\/div>\n\t\t<div class=\"elementor-element elementor-element-fa38c3d e-con-full e-flex e-con e-child\" data-id=\"fa38c3d\" data-element_type=\"container\">\n\t\t\t\t<div class=\"elementor-element elementor-element-911c0b4 elementor-toc--minimized-on-tablet elementor-widget elementor-widget-table-of-contents\" data-id=\"911c0b4\" data-element_type=\"widget\" data-settings=\"{&quot;headings_by_tags&quot;:[&quot;h2&quot;,&quot;h3&quot;,&quot;h4&quot;],&quot;exclude_headings_by_selector&quot;:[],&quot;no_headings_message&quot;:&quot;Aucun titre n\\u2019a \\u00e9t\\u00e9 trouv\\u00e9 sur cette page.&quot;,&quot;marker_view&quot;:&quot;numbers&quot;,&quot;minimize_box&quot;:&quot;yes&quot;,&quot;minimized_on&quot;:&quot;tablet&quot;,&quot;hierarchical_view&quot;:&quot;yes&quot;,&quot;min_height&quot;:{&quot;unit&quot;:&quot;px&quot;,&quot;size&quot;:&quot;&quot;,&quot;sizes&quot;:[]},&quot;min_height_tablet&quot;:{&quot;unit&quot;:&quot;px&quot;,&quot;size&quot;:&quot;&quot;,&quot;sizes&quot;:[]},&quot;min_height_mobile&quot;:{&quot;unit&quot;:&quot;px&quot;,&quot;size&quot;:&quot;&quot;,&quot;sizes&quot;:[]}}\" data-widget_type=\"table-of-contents.default\">\n\t\t\t\t<div class=\"elementor-widget-container\">\n\t\t\t\t\t\t\t<div class=\"elementor-toc__header\">\n\t\t\t<h4 class=\"elementor-toc__header-title\">\n\t\t\t\tTable des mati\u00e8res\t\t\t<\/h4>\n\t\t\t\t\t\t\t<div class=\"elementor-toc__toggle-button elementor-toc__toggle-button--expand\" role=\"button\" tabindex=\"0\" aria-controls=\"elementor-toc__911c0b4\" aria-expanded=\"true\" aria-label=\"Ouvrir la table des mati\u00e8res\"><svg aria-hidden=\"true\" class=\"e-font-icon-svg e-fas-chevron-down\" viewBox=\"0 0 448 512\" xmlns=\"http:\/\/www.w3.org\/2000\/svg\"><path d=\"M207.029 381.476L12.686 187.132c-9.373-9.373-9.373-24.569 0-33.941l22.667-22.667c9.357-9.357 24.522-9.375 33.901-.04L224 284.505l154.745-154.021c9.379-9.335 24.544-9.317 33.901.04l22.667 22.667c9.373 9.373 9.373 24.569 0 33.941L240.971 381.476c-9.373 9.372-24.569 9.372-33.942 0z\"><\/path><\/svg><\/div>\n\t\t\t\t<div class=\"elementor-toc__toggle-button elementor-toc__toggle-button--collapse\" role=\"button\" tabindex=\"0\" aria-controls=\"elementor-toc__911c0b4\" aria-expanded=\"true\" aria-label=\"Fermer la table des mati\u00e8res\"><svg aria-hidden=\"true\" class=\"e-font-icon-svg e-fas-chevron-up\" viewBox=\"0 0 448 512\" xmlns=\"http:\/\/www.w3.org\/2000\/svg\"><path d=\"M240.971 130.524l194.343 194.343c9.373 9.373 9.373 24.569 0 33.941l-22.667 22.667c-9.357 9.357-24.522 9.375-33.901.04L224 227.495 69.255 381.516c-9.379 9.335-24.544 9.317-33.901-.04l-22.667-22.667c-9.373-9.373-9.373-24.569 0-33.941L207.03 130.525c9.372-9.373 24.568-9.373 33.941-.001z\"><\/path><\/svg><\/div>\n\t\t\t\t\t<\/div>\n\t\t<div id=\"elementor-toc__911c0b4\" class=\"elementor-toc__body\">\n\t\t\t<div class=\"elementor-toc__spinner-container\">\n\t\t\t\t<svg class=\"elementor-toc__spinner eicon-animation-spin e-font-icon-svg e-eicon-loading\" aria-hidden=\"true\" viewBox=\"0 0 1000 1000\" xmlns=\"http:\/\/www.w3.org\/2000\/svg\"><path d=\"M500 975V858C696 858 858 696 858 500S696 142 500 142 142 304 142 500H25C25 237 238 25 500 25S975 237 975 500 763 975 500 975Z\"><\/path><\/svg>\t\t\t<\/div>\n\t\t<\/div>\n\t\t\t\t\t\t<\/div>\n\t\t\t\t<\/div>\n\t\t\t\t<\/div>\n\t\t\t\t\t<\/div>\n\t\t\t\t<\/div>\n\t\t<div class=\"elementor-element elementor-element-bc30cd0 e-flex e-con-boxed e-con e-parent\" data-id=\"bc30cd0\" data-element_type=\"container\">\n\t\t\t\t\t<div class=\"e-con-inner\">\n\t\t\t\t<div class=\"elementor-element elementor-element-3540e75e elementor-widget elementor-widget-heading\" data-id=\"3540e75e\" data-element_type=\"widget\" data-widget_type=\"heading.default\">\n\t\t\t\t<div class=\"elementor-widget-container\">\n\t\t\t\t\t<h2 class=\"elementor-heading-title elementor-size-default\">\u00c9motions et \u00e9nergie : Quand le corps murmure ce que l\u2019esprit oublie<\/h2>\t\t\t\t<\/div>\n\t\t\t\t<\/div>\n\t\t\t\t<div class=\"elementor-element elementor-element-3e491e4b elementor-widget elementor-widget-text-editor\" data-id=\"3e491e4b\" data-element_type=\"widget\" data-widget_type=\"text-editor.default\">\n\t\t\t\t<div class=\"elementor-widget-container\">\n\t\t\t\t\t\t\t\t\t<p data-start=\"147\" data-end=\"504\">Il est fascinant de constater \u00e0 quel point <strong data-start=\"190\" data-end=\"214\">le corps se souvient<\/strong>.<br data-start=\"215\" data-end=\"218\" \/>L\u00e0 o\u00f9 l\u2019esprit <strong data-start=\"233\" data-end=\"264\">classe, oublie, rationalise<\/strong>, le corps, lui, <strong data-start=\"281\" data-end=\"310\">archive, imprime, murmure<\/strong>.<br data-start=\"311\" data-end=\"314\" \/>Une tension dans la nuque, une crispation dans l\u2019estomac, un souffle qui s\u2019\u00e9courte sans raison\u2026<br data-start=\"409\" data-end=\"412\" \/><strong data-start=\"412\" data-end=\"502\">Autant de signaux silencieux, autant de traces laiss\u00e9es par notre histoire int\u00e9rieure.<\/strong><\/p><p data-start=\"506\" data-end=\"764\">Les traditions anciennes parlent de chakras, d\u2019\u00e9nergie vitale, de circulation fluide ou entrav\u00e9e.<br data-start=\"607\" data-end=\"610\" \/>Les neurosciences, elles, explorent la m\u00e9moire corporelle, la r\u00e9gulation du syst\u00e8me nerveux, et le lien indissociable entre \u00e9motions et physiologie.<\/p><p data-start=\"766\" data-end=\"880\">Et entre ces deux approches ? <strong data-start=\"796\" data-end=\"878\">Un point de convergence : le corps enregistre \u00e0 diff\u00e9rents niveaux ce que l\u2019esprit tente d\u2019oublier.<\/strong><\/p><p data-start=\"882\" data-end=\"1010\"><strong>Le corps est une biblioth\u00e8que vivante qui ne dit mot.<\/strong><br data-start=\"928\" data-end=\"931\" \/>Chaque tension est une page tourn\u00e9e, chaque douleur un chapitre inachev\u00e9.<\/p><p data-start=\"1012\" data-end=\"1096\">Ce n\u2019est pas une vue de l\u2019esprit.<br data-start=\"1045\" data-end=\"1048\" \/><strong data-start=\"1048\" data-end=\"1094\">C\u2019est un fait, \u00e9tudi\u00e9, document\u00e9, \u00e9prouv\u00e9.<\/strong><\/p><h2 data-start=\"1130\" data-end=\"1171\"><strong data-start=\"1133\" data-end=\"1169\">\u00a0<\/strong><\/h2>\t\t\t\t\t\t\t\t<\/div>\n\t\t\t\t<\/div>\n\t\t\t\t\t<\/div>\n\t\t\t\t<\/div>\n\t\t<div class=\"elementor-element elementor-element-3ef5e94 e-flex e-con-boxed e-con e-parent\" data-id=\"3ef5e94\" data-element_type=\"container\" data-settings=\"{&quot;background_background&quot;:&quot;classic&quot;}\">\n\t\t\t\t\t<div class=\"e-con-inner\">\n\t\t<div class=\"elementor-element elementor-element-eafce00 e-con-full e-flex e-con e-child\" data-id=\"eafce00\" data-element_type=\"container\" data-settings=\"{&quot;background_background&quot;:&quot;classic&quot;}\">\n\t\t\t\t<div class=\"elementor-element elementor-element-5ebdcc39 elementor-widget elementor-widget-heading\" data-id=\"5ebdcc39\" data-element_type=\"widget\" data-widget_type=\"heading.default\">\n\t\t\t\t<div class=\"elementor-widget-container\">\n\t\t\t\t\t<h2 class=\"elementor-heading-title elementor-size-default\">Le corps, une m\u00e9moire vivante<\/h2>\t\t\t\t<\/div>\n\t\t\t\t<\/div>\n\t\t\t\t<div class=\"elementor-element elementor-element-65802e10 elementor-widget elementor-widget-text-editor\" data-id=\"65802e10\" data-element_type=\"widget\" data-widget_type=\"text-editor.default\">\n\t\t\t\t<div class=\"elementor-widget-container\">\n\t\t\t\t\t\t\t\t\t<p data-start=\"1173\" data-end=\"1571\">Imaginez un <strong data-start=\"1185\" data-end=\"1205\">jardin int\u00e9rieur<\/strong>, o\u00f9 chaque pens\u00e9e est une graine, chaque \u00e9motion une fleur, chaque souvenir un arbre.<br data-start=\"1291\" data-end=\"1294\" \/>Certains sont robustes et \u00e9clatants, d\u2019autres portent encore les marques des temp\u00eates pass\u00e9es. Quand l\u2019\u00e9nergie circule librement, <strong data-start=\"1424\" data-end=\"1448\">ce jardin s\u2019\u00e9panouit<\/strong>. Mais lorsqu\u2019un choc ou une tension s\u2019installe, certaines parties se figent, comme un ruisseau dont l\u2019eau ne coule plus.<\/p><ul data-start=\"1649\" data-end=\"1812\"><li data-start=\"1649\" data-end=\"1698\">Une \u00e9motion non exprim\u00e9e devient une tension.<\/li><li data-start=\"1699\" data-end=\"1743\">Un choc non \u00e9vacu\u00e9 laisse une empreinte.<\/li><li data-start=\"1744\" data-end=\"1812\">Un corps qui ne lib\u00e8re pas son stress finit par le cristalliser.<\/li><\/ul><p data-start=\"1814\" data-end=\"2023\">Les animaux sauvages, apr\u00e8s un danger, <strong data-start=\"1853\" data-end=\"1902\">tremblent et \u00e9vacuent naturellement le stress<\/strong>, puis reprennent leur vie sans s\u00e9quelle.<br data-start=\"1943\" data-end=\"1946\" \/>L\u2019humain, lui, souvent, <strong data-start=\"1961\" data-end=\"2020\">retient, bloque, emp\u00eache pour plein de raisons le cycle naturel de lib\u00e9ration<\/strong>.<\/p><p data-start=\"2025\" data-end=\"2129\">Mais verrouiller un flot d\u2019eau ne l\u2019emp\u00eache pas d\u2019exister\u2026<br data-start=\"2083\" data-end=\"2086\" \/>Il stagne, il d\u00e9borde, il use les parois.<\/p><p data-start=\"2131\" data-end=\"2202\">Et si nous permettions \u00e0 ce flux de retrouver son mouvement naturel ?<\/p><p data-start=\"4930\" data-end=\"5034\">\u00a0<\/p>\t\t\t\t\t\t\t\t<\/div>\n\t\t\t\t<\/div>\n\t\t\t\t<\/div>\n\t\t<div class=\"elementor-element elementor-element-4e0b108 e-con-full e-flex e-con e-child\" data-id=\"4e0b108\" data-element_type=\"container\">\n\t\t\t\t<div class=\"elementor-element elementor-element-9a67986 elementor-widget elementor-widget-image\" data-id=\"9a67986\" data-element_type=\"widget\" data-widget_type=\"image.default\">\n\t\t\t\t<div class=\"elementor-widget-container\">\n\t\t\t\t\t\t\t\t\t\t\t\t\t\t\t<img loading=\"lazy\" decoding=\"async\" width=\"300\" height=\"300\" src=\"https:\/\/www.hypnoseetpierres-sebastienlanotte.com\/wp-content\/uploads\/2025\/02\/amethhsnet1-300x300.png\" class=\"attachment-medium size-medium wp-image-1549\" alt=\"am\u00e9thys, l&#039;avatar intuitif et m\u00e9ditatif du blog, inspir\u00e9 d&#039;une am\u00e9thyste, vaporeuse, f\u00e9minine, flottante violette\" srcset=\"https:\/\/www.hypnoseetpierres-sebastienlanotte.com\/wp-content\/uploads\/2025\/02\/amethhsnet1-300x300.png 300w, https:\/\/www.hypnoseetpierres-sebastienlanotte.com\/wp-content\/uploads\/2025\/02\/amethhsnet1-150x150.png 150w, https:\/\/www.hypnoseetpierres-sebastienlanotte.com\/wp-content\/uploads\/2025\/02\/amethhsnet1.png 500w\" sizes=\"(max-width: 300px) 100vw, 300px\" \/>\t\t\t\t\t\t\t\t\t\t\t\t\t\t\t<\/div>\n\t\t\t\t<\/div>\n\t\t\t\t<div class=\"elementor-element elementor-element-83cc700 elementor-widget elementor-widget-text-editor\" data-id=\"83cc700\" data-element_type=\"widget\" data-widget_type=\"text-editor.default\">\n\t\t\t\t<div class=\"elementor-widget-container\">\n\t\t\t\t\t\t\t\t\t<p>Tout doucement\u2026 Juste prendre le temps. Laisser l\u2019immobile retrouver son rythme, l\u2019oubli\u00e9 se souvenir du courant. Ce qui semble fig\u00e9 ne l\u2019est jamais vraiment\u2026 Il attend. Un souffle, une onde, une respiration\u2026 et voil\u00e0 le pr\u00e9sent qui, dans l\u2019instant, redevient mouvement. Tout doucement\u2026<\/p>\t\t\t\t\t\t\t\t<\/div>\n\t\t\t\t<\/div>\n\t\t\t\t<\/div>\n\t\t\t\t\t<\/div>\n\t\t\t\t<\/div>\n\t\t<div class=\"elementor-element elementor-element-ab9a2f7 e-flex e-con-boxed e-con e-parent\" data-id=\"ab9a2f7\" data-element_type=\"container\">\n\t\t\t\t\t<div class=\"e-con-inner\">\n\t\t\t\t<div class=\"elementor-element elementor-element-b6f51f3 elementor-widget elementor-widget-heading\" data-id=\"b6f51f3\" data-element_type=\"widget\" data-widget_type=\"heading.default\">\n\t\t\t\t<div class=\"elementor-widget-container\">\n\t\t\t\t\t<h2 class=\"elementor-heading-title elementor-size-default\">Techniques efficaces lib\u00e9rer les \u00e9motions fig\u00e9es dans le corps<\/h2>\t\t\t\t<\/div>\n\t\t\t\t<\/div>\n\t\t\t\t\t<\/div>\n\t\t\t\t<\/div>\n\t\t<div class=\"elementor-element elementor-element-b9f9dd3 e-flex e-con-boxed e-con e-parent\" data-id=\"b9f9dd3\" data-element_type=\"container\">\n\t\t\t\t\t<div class=\"e-con-inner\">\n\t\t<div class=\"elementor-element elementor-element-b743bf8 e-con-full e-flex e-con e-child\" data-id=\"b743bf8\" data-element_type=\"container\">\n\t\t\t\t<div class=\"elementor-element elementor-element-8579214 elementor-widget elementor-widget-heading\" data-id=\"8579214\" data-element_type=\"widget\" data-widget_type=\"heading.default\">\n\t\t\t\t<div class=\"elementor-widget-container\">\n\t\t\t\t\t<h3 class=\"elementor-heading-title elementor-size-default\">La respiration : ce mouvement simple mais essentiel qui fa\u00e7onne notre bien-\u00eatre<\/h3>\t\t\t\t<\/div>\n\t\t\t\t<\/div>\n\t\t\t\t<div class=\"elementor-element elementor-element-ba4107e elementor-widget elementor-widget-text-editor\" data-id=\"ba4107e\" data-element_type=\"widget\" data-widget_type=\"text-editor.default\">\n\t\t\t\t<div class=\"elementor-widget-container\">\n\t\t\t\t\t\t\t\t\t<p data-start=\"103\" data-end=\"316\"><strong>Respirer. Un geste automatique, banal\u2026<\/strong> et pourtant, il change tout. Un simple souffle peut transformer notre \u00e9tat d\u2019esprit, calmer le corps, r\u00e9\u00e9quilibrer nos \u00e9motions. Ce mouvement vital, essentiel et souvent n\u00e9glig\u00e9, fa\u00e7onne notre bien-\u00eatre au quotidien.<\/p><p data-start=\"103\" data-end=\"316\"><br data-start=\"212\" data-end=\"215\" \/>Lorsque des \u00e9motions fortes marquent le corps, elles le font notamment <strong data-start=\"389\" data-end=\"438\">\u00e0 travers le syst\u00e8me nerveux et le nerf vague<\/strong> (j\u2019en parle plus bas dans cet article).<br data-start=\"478\" data-end=\"481\" \/>La respiration est l\u2019un des meilleurs moyens <strong data-start=\"526\" data-end=\"568\">d\u2019agir sur ce syst\u00e8me nerveux autonome<\/strong>.<\/p><p data-start=\"573\" data-end=\"875\">Et cela n\u2019a rien de nouveau. Depuis toujours, <strong data-start=\"619\" data-end=\"731\">l\u2019humain utilise la respiration pour modifier ses \u00e9tats internes et acc\u00e9der \u00e0 d\u2019autres niveaux de conscience<\/strong>.<br data-start=\"732\" data-end=\"735\" \/>Aujourd\u2019hui, les neurosciences <strong data-start=\"766\" data-end=\"798\">valident ce savoir ancestral<\/strong> : la respiration a un <strong data-start=\"821\" data-end=\"872\">impact direct sur notre \u00e9tat mental et physique<\/strong>.<\/p><p data-start=\"877\" data-end=\"1040\">Je ne vais pas d\u00e9tailler ici une m\u00e9thode en particulier.<br data-start=\"933\" data-end=\"936\" \/>Il en existe <strong data-start=\"949\" data-end=\"990\">de nombreuses, accessibles sur le net<\/strong> : il suffit de trouver celle qui vous convient.<\/p><p data-start=\"1042\" data-end=\"1202\">Mais une chose est certaine : <strong data-start=\"1072\" data-end=\"1155\">5 minutes de respiration consciente par jour peuvent r\u00e9ellement changer une vie<\/strong>.<br data-start=\"1156\" data-end=\"1159\" \/><strong data-start=\"1159\" data-end=\"1200\">Je vous le confirme par l\u2019exp\u00e9rience.<\/strong><\/p>\t\t\t\t\t\t\t\t<\/div>\n\t\t\t\t<\/div>\n\t\t\t\t<\/div>\n\t\t<div class=\"elementor-element elementor-element-df3794b e-con-full e-flex e-con e-child\" data-id=\"df3794b\" data-element_type=\"container\">\n\t\t\t\t<div class=\"elementor-element elementor-element-a8badc5 elementor-widget elementor-widget-image\" data-id=\"a8badc5\" data-element_type=\"widget\" data-widget_type=\"image.default\">\n\t\t\t\t<div class=\"elementor-widget-container\">\n\t\t\t\t\t\t\t\t\t\t\t\t\t\t\t<img loading=\"lazy\" decoding=\"async\" width=\"800\" height=\"800\" src=\"https:\/\/www.hypnoseetpierres-sebastienlanotte.com\/wp-content\/uploads\/2025\/02\/lhomme-qui-respire-1024x1024.jpg\" class=\"attachment-large size-large wp-image-2299\" alt=\"\" srcset=\"https:\/\/www.hypnoseetpierres-sebastienlanotte.com\/wp-content\/uploads\/2025\/02\/lhomme-qui-respire-1024x1024.jpg 1024w, https:\/\/www.hypnoseetpierres-sebastienlanotte.com\/wp-content\/uploads\/2025\/02\/lhomme-qui-respire-300x300.jpg 300w, https:\/\/www.hypnoseetpierres-sebastienlanotte.com\/wp-content\/uploads\/2025\/02\/lhomme-qui-respire-150x150.jpg 150w, https:\/\/www.hypnoseetpierres-sebastienlanotte.com\/wp-content\/uploads\/2025\/02\/lhomme-qui-respire-768x768.jpg 768w, https:\/\/www.hypnoseetpierres-sebastienlanotte.com\/wp-content\/uploads\/2025\/02\/lhomme-qui-respire-1536x1536.jpg 1536w, https:\/\/www.hypnoseetpierres-sebastienlanotte.com\/wp-content\/uploads\/2025\/02\/lhomme-qui-respire.jpg 1792w\" sizes=\"(max-width: 800px) 100vw, 800px\" \/>\t\t\t\t\t\t\t\t\t\t\t\t\t\t\t<\/div>\n\t\t\t\t<\/div>\n\t\t\t\t<\/div>\n\t\t\t\t\t<\/div>\n\t\t\t\t<\/div>\n\t\t<div class=\"elementor-element elementor-element-da9657e e-flex e-con-boxed e-con e-parent\" data-id=\"da9657e\" data-element_type=\"container\">\n\t\t\t\t\t<div class=\"e-con-inner\">\n\t\t\t\t<div class=\"elementor-element elementor-element-3f52142 elementor-widget elementor-widget-heading\" data-id=\"3f52142\" data-element_type=\"widget\" data-widget_type=\"heading.default\">\n\t\t\t\t<div class=\"elementor-widget-container\">\n\t\t\t\t\t<h3 class=\"elementor-heading-title elementor-size-default\">Le corps, reflet de notre \u00e9tat int\u00e9rieur<\/h3>\t\t\t\t<\/div>\n\t\t\t\t<\/div>\n\t\t\t\t<div class=\"elementor-element elementor-element-878e34a elementor-widget elementor-widget-text-editor\" data-id=\"878e34a\" data-element_type=\"widget\" data-widget_type=\"text-editor.default\">\n\t\t\t\t<div class=\"elementor-widget-container\">\n\t\t\t\t\t\t\t\t\t<p data-start=\"192\" data-end=\"399\">Notre <strong data-start=\"198\" data-end=\"220\">posture corporelle<\/strong> refl\u00e8te souvent <strong data-start=\"237\" data-end=\"259\">notre \u00e9tat interne<\/strong>.<br data-start=\"260\" data-end=\"263\" \/>La mani\u00e8re dont nous nous <strong data-start=\"289\" data-end=\"299\">tenons<\/strong>, dont notre corps est <strong data-start=\"322\" data-end=\"347\">en tension ou d\u00e9tendu<\/strong>, est <strong data-start=\"353\" data-end=\"396\">l\u2019\u00e9manation de notre \u00e9nergie int\u00e9rieure<\/strong>.<\/p><p data-start=\"401\" data-end=\"585\">Tout comme la respiration, la posture <strong data-start=\"439\" data-end=\"458\">n\u2019est pas fig\u00e9e<\/strong>.<br data-start=\"459\" data-end=\"462\" \/>Nous pouvons, \u00e0 tout moment, <strong data-start=\"491\" data-end=\"544\">influencer notre posture et rel\u00e2cher les tensions<\/strong> pour <strong data-start=\"550\" data-end=\"582\">r\u00e9guler notre \u00e9tat int\u00e9rieur<\/strong>.<\/p><p data-start=\"587\" data-end=\"756\">Avez-vous d\u00e9j\u00e0 entendu quelqu\u2019un dire <em data-start=\"625\" data-end=\"649\">\u00ab\u00a0J\u2019en ai plein le dos\u00a0\u00bb<\/em> ?<br data-start=\"651\" data-end=\"654\" \/>Souvent, cette personne est <strong data-start=\"682\" data-end=\"692\">vo\u00fbt\u00e9e<\/strong>, comme si elle portait <strong data-start=\"716\" data-end=\"737\">le poids du monde<\/strong> sur ses \u00e9paules.<\/p><p data-start=\"758\" data-end=\"949\">Si elle fait l\u2019effort de <strong data-start=\"783\" data-end=\"799\">se redresser<\/strong>, cela influencera <strong data-start=\"818\" data-end=\"840\">son \u00e9tat int\u00e9rieur<\/strong>.<br data-start=\"841\" data-end=\"844\" \/>Ce n\u2019est <strong data-start=\"853\" data-end=\"871\">pas un miracle<\/strong>, et cela <strong data-start=\"881\" data-end=\"914\">ne se fait pas en une seconde<\/strong>, mais <strong data-start=\"921\" data-end=\"946\">cela a un impact r\u00e9el<\/strong>.<\/p><p data-start=\"951\" data-end=\"1146\">Essayez par vous-m\u00eame :<br data-start=\"974\" data-end=\"977\" \/>Adoptez chaque matin <strong data-start=\"998\" data-end=\"1024\">une posture de gagnant<\/strong>, bien ancr\u00e9, ouvert, le regard droit devant.<br data-start=\"1069\" data-end=\"1072\" \/>Vous verrez, <strong data-start=\"1085\" data-end=\"1143\">cela change la mani\u00e8re dont vous abordez votre journ\u00e9e<\/strong>.<\/p><p data-start=\"1148\" data-end=\"1412\">Les <strong data-start=\"1152\" data-end=\"1216\">\u00e9motions ne sont pas uniquement psychologiques ou cognitives<\/strong>, elles sont aussi <strong data-start=\"1235\" data-end=\"1250\">corporelles<\/strong>.<br data-start=\"1251\" data-end=\"1254\" \/>Lorsqu\u2019une \u00e9motion <strong data-start=\"1273\" data-end=\"1295\">n\u2019est pas exprim\u00e9e<\/strong>, elle peut <strong data-start=\"1307\" data-end=\"1333\">se figer dans le corps<\/strong>, modifiant <strong data-start=\"1345\" data-end=\"1409\">notre posture, notre respiration et nos sensations physiques<\/strong>.<\/p>\t\t\t\t\t\t\t\t<\/div>\n\t\t\t\t<\/div>\n\t\t\t\t\t<\/div>\n\t\t\t\t<\/div>\n\t\t<div class=\"elementor-element elementor-element-c3579bf e-flex e-con-boxed e-con e-parent\" data-id=\"c3579bf\" data-element_type=\"container\">\n\t\t\t\t\t<div class=\"e-con-inner\">\n\t\t<div class=\"elementor-element elementor-element-fbcc347 e-con-full e-flex e-con e-child\" data-id=\"fbcc347\" data-element_type=\"container\">\n\t\t\t\t<div class=\"elementor-element elementor-element-9e0bb47 elementor-widget elementor-widget-heading\" data-id=\"9e0bb47\" data-element_type=\"widget\" data-widget_type=\"heading.default\">\n\t\t\t\t<div class=\"elementor-widget-container\">\n\t\t\t\t\t<h2 class=\"elementor-heading-title elementor-size-default\">Prendre conscience du corps : le scan corporel<\/h2>\t\t\t\t<\/div>\n\t\t\t\t<\/div>\n\t\t\t\t<div class=\"elementor-element elementor-element-8ca9e8b elementor-widget elementor-widget-text-editor\" data-id=\"8ca9e8b\" data-element_type=\"widget\" data-widget_type=\"text-editor.default\">\n\t\t\t\t<div class=\"elementor-widget-container\">\n\t\t\t\t\t\t\t\t\t<p data-start=\"913\" data-end=\"1056\">\u2714\ufe0f <strong data-start=\"916\" data-end=\"935\">Fermez les yeux<\/strong> et balayez mentalement votre corps.<br data-start=\"971\" data-end=\"974\" \/>Prenez simplement le temps d\u2019observer, sans chercher \u00e0 changer quoi que ce soit.<\/p><p data-start=\"1058\" data-end=\"1246\">\u2714\ufe0f <strong data-start=\"1061\" data-end=\"1093\">Rep\u00e9rez les zones de tension<\/strong> et posez votre attention dessus.<br data-start=\"1126\" data-end=\"1129\" \/>Lorsque nous portons consciemment notre regard int\u00e9rieur sur une zone crisp\u00e9e, elle commence souvent \u00e0 se rel\u00e2cher.<\/p><p data-start=\"1248\" data-end=\"1392\">\u2714\ufe0f <strong data-start=\"1251\" data-end=\"1306\">Alternez entre une zone tendue et une zone agr\u00e9able<\/strong>.<br data-start=\"1307\" data-end=\"1310\" \/>Cela permet de <strong data-start=\"1325\" data-end=\"1347\">cr\u00e9er un \u00e9quilibre<\/strong> et d\u2019encourager un rel\u00e2chement progressif.<\/p><p data-start=\"1394\" data-end=\"1504\">Le simple fait de <strong data-start=\"1412\" data-end=\"1455\">prendre conscience de son \u00e9tat corporel<\/strong> peut d\u00e9j\u00e0 <strong data-start=\"1466\" data-end=\"1501\">diminuer la charge \u00e9motionnelle<\/strong>.<\/p>\t\t\t\t\t\t\t\t<\/div>\n\t\t\t\t<\/div>\n\t\t\t\t<\/div>\n\t\t<div class=\"elementor-element elementor-element-387cb03 e-con-full e-flex e-con e-child\" data-id=\"387cb03\" data-element_type=\"container\">\n\t\t\t\t<div class=\"elementor-element elementor-element-571a9bc elementor-widget elementor-widget-image\" data-id=\"571a9bc\" data-element_type=\"widget\" data-widget_type=\"image.default\">\n\t\t\t\t<div class=\"elementor-widget-container\">\n\t\t\t\t\t\t\t\t\t\t\t\t\t\t\t<img loading=\"lazy\" decoding=\"async\" width=\"800\" height=\"800\" src=\"https:\/\/www.hypnoseetpierres-sebastienlanotte.com\/wp-content\/uploads\/2025\/02\/symbolic_body_scan.png\" class=\"attachment-large size-large wp-image-2303\" alt=\"\" srcset=\"https:\/\/www.hypnoseetpierres-sebastienlanotte.com\/wp-content\/uploads\/2025\/02\/symbolic_body_scan.png 1024w, https:\/\/www.hypnoseetpierres-sebastienlanotte.com\/wp-content\/uploads\/2025\/02\/symbolic_body_scan-300x300.png 300w, https:\/\/www.hypnoseetpierres-sebastienlanotte.com\/wp-content\/uploads\/2025\/02\/symbolic_body_scan-150x150.png 150w, https:\/\/www.hypnoseetpierres-sebastienlanotte.com\/wp-content\/uploads\/2025\/02\/symbolic_body_scan-768x768.png 768w\" sizes=\"(max-width: 800px) 100vw, 800px\" \/>\t\t\t\t\t\t\t\t\t\t\t\t\t\t\t<\/div>\n\t\t\t\t<\/div>\n\t\t\t\t<\/div>\n\t\t<div class=\"elementor-element elementor-element-93dd13e e-con-full e-flex e-con e-child\" data-id=\"93dd13e\" data-element_type=\"container\">\n\t\t\t\t<div class=\"elementor-element elementor-element-47b9cf8 elementor-widget elementor-widget-image\" data-id=\"47b9cf8\" data-element_type=\"widget\" data-widget_type=\"image.default\">\n\t\t\t\t<div class=\"elementor-widget-container\">\n\t\t\t\t\t\t\t\t\t\t\t\t\t\t\t<img loading=\"lazy\" decoding=\"async\" width=\"800\" height=\"800\" src=\"https:\/\/www.hypnoseetpierres-sebastienlanotte.com\/wp-content\/uploads\/2025\/02\/Leonardo_Kino_XL_A_minimalist_and_symbolic_digital_illustratio_1-1024x1024.jpg\" class=\"attachment-large size-large wp-image-2304\" alt=\"l&#039;image d&#039;un chien qui se secoue pour \u00e9vacuer ses \u00e9motions\" srcset=\"https:\/\/www.hypnoseetpierres-sebastienlanotte.com\/wp-content\/uploads\/2025\/02\/Leonardo_Kino_XL_A_minimalist_and_symbolic_digital_illustratio_1-1024x1024.jpg 1024w, https:\/\/www.hypnoseetpierres-sebastienlanotte.com\/wp-content\/uploads\/2025\/02\/Leonardo_Kino_XL_A_minimalist_and_symbolic_digital_illustratio_1-300x300.jpg 300w, https:\/\/www.hypnoseetpierres-sebastienlanotte.com\/wp-content\/uploads\/2025\/02\/Leonardo_Kino_XL_A_minimalist_and_symbolic_digital_illustratio_1-150x150.jpg 150w, https:\/\/www.hypnoseetpierres-sebastienlanotte.com\/wp-content\/uploads\/2025\/02\/Leonardo_Kino_XL_A_minimalist_and_symbolic_digital_illustratio_1-768x768.jpg 768w, https:\/\/www.hypnoseetpierres-sebastienlanotte.com\/wp-content\/uploads\/2025\/02\/Leonardo_Kino_XL_A_minimalist_and_symbolic_digital_illustratio_1-1536x1536.jpg 1536w, https:\/\/www.hypnoseetpierres-sebastienlanotte.com\/wp-content\/uploads\/2025\/02\/Leonardo_Kino_XL_A_minimalist_and_symbolic_digital_illustratio_1.jpg 1792w\" sizes=\"(max-width: 800px) 100vw, 800px\" \/>\t\t\t\t\t\t\t\t\t\t\t\t\t\t\t<\/div>\n\t\t\t\t<\/div>\n\t\t\t\t<\/div>\n\t\t<div class=\"elementor-element elementor-element-5e0811d e-con-full e-flex e-con e-child\" data-id=\"5e0811d\" data-element_type=\"container\">\n\t\t\t\t<div class=\"elementor-element elementor-element-f45c059 elementor-widget elementor-widget-heading\" data-id=\"f45c059\" data-element_type=\"widget\" data-widget_type=\"heading.default\">\n\t\t\t\t<div class=\"elementor-widget-container\">\n\t\t\t\t\t<h3 class=\"elementor-heading-title elementor-size-default\">Les tremblements naturels (TRE)<\/h3>\t\t\t\t<\/div>\n\t\t\t\t<\/div>\n\t\t\t\t<div class=\"elementor-element elementor-element-9e7eec0 elementor-widget elementor-widget-text-editor\" data-id=\"9e7eec0\" data-element_type=\"widget\" data-widget_type=\"text-editor.default\">\n\t\t\t\t<div class=\"elementor-widget-container\">\n\t\t\t\t\t\t\t\t\t<p data-start=\"1554\" data-end=\"1726\">\u2714\ufe0f <strong data-start=\"1557\" data-end=\"1599\">Laissez vos jambes trembler l\u00e9g\u00e8rement<\/strong>, comme si elles vibraient naturellement.<br data-start=\"1640\" data-end=\"1643\" \/>Ce tremblement involontaire est un <strong data-start=\"1678\" data-end=\"1723\">m\u00e9canisme naturel de lib\u00e9ration du stress<\/strong>.<\/p><p data-start=\"1728\" data-end=\"1823\">\u2714\ufe0f Cette pratique aide \u00e0 <strong data-start=\"1753\" data-end=\"1800\">\u00e9vacuer les blocages nerveux et musculaires<\/strong>, sans effort mental.<\/p><p data-start=\"1825\" data-end=\"2139\">Les animaux utilisent <strong data-start=\"1847\" data-end=\"1866\">instinctivement<\/strong> cette m\u00e9thode apr\u00e8s un stress : un cerf, apr\u00e8s avoir \u00e9chapp\u00e9 \u00e0 un pr\u00e9dateur, <strong data-start=\"1944\" data-end=\"1971\">tremblera naturellement<\/strong> avant de repartir comme si de rien n\u2019\u00e9tait.<br data-start=\"2015\" data-end=\"2018\" \/>Nous, humains, avons tendance \u00e0 <strong data-start=\"2050\" data-end=\"2072\">bloquer ce r\u00e9flexe<\/strong>, alors qu\u2019il est essentiel pour <strong data-start=\"2105\" data-end=\"2136\">\u00e9vacuer l\u2019\u00e9nergie accumul\u00e9e<\/strong>.<\/p><p>.<\/p>\t\t\t\t\t\t\t\t<\/div>\n\t\t\t\t<\/div>\n\t\t\t\t<\/div>\n\t\t\t\t\t<\/div>\n\t\t\t\t<\/div>\n\t\t<div class=\"elementor-element elementor-element-b0b5c89 e-flex e-con-boxed e-con e-parent\" data-id=\"b0b5c89\" data-element_type=\"container\">\n\t\t\t\t\t<div class=\"e-con-inner\">\n\t\t<div class=\"elementor-element elementor-element-0e1649e e-con-full e-flex e-con e-child\" data-id=\"0e1649e\" data-element_type=\"container\">\n\t\t\t\t<div class=\"elementor-element elementor-element-5dffc16 elementor-widget elementor-widget-heading\" data-id=\"5dffc16\" data-element_type=\"widget\" data-widget_type=\"heading.default\">\n\t\t\t\t<div class=\"elementor-widget-container\">\n\t\t\t\t\t<h3 class=\"elementor-heading-title elementor-size-default\">L\u2019auto-massage et la pression des points<\/h3>\t\t\t\t<\/div>\n\t\t\t\t<\/div>\n\t\t\t\t<div class=\"elementor-element elementor-element-fa5ac78 elementor-widget elementor-widget-text-editor\" data-id=\"fa5ac78\" data-element_type=\"widget\" data-widget_type=\"text-editor.default\">\n\t\t\t\t<div class=\"elementor-widget-container\">\n\t\t\t\t\t\t\t\t\t<p data-start=\"2198\" data-end=\"2480\">\u2714\ufe0f <strong data-start=\"2201\" data-end=\"2248\">Tapotez doucement la poitrine et le sternum<\/strong>, pour rel\u00e2cher les tensions \u00e9motionnelles.<br data-start=\"2291\" data-end=\"2294\" \/>\u2714\ufe0f <strong data-start=\"2297\" data-end=\"2338\">Massez le ventre et le plexus solaire<\/strong>, zones cl\u00e9s du stress et des \u00e9motions.<br data-start=\"2377\" data-end=\"2380\" \/>\u2714\ufe0f\u00a0<strong data-start=\"2383\" data-end=\"2447\">Appliquez une pression douce sur l\u2019espace entre les sourcils.<\/strong> <br \/>\u2714\ufe0f <strong>Prendre soin de toute zone en tension<\/strong> rep\u00e9r\u00e9e ou mise en \u00e9vidence gr\u00e2ce au scan corporel par exemple.<\/p><p data-start=\"2482\" data-end=\"2737\">Nous avons souvent <strong data-start=\"2501\" data-end=\"2543\">peu de contact avec notre propre corps<\/strong>, si ce n\u2019est dans des contextes fonctionnels (se laver, s\u2019habiller).<br data-start=\"2612\" data-end=\"2615\" \/>Prendre quelques minutes pour <strong data-start=\"2645\" data-end=\"2689\">se masser, se toucher avec bienveillance<\/strong>, c\u2019est un acte de <strong data-start=\"2708\" data-end=\"2734\">reconnexion et de soin<\/strong>.<\/p><p data-start=\"2739\" data-end=\"2844\">Prendre ce temps, c\u2019est envoyer un message clair \u00e0 soi-m\u00eame :<br data-start=\"2800\" data-end=\"2803\" \/><em data-start=\"2803\" data-end=\"2842\">\u00ab\u00a0Je t\u2019\u00e9coute. Je prends soin de toi.\u00a0\u00bb<\/em><\/p>\t\t\t\t\t\t\t\t<\/div>\n\t\t\t\t<\/div>\n\t\t\t\t<\/div>\n\t\t<div class=\"elementor-element elementor-element-1659c3a e-con-full e-flex e-con e-child\" data-id=\"1659c3a\" data-element_type=\"container\">\n\t\t\t\t<div class=\"elementor-element elementor-element-8cf8d6c elementor-widget elementor-widget-image\" data-id=\"8cf8d6c\" data-element_type=\"widget\" data-widget_type=\"image.default\">\n\t\t\t\t<div class=\"elementor-widget-container\">\n\t\t\t\t\t\t\t\t\t\t\t\t\t\t\t<img loading=\"lazy\" decoding=\"async\" width=\"800\" height=\"800\" src=\"https:\/\/www.hypnoseetpierres-sebastienlanotte.com\/wp-content\/uploads\/2025\/02\/Allez-secoue-toi-un-peu-Tes-tout-anguleux-tout-rigide.-1.png\" class=\"attachment-large size-large wp-image-2318\" alt=\"am\u00e9thys propose \u00e0 cubs de se secouer pour \u00e9vacuer ses \u00e9motions\" srcset=\"https:\/\/www.hypnoseetpierres-sebastienlanotte.com\/wp-content\/uploads\/2025\/02\/Allez-secoue-toi-un-peu-Tes-tout-anguleux-tout-rigide.-1.png 1024w, https:\/\/www.hypnoseetpierres-sebastienlanotte.com\/wp-content\/uploads\/2025\/02\/Allez-secoue-toi-un-peu-Tes-tout-anguleux-tout-rigide.-1-300x300.png 300w, https:\/\/www.hypnoseetpierres-sebastienlanotte.com\/wp-content\/uploads\/2025\/02\/Allez-secoue-toi-un-peu-Tes-tout-anguleux-tout-rigide.-1-150x150.png 150w, https:\/\/www.hypnoseetpierres-sebastienlanotte.com\/wp-content\/uploads\/2025\/02\/Allez-secoue-toi-un-peu-Tes-tout-anguleux-tout-rigide.-1-768x768.png 768w\" sizes=\"(max-width: 800px) 100vw, 800px\" \/>\t\t\t\t\t\t\t\t\t\t\t\t\t\t\t<\/div>\n\t\t\t\t<\/div>\n\t\t\t\t<\/div>\n\t\t<div class=\"elementor-element elementor-element-1ac47c7 e-con-full e-flex e-con e-child\" data-id=\"1ac47c7\" data-element_type=\"container\">\n\t\t\t\t<div class=\"elementor-element elementor-element-d5bca3a elementor-widget elementor-widget-image\" data-id=\"d5bca3a\" data-element_type=\"widget\" data-widget_type=\"image.default\">\n\t\t\t\t<div class=\"elementor-widget-container\">\n\t\t\t\t\t\t\t\t\t\t\t\t\t\t\t<img loading=\"lazy\" decoding=\"async\" width=\"800\" height=\"800\" src=\"https:\/\/www.hypnoseetpierres-sebastienlanotte.com\/wp-content\/uploads\/2025\/02\/Ajouter-des-lignes-dans-le-corps-du-texte-9.png\" class=\"attachment-large size-large wp-image-2319\" alt=\"cubs refuse de se se couer pour \u00e9vacuer ces \u00e9motions\" srcset=\"https:\/\/www.hypnoseetpierres-sebastienlanotte.com\/wp-content\/uploads\/2025\/02\/Ajouter-des-lignes-dans-le-corps-du-texte-9.png 1024w, https:\/\/www.hypnoseetpierres-sebastienlanotte.com\/wp-content\/uploads\/2025\/02\/Ajouter-des-lignes-dans-le-corps-du-texte-9-300x300.png 300w, https:\/\/www.hypnoseetpierres-sebastienlanotte.com\/wp-content\/uploads\/2025\/02\/Ajouter-des-lignes-dans-le-corps-du-texte-9-150x150.png 150w, https:\/\/www.hypnoseetpierres-sebastienlanotte.com\/wp-content\/uploads\/2025\/02\/Ajouter-des-lignes-dans-le-corps-du-texte-9-768x768.png 768w\" sizes=\"(max-width: 800px) 100vw, 800px\" \/>\t\t\t\t\t\t\t\t\t\t\t\t\t\t\t<\/div>\n\t\t\t\t<\/div>\n\t\t\t\t<\/div>\n\t\t<div class=\"elementor-element elementor-element-df13a15 e-con-full e-flex e-con e-child\" data-id=\"df13a15\" data-element_type=\"container\">\n\t\t\t\t<div class=\"elementor-element elementor-element-93b351c elementor-widget elementor-widget-heading\" data-id=\"93b351c\" data-element_type=\"widget\" data-widget_type=\"heading.default\">\n\t\t\t\t<div class=\"elementor-widget-container\">\n\t\t\t\t\t<h3 class=\"elementor-heading-title elementor-size-default\">Remettre du mouvement, remettre de la vie<\/h3>\t\t\t\t<\/div>\n\t\t\t\t<\/div>\n\t\t\t\t<div class=\"elementor-element elementor-element-85a3cb1 elementor-widget elementor-widget-text-editor\" data-id=\"85a3cb1\" data-element_type=\"widget\" data-widget_type=\"text-editor.default\">\n\t\t\t\t<div class=\"elementor-widget-container\">\n\t\t\t\t\t\t\t\t\t<p data-start=\"2903\" data-end=\"3182\">Le mouvement est <strong data-start=\"2920\" data-end=\"2933\">essentiel<\/strong>.<br data-start=\"2934\" data-end=\"2937\" \/>La vie <strong data-start=\"2944\" data-end=\"2961\">est mouvement<\/strong> : le corps <strong data-start=\"2973\" data-end=\"2984\">respire<\/strong>, le sang <strong data-start=\"2994\" data-end=\"3005\">circule<\/strong>, les pens\u00e9es <strong data-start=\"3019\" data-end=\"3030\">passent<\/strong>.<br data-start=\"3031\" data-end=\"3034\" \/>Mais parfois, certaines <strong data-start=\"3058\" data-end=\"3077\">zones se figent<\/strong>, que ce soit par le stress, un choc \u00e9motionnel ou simplement l\u2019accumulation des tensions quotidiennes.<\/p><p data-start=\"3184\" data-end=\"3260\">Remettre du mouvement, c\u2019est <strong data-start=\"3213\" data-end=\"3257\">remettre de la vie dans ces zones fig\u00e9es<\/strong>.<\/p><p data-start=\"3262\" data-end=\"3430\">\u2714\ufe0f <strong data-start=\"3265\" data-end=\"3289\">La marche consciente<\/strong><br data-start=\"3289\" data-end=\"3292\" \/>Marchez en portant attention \u00e0 <strong data-start=\"3323\" data-end=\"3365\">vos pas, votre souffle, vos sensations<\/strong>. Chaque pas peut devenir <strong data-start=\"3391\" data-end=\"3404\">une ancre<\/strong> vers l\u2019instant pr\u00e9sent.<\/p><p data-start=\"3432\" data-end=\"3640\">\u2714\ufe0f <strong data-start=\"3435\" data-end=\"3453\">La danse libre<\/strong><br data-start=\"3453\" data-end=\"3456\" \/>Mettez de la musique et <strong data-start=\"3480\" data-end=\"3524\">laissez votre corps bouger naturellement<\/strong>, sans chercher \u00e0 contr\u00f4ler.<br data-start=\"3552\" data-end=\"3555\" \/>Le simple fait de <strong data-start=\"3573\" data-end=\"3599\">bouger sans contrainte<\/strong> aide \u00e0 lib\u00e9rer les tensions profondes.<\/p><p data-start=\"3642\" data-end=\"3835\">\u2714\ufe0f <strong data-start=\"3645\" data-end=\"3701\">Le yoga doux, le tai chi ou des pratiques similaires<\/strong><br data-start=\"3701\" data-end=\"3704\" \/>Ces disciplines encouragent <strong data-start=\"3732\" data-end=\"3763\">un mouvement lent et fluide<\/strong>, permettant de <strong data-start=\"3779\" data-end=\"3832\">r\u00e9habituer le corps \u00e0 la souplesse et \u00e0 l\u2019ancrage<\/strong>.<br \/><br \/>Pour aller plus loin sur la tradition du yoga, <a href=\"https:\/\/www.hypnoseetpierres-sebastienlanotte.com\/index.php\/2025\/02\/18\/harmoniser-ces-emotions-avec-les-pierres\/\">un article Pierres chakra et \u00e9motions ici.<\/a><\/p>\t\t\t\t\t\t\t\t<\/div>\n\t\t\t\t<\/div>\n\t\t\t\t<\/div>\n\t\t\t\t\t<\/div>\n\t\t\t\t<\/div>\n\t\t<div class=\"elementor-element elementor-element-5035386 e-flex e-con-boxed e-con e-parent\" data-id=\"5035386\" data-element_type=\"container\">\n\t\t\t\t\t<div class=\"e-con-inner\">\n\t\t\t\t<div class=\"elementor-element elementor-element-92755a8 elementor-widget elementor-widget-image\" data-id=\"92755a8\" data-element_type=\"widget\" data-widget_type=\"image.default\">\n\t\t\t\t<div class=\"elementor-widget-container\">\n\t\t\t\t\t\t\t\t\t\t\t\t\t\t\t<img loading=\"lazy\" decoding=\"async\" width=\"800\" height=\"450\" src=\"https:\/\/www.hypnoseetpierres-sebastienlanotte.com\/wp-content\/uploads\/2025\/02\/Epoustoufflant-3-1024x576.png\" class=\"attachment-large size-large wp-image-2359\" alt=\"cubs ses secoue et perds des cubes, il est surpris et d\u00e9confit\" srcset=\"https:\/\/www.hypnoseetpierres-sebastienlanotte.com\/wp-content\/uploads\/2025\/02\/Epoustoufflant-3-1024x576.png 1024w, https:\/\/www.hypnoseetpierres-sebastienlanotte.com\/wp-content\/uploads\/2025\/02\/Epoustoufflant-3-300x169.png 300w, https:\/\/www.hypnoseetpierres-sebastienlanotte.com\/wp-content\/uploads\/2025\/02\/Epoustoufflant-3-768x432.png 768w, https:\/\/www.hypnoseetpierres-sebastienlanotte.com\/wp-content\/uploads\/2025\/02\/Epoustoufflant-3-1536x864.png 1536w, https:\/\/www.hypnoseetpierres-sebastienlanotte.com\/wp-content\/uploads\/2025\/02\/Epoustoufflant-3.png 1920w\" sizes=\"(max-width: 800px) 100vw, 800px\" \/>\t\t\t\t\t\t\t\t\t\t\t\t\t\t\t<\/div>\n\t\t\t\t<\/div>\n\t\t\t\t<div class=\"elementor-element elementor-element-d120a04 elementor-widget elementor-widget-image\" data-id=\"d120a04\" data-element_type=\"widget\" data-widget_type=\"image.default\">\n\t\t\t\t<div class=\"elementor-widget-container\">\n\t\t\t\t\t\t\t\t\t\t\t\t\t\t\t<img decoding=\"async\" width=\"800\" height=\"40\" src=\"https:\/\/www.hypnoseetpierres-sebastienlanotte.com\/wp-content\/uploads\/2025\/02\/cristaux-separateur.png\" class=\"attachment-large size-large wp-image-1313\" alt=\"\" srcset=\"https:\/\/www.hypnoseetpierres-sebastienlanotte.com\/wp-content\/uploads\/2025\/02\/cristaux-separateur.png 1000w, https:\/\/www.hypnoseetpierres-sebastienlanotte.com\/wp-content\/uploads\/2025\/02\/cristaux-separateur-300x15.png 300w, https:\/\/www.hypnoseetpierres-sebastienlanotte.com\/wp-content\/uploads\/2025\/02\/cristaux-separateur-768x38.png 768w\" sizes=\"(max-width: 800px) 100vw, 800px\" \/>\t\t\t\t\t\t\t\t\t\t\t\t\t\t\t<\/div>\n\t\t\t\t<\/div>\n\t\t\t\t\t<\/div>\n\t\t\t\t<\/div>\n\t\t<div class=\"elementor-element elementor-element-63652ce e-flex e-con-boxed e-con e-parent\" data-id=\"63652ce\" data-element_type=\"container\">\n\t\t\t\t\t<div class=\"e-con-inner\">\n\t\t<div class=\"elementor-element elementor-element-1823e4b e-con-full e-flex e-con e-child\" data-id=\"1823e4b\" data-element_type=\"container\">\n\t\t\t\t<div class=\"elementor-element elementor-element-17284cf elementor-widget elementor-widget-heading\" data-id=\"17284cf\" data-element_type=\"widget\" data-widget_type=\"heading.default\">\n\t\t\t\t<div class=\"elementor-widget-container\">\n\t\t\t\t\t<h3 class=\"elementor-heading-title elementor-size-default\">Exprimer ses \u00e9motions : un mouvement essentiel \u00e0 notre \u00e9quilibre int\u00e9rieur<\/h3>\t\t\t\t<\/div>\n\t\t\t\t<\/div>\n\t\t\t\t<div class=\"elementor-element elementor-element-bf320ae elementor-widget elementor-widget-text-editor\" data-id=\"bf320ae\" data-element_type=\"widget\" data-widget_type=\"text-editor.default\">\n\t\t\t\t<div class=\"elementor-widget-container\">\n\t\t\t\t\t\t\t\t\t<p data-start=\"203\" data-end=\"398\">Les \u00e9motions ont <strong data-start=\"220\" data-end=\"243\">besoin de mouvement<\/strong>. Elles ont besoin de <strong data-start=\"265\" data-end=\"304\">vivre, circuler et \u00eatre accueillies<\/strong>.<br data-start=\"305\" data-end=\"308\" \/>Les exprimer peut prendre <strong data-start=\"334\" data-end=\"356\">diff\u00e9rentes formes<\/strong>, et toutes ne passent pas par les mots.<\/p><p data-start=\"400\" data-end=\"819\">La <strong data-start=\"403\" data-end=\"420\">verbalisation<\/strong> en est une.<br data-start=\"432\" data-end=\"435\" \/>Nommer, mettre des mots sur ce que l\u2019on ressent est essentiel, m\u00eame de fa\u00e7on symbolique.<br data-start=\"523\" data-end=\"526\" \/>En cabinet, j\u2019aide les personnes \u00e0 <strong data-start=\"561\" data-end=\"622\">se reconnecter \u00e0 leurs ressentis \u00e9motionnels et corporels<\/strong>, \u00e0 <strong data-start=\"626\" data-end=\"654\">d\u00e9crire leurs sensations<\/strong>.<br data-start=\"655\" data-end=\"658\" \/>Cela peut sembler anodin, mais le simple fait d\u2019identifier et de verbaliser une \u00e9motion de mani\u00e8re sensorielle permet une premi\u00e8re forme de r\u00e9gulation.<\/p><p data-start=\"821\" data-end=\"1170\">Mais encore faut-il <strong data-start=\"841\" data-end=\"868\">avoir appris \u00e0 le faire<\/strong>.<br data-start=\"869\" data-end=\"872\" \/>Nous avons souvent grandi <strong data-start=\"898\" data-end=\"941\">sans apprentissage \u00e9motionnel structur\u00e9<\/strong>. Nous savons nommer les couleurs, les objets, mais <strong data-start=\"993\" data-end=\"1025\">nos propres \u00e9tats internes ?<\/strong> Peu ou pas du tout.<br data-start=\"1045\" data-end=\"1048\" \/>Si nous avions int\u00e9gr\u00e9 ces comp\u00e9tences d\u00e8s l\u2019\u00e9cole, notre rapport aux \u00e9motions serait <strong data-start=\"1134\" data-end=\"1167\">plus fluide et plus \u00e9quilibr\u00e9<\/strong>.<\/p><p data-start=\"1172\" data-end=\"1275\">Mais parfois, <strong data-start=\"1186\" data-end=\"1214\">les mots ne viennent pas<\/strong>.<br data-start=\"1215\" data-end=\"1218\" \/>Alors d\u2019autres formes d\u2019expression prennent le relais :<\/p><ul data-start=\"1277\" data-end=\"1360\"><li data-start=\"1277\" data-end=\"1294\"><strong data-start=\"1279\" data-end=\"1292\">Le dessin<\/strong><\/li><li data-start=\"1295\" data-end=\"1313\"><strong data-start=\"1297\" data-end=\"1311\">La musique<\/strong><\/li><li data-start=\"1314\" data-end=\"1330\"><strong data-start=\"1316\" data-end=\"1328\">La danse<\/strong><\/li><li data-start=\"1331\" data-end=\"1360\"><strong data-start=\"1333\" data-end=\"1358\">Le th\u00e9\u00e2tre, le chant\u2026<\/strong><\/li><\/ul><p data-start=\"1362\" data-end=\"1535\">\u00a0<\/p><p data-start=\"1362\" data-end=\"1535\">L\u2019art a toujours \u00e9t\u00e9 un moyen d\u2019expression des \u00e9motions humaines.<br data-start=\"1431\" data-end=\"1434\" \/>Certaines \u0153uvres expos\u00e9es dans nos mus\u00e9es sont <strong data-start=\"1481\" data-end=\"1532\">le t\u00e9moignage d\u2019une \u00e9motion qui devait circuler<\/strong>.<\/p><p data-start=\"1537\" data-end=\"1795\">Mais il <strong data-start=\"1545\" data-end=\"1594\">n\u2019est pas n\u00e9cessaire de cr\u00e9er une \u0153uvre d\u2019art<\/strong> pour lib\u00e9rer une \u00e9motion.<br data-start=\"1620\" data-end=\"1623\" \/>Un <strong data-start=\"1626\" data-end=\"1641\">gribouillis<\/strong>, un <strong data-start=\"1646\" data-end=\"1653\">cri<\/strong>, un <strong data-start=\"1658\" data-end=\"1680\">mouvement spontan\u00e9<\/strong> peuvent suffire.<br data-start=\"1697\" data-end=\"1700\" \/>Parfois, le corps a juste besoin de <strong data-start=\"1736\" data-end=\"1792\">remettre du mouvement l\u00e0 o\u00f9 quelque chose s\u2019est fig\u00e9<\/strong>.<br \/><br \/><a href=\"https:\/\/www.hypnoseetpierres-sebastienlanotte.com\/index.php\/2025\/02\/06\/emotions-sensations-symboles\/\">Un article sur la symbolisation ici<\/a> : une autre fa\u00e7on de r\u00e9guler nos \u00e9motions.<\/p>\t\t\t\t\t\t\t\t<\/div>\n\t\t\t\t<\/div>\n\t\t\t\t<\/div>\n\t\t<div class=\"elementor-element elementor-element-43d1125 e-con-full e-flex e-con e-child\" data-id=\"43d1125\" data-element_type=\"container\">\n\t\t\t\t<div class=\"elementor-element elementor-element-fc364db elementor-widget elementor-widget-image\" data-id=\"fc364db\" data-element_type=\"widget\" data-widget_type=\"image.default\">\n\t\t\t\t<div class=\"elementor-widget-container\">\n\t\t\t\t\t\t\t\t\t\t\t\t\t\t\t<img loading=\"lazy\" decoding=\"async\" width=\"800\" height=\"800\" src=\"https:\/\/www.hypnoseetpierres-sebastienlanotte.com\/wp-content\/uploads\/2025\/02\/Leonardo_Kino_XL_A_highly_realistic_photographstyle_image_of_a_0.jpg\" class=\"attachment-large size-large wp-image-2322\" alt=\"\" srcset=\"https:\/\/www.hypnoseetpierres-sebastienlanotte.com\/wp-content\/uploads\/2025\/02\/Leonardo_Kino_XL_A_highly_realistic_photographstyle_image_of_a_0.jpg 1024w, https:\/\/www.hypnoseetpierres-sebastienlanotte.com\/wp-content\/uploads\/2025\/02\/Leonardo_Kino_XL_A_highly_realistic_photographstyle_image_of_a_0-300x300.jpg 300w, https:\/\/www.hypnoseetpierres-sebastienlanotte.com\/wp-content\/uploads\/2025\/02\/Leonardo_Kino_XL_A_highly_realistic_photographstyle_image_of_a_0-150x150.jpg 150w, https:\/\/www.hypnoseetpierres-sebastienlanotte.com\/wp-content\/uploads\/2025\/02\/Leonardo_Kino_XL_A_highly_realistic_photographstyle_image_of_a_0-768x768.jpg 768w\" sizes=\"(max-width: 800px) 100vw, 800px\" \/>\t\t\t\t\t\t\t\t\t\t\t\t\t\t\t<\/div>\n\t\t\t\t<\/div>\n\t\t\t\t<div class=\"elementor-element elementor-element-e4e5759 elementor-align-center elementor-widget elementor-widget-button\" data-id=\"e4e5759\" data-element_type=\"widget\" data-widget_type=\"button.default\">\n\t\t\t\t<div class=\"elementor-widget-container\">\n\t\t\t\t\t\t\t\t\t<div class=\"elementor-button-wrapper\">\n\t\t\t\t\t<a class=\"elementor-button elementor-button-link elementor-size-sm\" href=\"https:\/\/www.resalib.fr\/praticien\/56232-sebastien-lanotte-hypnotherapeute-etival-clairefontaine\" target=\"_blank\">\n\t\t\t\t\t\t<span class=\"elementor-button-content-wrapper\">\n\t\t\t\t\t\t\t\t\t<span class=\"elementor-button-text\">Prenez rendez-vous<\/span>\n\t\t\t\t\t<\/span>\n\t\t\t\t\t<\/a>\n\t\t\t\t<\/div>\n\t\t\t\t\t\t\t\t<\/div>\n\t\t\t\t<\/div>\n\t\t\t\t<div class=\"elementor-element elementor-element-fab909e elementor-widget elementor-widget-image\" data-id=\"fab909e\" data-element_type=\"widget\" data-widget_type=\"image.default\">\n\t\t\t\t<div class=\"elementor-widget-container\">\n\t\t\t\t\t\t\t\t\t\t\t\t\t\t\t<img loading=\"lazy\" decoding=\"async\" width=\"300\" height=\"300\" src=\"https:\/\/www.hypnoseetpierres-sebastienlanotte.com\/wp-content\/uploads\/2025\/02\/HYPNOSE-ET-PIERRES_LOGO-V3_DECLI-05-300x300.png\" class=\"attachment-medium size-medium wp-image-1950\" alt=\"\" srcset=\"https:\/\/www.hypnoseetpierres-sebastienlanotte.com\/wp-content\/uploads\/2025\/02\/HYPNOSE-ET-PIERRES_LOGO-V3_DECLI-05-300x300.png 300w, https:\/\/www.hypnoseetpierres-sebastienlanotte.com\/wp-content\/uploads\/2025\/02\/HYPNOSE-ET-PIERRES_LOGO-V3_DECLI-05-1024x1024.png 1024w, https:\/\/www.hypnoseetpierres-sebastienlanotte.com\/wp-content\/uploads\/2025\/02\/HYPNOSE-ET-PIERRES_LOGO-V3_DECLI-05-150x150.png 150w, https:\/\/www.hypnoseetpierres-sebastienlanotte.com\/wp-content\/uploads\/2025\/02\/HYPNOSE-ET-PIERRES_LOGO-V3_DECLI-05-768x768.png 768w, https:\/\/www.hypnoseetpierres-sebastienlanotte.com\/wp-content\/uploads\/2025\/02\/HYPNOSE-ET-PIERRES_LOGO-V3_DECLI-05.png 1338w\" sizes=\"(max-width: 300px) 100vw, 300px\" \/>\t\t\t\t\t\t\t\t\t\t\t\t\t\t\t<\/div>\n\t\t\t\t<\/div>\n\t\t\t\t<\/div>\n\t\t\t\t\t<\/div>\n\t\t\t\t<\/div>\n\t\t<div class=\"elementor-element elementor-element-e9e117e e-flex e-con-boxed e-con e-parent\" data-id=\"e9e117e\" data-element_type=\"container\">\n\t\t\t\t\t<div class=\"e-con-inner\">\n\t\t\t\t<div class=\"elementor-element elementor-element-a2d52d9 elementor-widget elementor-widget-heading\" data-id=\"a2d52d9\" data-element_type=\"widget\" data-widget_type=\"heading.default\">\n\t\t\t\t<div class=\"elementor-widget-container\">\n\t\t\t\t\t<h3 class=\"elementor-heading-title elementor-size-default\">\u00a0R\u00e9guler les \u00e9motions gr\u00e2ce au corps<\/h3>\t\t\t\t<\/div>\n\t\t\t\t<\/div>\n\t\t\t\t<div class=\"elementor-element elementor-element-213497f elementor-widget elementor-widget-text-editor\" data-id=\"213497f\" data-element_type=\"widget\" data-widget_type=\"text-editor.default\">\n\t\t\t\t<div class=\"elementor-widget-container\">\n\t\t\t\t\t\t\t\t\t<article class=\"w-full text-token-text-primary focus-visible:outline-2 focus-visible:outline-offset-[-4px]\" dir=\"auto\" data-testid=\"conversation-turn-207\" data-scroll-anchor=\"true\"><div class=\"min-h-8 text-message relative flex w-full flex-col items-end gap-2 whitespace-normal break-words text-start [.text-message+&amp;]:mt-5\" dir=\"auto\" data-message-author-role=\"assistant\" data-message-id=\"bcf2664b-6819-4b85-9f83-49c1f1c0d3be\" data-message-model-slug=\"gpt-4o\"><div class=\"flex w-full flex-col gap-1 empty:hidden first:pt-[3px]\"><div class=\"markdown prose w-full break-words dark:prose-invert light\"><p data-start=\"0\" data-end=\"369\" data-is-last-node=\"\" data-is-only-node=\"\">Il n\u2019existe pas de m\u00e9thode universelle : <strong data-start=\"103\" data-end=\"146\">\u00e0 vous de tester, d\u2019explorer, d\u2019adapter<\/strong> pour trouver ce qui vous convient le mieux. Apprendre \u00e0 r\u00e9guler ses \u00e9motions \u00e0 travers le corps, c\u2019est <strong data-start=\"250\" data-end=\"281\">changer son rapport \u00e0 elles<\/strong>, mais aussi <strong data-start=\"294\" data-end=\"334\">transformer sa fa\u00e7on d\u2019\u00eatre au monde<\/strong>. Apr\u00e8s la lecture de ces propositions Comment \u00e7a vous donne envie d&rsquo;adapter cela \u00e0 votre exp\u00e9rience?<\/p><\/div><\/div><\/div><br \/><div class=\"m-auto text-base py-[18px] px-6\"><div class=\"mx-auto flex flex-1 text-base gap-4 md:gap-5 lg:gap-6 md:max-w-3xl\"><div class=\"group\/conversation-turn relative flex w-full min-w-0 flex-col agent-turn @xs\/thread:px-0 @sm\/thread:px-1.5 @md\/thread:px-4\"><div class=\"flex-col gap-1 md:gap-3\"><div class=\"mb-2 flex gap-3 empty:hidden -ml-2\"><div class=\"items-center justify-start rounded-xl p-1 flex\"><div class=\"flex items-center\">\u00a0<\/div><\/div><\/div><\/div><\/div><\/div><\/div><\/article>\t\t\t\t\t\t\t\t<\/div>\n\t\t\t\t<\/div>\n\t\t\t\t\t<\/div>\n\t\t\t\t<\/div>\n\t\t<div class=\"elementor-element elementor-element-e03a0a0 e-flex e-con-boxed e-con e-parent\" data-id=\"e03a0a0\" data-element_type=\"container\" data-settings=\"{&quot;background_background&quot;:&quot;classic&quot;}\">\n\t\t\t\t\t<div class=\"e-con-inner\">\n\t\t<div class=\"elementor-element elementor-element-efaf6c1 e-con-full e-flex e-con e-child\" data-id=\"efaf6c1\" data-element_type=\"container\">\n\t\t\t\t<div class=\"elementor-element elementor-element-c60c1d9 elementor-widget elementor-widget-heading\" data-id=\"c60c1d9\" data-element_type=\"widget\" data-widget_type=\"heading.default\">\n\t\t\t\t<div class=\"elementor-widget-container\">\n\t\t\t\t\t<h2 class=\"elementor-heading-title elementor-size-default\">Fascias et \u00e9motions<\/h2>\t\t\t\t<\/div>\n\t\t\t\t<\/div>\n\t\t\t\t<div class=\"elementor-element elementor-element-e940345 elementor-widget elementor-widget-text-editor\" data-id=\"e940345\" data-element_type=\"widget\" data-widget_type=\"text-editor.default\">\n\t\t\t\t<div class=\"elementor-widget-container\">\n\t\t\t\t\t\t\t\t\t<p>Les <strong data-start=\"4\" data-end=\"15\">fascias<\/strong> sont des <strong data-start=\"25\" data-end=\"47\">tissus conjonctifs<\/strong> qui enveloppent, relient et soutiennent <strong data-start=\"88\" data-end=\"130\">tous les organes, muscles, os et nerfs<\/strong> du corps humain.<br \/><br \/>Ils <b>fascias<\/b><span style=\"font-weight: 400;\"> sont riches en <\/span><b>r\u00e9cepteurs sensoriels<\/b><span style=\"font-weight: 400;\"> et r\u00e9agissent aux stimuli \u00e9motionnels et physiques. Ils assurent une connexion entre le <\/span><b>syst\u00e8me nerveux et la structure corporelle<\/b><span style=\"font-weight: 400;\">, jouant ainsi un r\u00f4le cl\u00e9 dans la r\u00e9ponse au stress et aux traumatismes.<\/span><\/p><p><span style=\"font-weight: 400;\">\ud83d\udccc <\/span><b>Lorsqu\u2019un stress ou un traumatisme survient<\/b><span style=\"font-weight: 400;\"> :<\/span><\/p><ul><li style=\"font-weight: 400;\" aria-level=\"1\"><b>Contraction et rigidification<\/b><span style=\"font-weight: 400;\"> : Le corps r\u00e9agit en cr\u00e9ant des tensions qui, si elles persistent, peuvent devenir chroniques.<\/span><\/li><li style=\"font-weight: 400;\" aria-level=\"1\"><b>Alt\u00e9ration de la circulation des fluides<\/b><span style=\"font-weight: 400;\"> : Une exposition prolong\u00e9e au stress r\u00e9duit l\u2019\u00e9lasticit\u00e9 des fascias, limitant la souplesse musculaire et la mobilit\u00e9.<\/span><\/li><li style=\"font-weight: 400;\" aria-level=\"1\"><b>M\u00e9morisation corporelle<\/b><span style=\"font-weight: 400;\"> : Un traumatisme non \u00e9vacu\u00e9 peut s\u2019inscrire dans les fascias, entra\u00eenant des douleurs inexpliqu\u00e9es et des blocages posturaux.<\/span><\/li><\/ul>\t\t\t\t\t\t\t\t<\/div>\n\t\t\t\t<\/div>\n\t\t\t\t<\/div>\n\t\t<div class=\"elementor-element elementor-element-b24b9d7 e-con-full e-flex e-con e-child\" data-id=\"b24b9d7\" data-element_type=\"container\">\n\t\t\t\t<div class=\"elementor-element elementor-element-6717810e elementor-widget__width-initial elementor-widget elementor-widget-image\" data-id=\"6717810e\" data-element_type=\"widget\" data-widget_type=\"image.default\">\n\t\t\t\t<div class=\"elementor-widget-container\">\n\t\t\t\t\t\t\t\t\t\t\t\t\t\t\t<img loading=\"lazy\" decoding=\"async\" width=\"768\" height=\"768\" src=\"https:\/\/www.hypnoseetpierres-sebastienlanotte.com\/wp-content\/uploads\/2025\/02\/cubs5-768x768.png\" class=\"attachment-medium_large size-medium_large wp-image-1560\" alt=\"cubs, un avatar style bd, inspir\u00e9 du min\u00e9ral pyrite, il est dor\u00e9 anguleux, analytique et sceptique, il jongle avec des cube dor\u00e9s\" srcset=\"https:\/\/www.hypnoseetpierres-sebastienlanotte.com\/wp-content\/uploads\/2025\/02\/cubs5-768x768.png 768w, https:\/\/www.hypnoseetpierres-sebastienlanotte.com\/wp-content\/uploads\/2025\/02\/cubs5-300x300.png 300w, https:\/\/www.hypnoseetpierres-sebastienlanotte.com\/wp-content\/uploads\/2025\/02\/cubs5-150x150.png 150w, https:\/\/www.hypnoseetpierres-sebastienlanotte.com\/wp-content\/uploads\/2025\/02\/cubs5.png 1024w\" sizes=\"(max-width: 768px) 100vw, 768px\" \/>\t\t\t\t\t\t\t\t\t\t\t\t\t\t\t<\/div>\n\t\t\t\t<\/div>\n\t\t\t\t<\/div>\n\t\t<div class=\"elementor-element elementor-element-78f6d64 e-con-full e-flex e-con e-child\" data-id=\"78f6d64\" data-element_type=\"container\">\n\t\t\t\t<div class=\"elementor-element elementor-element-dca3246 elementor-widget elementor-widget-heading\" data-id=\"dca3246\" data-element_type=\"widget\" data-widget_type=\"heading.default\">\n\t\t\t\t<div class=\"elementor-widget-container\">\n\t\t\t\t\t<h3 class=\"elementor-heading-title elementor-size-default\">\ud83d\udcd6 Les fascias : un r\u00e9seau vivant en mouvement<\/h3>\t\t\t\t<\/div>\n\t\t\t\t<\/div>\n\t\t\t\t<div class=\"elementor-element elementor-element-950539d elementor-widget elementor-widget-text-editor\" data-id=\"950539d\" data-element_type=\"widget\" data-widget_type=\"text-editor.default\">\n\t\t\t\t<div class=\"elementor-widget-container\">\n\t\t\t\t\t\t\t\t\t<p><span style=\"font-weight: 400;\">Les fascias ne sont <\/span><b>ni de simples enveloppes ni de simples structures de soutien<\/b><span style=\"font-weight: 400;\">. Jean-Claude <\/span><b>Guimberteau<\/b><span style=\"font-weight: 400;\"> a d\u00e9montr\u00e9, gr\u00e2ce \u00e0 l&rsquo;imagerie endoscopique, que les fascias forment une <\/span><b>matrice tridimensionnelle fluide et adaptative<\/b><span style=\"font-weight: 400;\">, organis\u00e9e sous une structure fractale. Cette conception r\u00e9volutionne la compr\u00e9hension du corps humain, en montrant que les fascias sont en perp\u00e9tuelle r\u00e9organisation pour <\/span><b>r\u00e9partir les forces et absorber les contraintes<\/b><span style=\"font-weight: 400;\">.<\/span><\/p><p><span style=\"font-weight: 400;\">\ud83c\udf00 <\/span><b>Fascias et \u00c9motions : Un Lien Profond<\/b><b><br \/><\/b><span style=\"font-weight: 400;\">Les fascias sont directement impliqu\u00e9s dans <\/span><b>la m\u00e9morisation des tensions et des \u00e9motions<\/b><span style=\"font-weight: 400;\">.<\/span><\/p><ul><li style=\"font-weight: 400;\" aria-level=\"1\"><span style=\"font-weight: 400;\">Lorsqu\u2019un danger est per\u00e7u, ils <\/span><b>se contractent pour prot\u00e9ger l\u2019organisme<\/b><span style=\"font-weight: 400;\">.<\/span><\/li><li style=\"font-weight: 400;\" aria-level=\"1\"><span style=\"font-weight: 400;\">Cette contraction, lorsqu\u2019elle devient chronique, <\/span><b>alt\u00e8re la posture et peut g\u00e9n\u00e9rer des douleurs<\/b><span style=\"font-weight: 400;\">.<\/span><\/li><li style=\"font-weight: 400;\" aria-level=\"1\"><span style=\"font-weight: 400;\">Une exposition prolong\u00e9e au stress <\/span><b>rigidifie les fascias<\/b><span style=\"font-weight: 400;\">, r\u00e9duisant la fluidit\u00e9 des mouvements et favorisant une sensation de tension permanente.<\/span><\/li><\/ul><p><span style=\"font-weight: 400;\">Cependant, ces tensions <\/span><b>ne sont pas irr\u00e9versibles<\/b><span style=\"font-weight: 400;\">. Des approches th\u00e9rapeutiques permettent de <\/span><b>restaurer la souplesse fasciale et d\u2019agir sur l\u2019empreinte \u00e9motionnelle stock\u00e9e dans le corps<\/b><span style=\"font-weight: 400;\">.<\/span><\/p><p>\u00a0<\/p>\t\t\t\t\t\t\t\t<\/div>\n\t\t\t\t<\/div>\n\t\t\t\t<div class=\"elementor-element elementor-element-11e0ef8 elementor-widget elementor-widget-heading\" data-id=\"11e0ef8\" data-element_type=\"widget\" data-widget_type=\"heading.default\">\n\t\t\t\t<div class=\"elementor-widget-container\">\n\t\t\t\t\t<h3 class=\"elementor-heading-title elementor-size-default\">Applications th\u00e9rapeutique<\/h3>\t\t\t\t<\/div>\n\t\t\t\t<\/div>\n\t\t\t\t<div class=\"elementor-element elementor-element-35c6003 elementor-widget elementor-widget-text-editor\" data-id=\"35c6003\" data-element_type=\"widget\" data-widget_type=\"text-editor.default\">\n\t\t\t\t<div class=\"elementor-widget-container\">\n\t\t\t\t\t\t\t\t\t<p>\u00a0<span style=\"font-weight: 400;\">Les d\u00e9couvertes de Guimberteau et d\u2019autres chercheurs ont ouvert la voie \u00e0 plusieurs approches permettant de <\/span><b>travailler sur les fascias<\/b><span style=\"font-weight: 400;\"> pour am\u00e9liorer la r\u00e9gulation \u00e9motionnelle et physique :<\/span><\/p><p><span style=\"font-weight: 400;\">\u2714 <\/span><b>Ost\u00e9opathie et fasciath\u00e9rapie<\/b><span style=\"font-weight: 400;\"> : Techniques manuelles visant \u00e0 rel\u00e2cher les tensions accumul\u00e9es dans le tissu conjonctif.<\/span><span style=\"font-weight: 400;\"><br \/><\/span><span style=\"font-weight: 400;\">\u2714 <\/span><b>Hypnose et th\u00e9rapies somatiques<\/b><span style=\"font-weight: 400;\"> : Permettent d\u2019explorer la m\u00e9moire corporelle en combinant parole et rel\u00e2chement physique.<\/span><span style=\"font-weight: 400;\"><br \/><\/span><span style=\"font-weight: 400;\">\u2714 <\/span><b>Somatic Experiencing (Levine)<\/b><span style=\"font-weight: 400;\"> : Aide \u00e0 finaliser des r\u00e9ponses inachev\u00e9es au traumatisme en int\u00e9grant les sensations corporelles et les micro-mouvements.<\/span><\/p>\t\t\t\t\t\t\t\t<\/div>\n\t\t\t\t<\/div>\n\t\t\t\t<div class=\"elementor-element elementor-element-d7f36aa elementor-widget elementor-widget-heading\" data-id=\"d7f36aa\" data-element_type=\"widget\" data-widget_type=\"heading.default\">\n\t\t\t\t<div class=\"elementor-widget-container\">\n\t\t\t\t\t<h2 class=\"elementor-heading-title elementor-size-default\">En conclusion<\/h2>\t\t\t\t<\/div>\n\t\t\t\t<\/div>\n\t\t\t\t<div class=\"elementor-element elementor-element-b61c45c elementor-widget elementor-widget-text-editor\" data-id=\"b61c45c\" data-element_type=\"widget\" data-widget_type=\"text-editor.default\">\n\t\t\t\t<div class=\"elementor-widget-container\">\n\t\t\t\t\t\t\t\t\t<p>\u00a0<span style=\"font-weight: 400;\">Les <\/span><b>fascias ne sont pas de simples structures passives<\/b><span style=\"font-weight: 400;\">, mais un <\/span><b>r\u00e9seau sensoriel actif<\/b><span style=\"font-weight: 400;\"> qui <\/span><b>enregistre nos exp\u00e9riences<\/b><span style=\"font-weight: 400;\"> et <\/span><b>influe sur notre \u00e9quilibre physique et \u00e9motionnel<\/b><span style=\"font-weight: 400;\">. Ils sont directement li\u00e9s \u00e0 la r\u00e9gulation du stress et des traumas, ce qui en fait un <\/span><b>levier essentiel<\/b><span style=\"font-weight: 400;\"> dans l\u2019accompagnement th\u00e9rapeutique.<\/span><\/p><p><span style=\"font-weight: 400;\">\ud83c\udf00 <\/span><b>Travailler avec les fascias, c\u2019est redonner au corps sa fluidit\u00e9 naturelle et restaurer une connexion profonde entre sensation, mouvement et bien-\u00eatre.<\/b><\/p><p>\u00a0<\/p><p>.<\/p>\t\t\t\t\t\t\t\t<\/div>\n\t\t\t\t<\/div>\n\t\t\t\t<\/div>\n\t\t\t\t\t<\/div>\n\t\t\t\t<\/div>\n\t\t<div class=\"elementor-element elementor-element-0032901 e-flex e-con-boxed e-con e-parent\" data-id=\"0032901\" data-element_type=\"container\">\n\t\t\t\t\t<div class=\"e-con-inner\">\n\t\t\t\t<div class=\"elementor-element elementor-element-784a340 elementor-widget elementor-widget-heading\" data-id=\"784a340\" data-element_type=\"widget\" data-widget_type=\"heading.default\">\n\t\t\t\t<div class=\"elementor-widget-container\">\n\t\t\t\t\t<h2 class=\"elementor-heading-title elementor-size-default\">Les deux phases : Expression et Int\u00e9gration des exp\u00e9riences \u00e9motionnelles<\/h2>\t\t\t\t<\/div>\n\t\t\t\t<\/div>\n\t\t\t\t\t<\/div>\n\t\t\t\t<\/div>\n\t\t<div class=\"elementor-element elementor-element-9b150e5 e-flex e-con-boxed e-con e-parent\" data-id=\"9b150e5\" data-element_type=\"container\">\n\t\t\t\t\t<div class=\"e-con-inner\">\n\t\t\t\t<div class=\"elementor-element elementor-element-bf34d75 elementor-widget elementor-widget-text-editor\" data-id=\"bf34d75\" data-element_type=\"widget\" data-widget_type=\"text-editor.default\">\n\t\t\t\t<div class=\"elementor-widget-container\">\n\t\t\t\t\t\t\t\t\t<p>Lorsqu\u2019on parle de r\u00e9gulation \u00e9motionnelle, il y a <strong>deux grandes phases essentielles<\/strong> :<\/p>\t\t\t\t\t\t\t\t<\/div>\n\t\t\t\t<\/div>\n\t\t\t\t<div class=\"elementor-element elementor-element-d68e8af elementor-widget elementor-widget-heading\" data-id=\"d68e8af\" data-element_type=\"widget\" data-widget_type=\"heading.default\">\n\t\t\t\t<div class=\"elementor-widget-container\">\n\t\t\t\t\t<h3 class=\"elementor-heading-title elementor-size-default\"> L\u2019Expression : Faire circuler l\u2019\u00e9motion<\/h3>\t\t\t\t<\/div>\n\t\t\t\t<\/div>\n\t\t\t\t<div class=\"elementor-element elementor-element-354d4c8 elementor-widget elementor-widget-text-editor\" data-id=\"354d4c8\" data-element_type=\"widget\" data-widget_type=\"text-editor.default\">\n\t\t\t\t<div class=\"elementor-widget-container\">\n\t\t\t\t\t\t\t\t\t<p>L\u2019expression est la premi\u00e8re \u00e9tape. Une \u00e9motion a besoin de mouvement pour ne pas rester fig\u00e9e et se transformer en tension chronique. Elle peut \u00eatre ext\u00e9rioris\u00e9e de diff\u00e9rentes mani\u00e8res :<\/p><ul data-spread=\"false\"><li><p><strong>Par les mots<\/strong> : verbalisation, \u00e9criture, partage.<\/p><\/li><li><p><strong>Par le corps<\/strong> : mouvement, respiration, danse.<\/p><\/li><li><p><strong>Par la cr\u00e9ation<\/strong> : dessin, musique, th\u00e9\u00e2tre, modelage.<\/p><\/li><\/ul><p>L\u2019objectif ici est de permettre \u00e0 l\u2019\u00e9nergie \u00e9motionnelle de circuler librement. Mais exprimer une \u00e9motion ne signifie pas forc\u00e9ment s\u2019en d\u00e9barrasser. C\u2019est lui <strong>redonner son mouvement naturel<\/strong>.<\/p>\t\t\t\t\t\t\t\t<\/div>\n\t\t\t\t<\/div>\n\t\t\t\t<div class=\"elementor-element elementor-element-f1aba7e elementor-widget elementor-widget-image\" data-id=\"f1aba7e\" data-element_type=\"widget\" data-widget_type=\"image.default\">\n\t\t\t\t<div class=\"elementor-widget-container\">\n\t\t\t\t\t\t\t\t\t\t\t\t\t\t\t<img decoding=\"async\" width=\"800\" height=\"40\" src=\"https:\/\/www.hypnoseetpierres-sebastienlanotte.com\/wp-content\/uploads\/2025\/02\/cristaux-separateur.png\" class=\"attachment-large size-large wp-image-1313\" alt=\"\" srcset=\"https:\/\/www.hypnoseetpierres-sebastienlanotte.com\/wp-content\/uploads\/2025\/02\/cristaux-separateur.png 1000w, https:\/\/www.hypnoseetpierres-sebastienlanotte.com\/wp-content\/uploads\/2025\/02\/cristaux-separateur-300x15.png 300w, https:\/\/www.hypnoseetpierres-sebastienlanotte.com\/wp-content\/uploads\/2025\/02\/cristaux-separateur-768x38.png 768w\" sizes=\"(max-width: 800px) 100vw, 800px\" \/>\t\t\t\t\t\t\t\t\t\t\t\t\t\t\t<\/div>\n\t\t\t\t<\/div>\n\t\t\t\t<div class=\"elementor-element elementor-element-b9a0072 elementor-widget elementor-widget-heading\" data-id=\"b9a0072\" data-element_type=\"widget\" data-widget_type=\"heading.default\">\n\t\t\t\t<div class=\"elementor-widget-container\">\n\t\t\t\t\t<h3 class=\"elementor-heading-title elementor-size-default\">L\u2019Int\u00e9gration : Accueillir et comprendre<\/h3>\t\t\t\t<\/div>\n\t\t\t\t<\/div>\n\t\t\t\t<div class=\"elementor-element elementor-element-dd82551 elementor-widget elementor-widget-text-editor\" data-id=\"dd82551\" data-element_type=\"widget\" data-widget_type=\"text-editor.default\">\n\t\t\t\t<div class=\"elementor-widget-container\">\n\t\t\t\t\t\t\t\t\t<p>Les \u00e9motions sont aussi des <strong>messages<\/strong>. Une fois exprim\u00e9es, elles ne disparaissent pas, elles laissent place \u00e0 une nouvelle \u00e9tape : l\u2019int\u00e9gration.<\/p><p>L\u2019int\u00e9gration ne consiste pas \u00e0 <strong>contr\u00f4ler<\/strong> ou <strong>r\u00e9primer<\/strong> une \u00e9motion, mais \u00e0 <strong>lui faire de la place<\/strong> pour en saisir le sens. Une \u00e9motion pleinement int\u00e9gr\u00e9e devient une ressource, un rep\u00e8re pour mieux s\u2019adapter aux situations futures.<\/p><p><strong>Comment favoriser cette int\u00e9gration ?<\/strong><\/p><ul data-spread=\"false\"><li><p><strong>L\u2019\u00e9coute int\u00e9rieure<\/strong> : ressentir l\u2019\u00e9motion sans la fuir.<\/p><\/li><li><p><strong>L\u2019acceptation<\/strong> : lui permettre d\u2019exister sans vouloir la contr\u00f4ler imm\u00e9diatement.<\/p><\/li><li><p><strong>La compr\u00e9hension<\/strong> : observer ce qu\u2019elle nous apprend sur nous-m\u00eames, nos besoins et nos blessures.<\/p><\/li><\/ul><p>Une fois l\u2019\u00e9motion exprim\u00e9e, <strong>nous avons plus d\u2019espace pour l\u2019accueillir pleinement<\/strong>. Cette pr\u00e9sence nous permet d\u2019en tirer des enseignements et d\u2019affiner notre capacit\u00e9 d\u2019adaptation.<\/p><p>\ud83d\udca1 <strong>Une \u00e9motion qui circule devient une force. Une \u00e9motion qui est comprise devient une ressource.<br \/><br \/><a href=\"https:\/\/www.hypnoseetpierres-sebastienlanotte.com\/index.php\/2025\/02\/23\/colere-qui-es-tu-que-veux-tu\/\">Vous pouvez trouver ici, un article sur la col\u00e8re,<\/a> son utilit\u00e9 et comment int\u00e9grer son message<\/strong><\/p>\t\t\t\t\t\t\t\t<\/div>\n\t\t\t\t<\/div>\n\t\t\t\t\t<\/div>\n\t\t\t\t<\/div>\n\t\t<div class=\"elementor-element elementor-element-dc9c8ca e-flex e-con-boxed e-con e-parent\" data-id=\"dc9c8ca\" data-element_type=\"container\">\n\t\t\t\t\t<div class=\"e-con-inner\">\n\t\t\t\t<div class=\"elementor-element elementor-element-43ab825 elementor-widget elementor-widget-image\" data-id=\"43ab825\" data-element_type=\"widget\" data-widget_type=\"image.default\">\n\t\t\t\t<div class=\"elementor-widget-container\">\n\t\t\t\t\t\t\t\t\t\t\t\t\t\t\t<img loading=\"lazy\" decoding=\"async\" width=\"800\" height=\"457\" src=\"https:\/\/www.hypnoseetpierres-sebastienlanotte.com\/wp-content\/uploads\/2025\/02\/human-1024x585.jpeg\" class=\"attachment-large size-large wp-image-2324\" alt=\"l&#039;humain bouge enpleine nature pour \u00e9vacuer ses \u00e9motions\" srcset=\"https:\/\/www.hypnoseetpierres-sebastienlanotte.com\/wp-content\/uploads\/2025\/02\/human-1024x585.jpeg 1024w, https:\/\/www.hypnoseetpierres-sebastienlanotte.com\/wp-content\/uploads\/2025\/02\/human-300x171.jpeg 300w, https:\/\/www.hypnoseetpierres-sebastienlanotte.com\/wp-content\/uploads\/2025\/02\/human-768x439.jpeg 768w, https:\/\/www.hypnoseetpierres-sebastienlanotte.com\/wp-content\/uploads\/2025\/02\/human-1536x878.jpeg 1536w, https:\/\/www.hypnoseetpierres-sebastienlanotte.com\/wp-content\/uploads\/2025\/02\/human.jpeg 1792w\" sizes=\"(max-width: 800px) 100vw, 800px\" \/>\t\t\t\t\t\t\t\t\t\t\t\t\t\t\t<\/div>\n\t\t\t\t<\/div>\n\t\t\t\t<div class=\"elementor-element elementor-element-ad9d4ab elementor-widget elementor-widget-heading\" data-id=\"ad9d4ab\" data-element_type=\"widget\" data-widget_type=\"heading.default\">\n\t\t\t\t<div class=\"elementor-widget-container\">\n\t\t\t\t\t<h2 class=\"elementor-heading-title elementor-size-default\">Revenir au corps, r\u00e9apprendre \u00e0 ressentir\n<\/h2>\t\t\t\t<\/div>\n\t\t\t\t<\/div>\n\t\t\t\t<div class=\"elementor-element elementor-element-a75e919 elementor-widget elementor-widget-text-editor\" data-id=\"a75e919\" data-element_type=\"widget\" data-widget_type=\"text-editor.default\">\n\t\t\t\t<div class=\"elementor-widget-container\">\n\t\t\t\t\t\t\t\t\t<p><strong>Se r\u00e9approprier son corps, vivre en lui et \u00e0 travers lui.<\/strong> Le corps est constitu\u00e9 d\u2019une multitude de capteurs sensoriels qui nous permettent de percevoir le monde ext\u00e9rieur, mais aussi notre monde int\u00e9rieur. Et c\u2019est de la relation entre ces deux univers, s\u00e9par\u00e9s par la peau \u2014 qui, elle aussi, capte le monde \u2014 que na\u00eet notre exp\u00e9rience humaine. <strong>C\u2019est \u00e0 travers ce corps qui respire, qui per\u00e7oit, qui bouge, qui vibre, qui vit, que nous sommes pr\u00e9sents au monde.<\/strong><\/p><p>Remettre sa pr\u00e9sence dans le corps, c&rsquo;est changer de rythme, c\u2019est faire confiance \u00e0 d\u2019autres formes d\u2019intelligence que la seule pens\u00e9e rationnelle. Se reconnecter \u00e0 ses sensations permet de mieux r\u00e9guler ses \u00e9motions, d\u2019apaiser le stress et de retrouver une pr\u00e9sence plus ancr\u00e9e dans l\u2019instant. C\u2019est transformer notre exp\u00e9rience de la vie, devenir des \u00eatres qui pensent et qui ressentent. Peut-\u00eatre est-ce un pas n\u00e9cessaire vers plus d\u2019\u00e9quilibre.<\/p><p><strong>Notre soci\u00e9t\u00e9, marqu\u00e9e par son histoire philosophique et scientifique, a depuis quelques si\u00e8cles valoris\u00e9 le \u201cJe pense, donc je suis\u201d cart\u00e9sien.<\/strong> Le rationalisme nous a pouss\u00e9s \u00e0 privil\u00e9gier la pens\u00e9e analytique, ce qui a permis d\u2019\u00e9normes avanc\u00e9es. Aujourd\u2019hui, de nombreux chercheurs et auteurs, comme Antonio Damasio dans <i>L\u2019Erreur de Descartes<\/i>, nous invitent \u00e0 r\u00e9int\u00e9grer le corps dans notre fa\u00e7on d\u2019\u00eatre et de percevoir. <strong>Si la science moderne nous pousse \u00e0 reconsid\u00e9rer l\u2019importance du corps, cette compr\u00e9hension rejoint en r\u00e9alit\u00e9 des savoirs ancestraux,<\/strong> o\u00f9 le corps \u00e9tait per\u00e7u comme un pilier central de l\u2019exp\u00e9rience humaine. Les traditions anciennes et les spiritualit\u00e9s insistent \u00e9galement sur l\u2019importance du corps, non comme un simple v\u00e9hicule de l\u2019esprit, mais comme un \u00e9l\u00e9ment fondamental de notre \u00eatre.<\/p><p>Le d\u00e9fi actuel n\u2019est pas, je crois, d\u2019opposer pens\u00e9e rationnelle et ressenti corporel, mais de r\u00e9\u00e9quilibrer ces deux dimensions. Notre compr\u00e9hension du monde et de nous-m\u00eames gagne en profondeur lorsque nous allions raison et sensations, r\u00e9flexion et pr\u00e9sence.<\/p><p>\u00c0 l\u2019heure o\u00f9 les \u00e9crans sont omnipr\u00e9sents, o\u00f9 nous passons une grande partie de notre temps connect\u00e9s aux autres \u00e0 travers la technologie, revenir au corps est peut-\u00eatre devenu essentiel. Non pas en opposition aux progr\u00e8s, mais comme un moyen de ne pas se perdre en route, d\u2019int\u00e9grer pleinement notre humanit\u00e9 et d\u2019explorer, peut-\u00eatre, une nouvelle \u00e9tape dans notre \u00e9volution.<\/p>\t\t\t\t\t\t\t\t<\/div>\n\t\t\t\t<\/div>\n\t\t\t\t\t<\/div>\n\t\t\t\t<\/div>\n\t\t<div class=\"elementor-element elementor-element-5612bf2 e-flex e-con-boxed e-con e-parent\" data-id=\"5612bf2\" data-element_type=\"container\">\n\t\t\t\t\t<div class=\"e-con-inner\">\n\t\t\t\t<div class=\"elementor-element elementor-element-019d268 elementor-widget elementor-widget-image\" data-id=\"019d268\" data-element_type=\"widget\" data-widget_type=\"image.default\">\n\t\t\t\t<div class=\"elementor-widget-container\">\n\t\t\t\t\t\t\t\t\t\t\t\t\t\t\t<img decoding=\"async\" width=\"800\" height=\"40\" src=\"https:\/\/www.hypnoseetpierres-sebastienlanotte.com\/wp-content\/uploads\/2025\/02\/cristaux-separateur.png\" class=\"attachment-large size-large wp-image-1313\" alt=\"\" srcset=\"https:\/\/www.hypnoseetpierres-sebastienlanotte.com\/wp-content\/uploads\/2025\/02\/cristaux-separateur.png 1000w, https:\/\/www.hypnoseetpierres-sebastienlanotte.com\/wp-content\/uploads\/2025\/02\/cristaux-separateur-300x15.png 300w, https:\/\/www.hypnoseetpierres-sebastienlanotte.com\/wp-content\/uploads\/2025\/02\/cristaux-separateur-768x38.png 768w\" sizes=\"(max-width: 800px) 100vw, 800px\" \/>\t\t\t\t\t\t\t\t\t\t\t\t\t\t\t<\/div>\n\t\t\t\t<\/div>\n\t\t\t\t<div class=\"elementor-element elementor-element-471e486 elementor-widget elementor-widget-heading\" data-id=\"471e486\" data-element_type=\"widget\" data-widget_type=\"heading.default\">\n\t\t\t\t<div class=\"elementor-widget-container\">\n\t\t\t\t\t<h3 class=\"elementor-heading-title elementor-size-default\">Je disais \u201cj\u2019ai un corps\u201d, aujourd\u2019hui je dis \u201cje suis un corps\u201d<\/h3>\t\t\t\t<\/div>\n\t\t\t\t<\/div>\n\t\t\t\t<div class=\"elementor-element elementor-element-52a14a5 elementor-widget elementor-widget-text-editor\" data-id=\"52a14a5\" data-element_type=\"widget\" data-widget_type=\"text-editor.default\">\n\t\t\t\t<div class=\"elementor-widget-container\">\n\t\t\t\t\t\t\t\t\t<p>Et vous, avez-vous un corps ou \u00eates-vous un corps ?<\/p><p><strong>J\u2019ai d\u00fb revenir vers mon corps, parce que je m\u2019en \u00e9tais \u00e9loign\u00e9.<\/strong> Si je ne l\u2019avais pas fait, j\u2019allais droit vers de gros probl\u00e8mes de sant\u00e9. L\u2019hypnose et mon apprentissage des \u00e9motions m\u2019ont fait ressentir \u00e0 quel point le corps est essentiel, au point d\u2019en devenir l\u2019essence m\u00eame de l\u2019exp\u00e9rience humaine.<\/p><p>Aujourd\u2019hui, je trouve \u00e9trange cette dissociation entre le corps et l\u2019esprit. M\u00eame dans certaines spiritualit\u00e9s modernes, on consid\u00e8re encore le corps comme une simple enveloppe, un v\u00e9hicule. <strong>Mais quel v\u00e9hicule ! J\u2019aimerais tant rencontrer l\u2019ing\u00e9nieur de g\u00e9nie qui a con\u00e7u cette machinerie fascinante, pleine de myst\u00e8res et de profondeur.<\/strong><\/p><p>Et si, \u00e0 travers l\u2019exp\u00e9rience corporelle, nous pouvions entrer en relation avec cette intelligence qui habite notre corps ? Celle qui nous a fa\u00e7onn\u00e9s, qui nous fait respirer, bouger, ressentir ?<\/p><p>Le corps n\u2019est pas qu\u2019une enveloppe. Il est l\u2019alliance du vivant, de la mati\u00e8re et de la conscience.<\/p><p>Le corps est l\u2019enfant de la Terre et du Ciel. Ce n\u2019est pas qu\u2019une image po\u00e9tique,<strong> c\u2019est un fait. Toute la mati\u00e8re est n\u00e9e des \u00e9toiles. La vie s\u2019est accroch\u00e9e \u00e0 la pierre et,<\/strong> au fil de 4 milliards d\u2019ann\u00e9es d\u2019\u00e9volution, elle a donn\u00e9 naissance \u00e0 cette Terre magnifique et foisonnante, \u00e0 tout son \u00e9cosyst\u00e8me, et \u00e0 nous, ici, au c\u0153ur de tout cela.<\/p><p><strong>Sans le corps, point d\u2019esprit. Sans l\u2019esprit, point de vie. Sans la vie point de conscience,&#8230;Le corps est la rencontre, la fusion, l\u2019alliance.<\/strong><\/p><p>Au-del\u00e0 de r\u00e9guler les \u00e9motions, porter attention au corps est un mouvement essentiel et enrichissant. Il nous remet \u00e0 notre juste place, au sein du vivant.<\/p><p>Peu importe la mani\u00e8re : danse, yoga, sport, toucher, chant\u2026 ou simplement un moment d\u2019attention.<\/p><p>Juste un peu, chaque jour.<\/p><p><strong><em>Observer ses doigts qui effleurent un clavier ou une main.<\/em><\/strong><\/p><p><strong><em>Sentir ses yeux capter la lumi\u00e8re.<\/em><\/strong><\/p><p><strong><em>\u00c9prouver sa posture dans l\u2019espace.<\/em><\/strong><\/p><p><strong><em>\u00catre en relation.<\/em><\/strong><\/p><p><strong><em>Et peut-\u00eatre que cela change tout.<\/em><\/strong><\/p><p><strong><em>Peut-\u00eatre que cela dilate le temps.<\/em><\/strong><\/p>\t\t\t\t\t\t\t\t<\/div>\n\t\t\t\t<\/div>\n\t\t\t\t\t<\/div>\n\t\t\t\t<\/div>\n\t\t<div class=\"elementor-element elementor-element-70b926f e-flex e-con-boxed e-con e-parent\" data-id=\"70b926f\" data-element_type=\"container\">\n\t\t\t\t\t<div class=\"e-con-inner\">\n\t\t\t\t<div class=\"elementor-element elementor-element-c934490 elementor-widget elementor-widget-image\" data-id=\"c934490\" data-element_type=\"widget\" data-widget_type=\"image.default\">\n\t\t\t\t<div class=\"elementor-widget-container\">\n\t\t\t\t\t\t\t\t\t\t\t\t\t\t\t<img loading=\"lazy\" decoding=\"async\" width=\"800\" height=\"449\" src=\"https:\/\/www.hypnoseetpierres-sebastienlanotte.com\/wp-content\/uploads\/2025\/02\/Leonardo_Vision_XL_A_symbolic_digital_illustration_of_a_human_3-1024x575.jpg\" class=\"attachment-large size-large wp-image-2323\" alt=\"l&#039;humain fait l&#039;exp\u00e9rience de ses \u00e9motions et de ses sensation \u00e0 travers le corps\" srcset=\"https:\/\/www.hypnoseetpierres-sebastienlanotte.com\/wp-content\/uploads\/2025\/02\/Leonardo_Vision_XL_A_symbolic_digital_illustration_of_a_human_3-1024x575.jpg 1024w, https:\/\/www.hypnoseetpierres-sebastienlanotte.com\/wp-content\/uploads\/2025\/02\/Leonardo_Vision_XL_A_symbolic_digital_illustration_of_a_human_3-300x168.jpg 300w, https:\/\/www.hypnoseetpierres-sebastienlanotte.com\/wp-content\/uploads\/2025\/02\/Leonardo_Vision_XL_A_symbolic_digital_illustration_of_a_human_3-768x431.jpg 768w, https:\/\/www.hypnoseetpierres-sebastienlanotte.com\/wp-content\/uploads\/2025\/02\/Leonardo_Vision_XL_A_symbolic_digital_illustration_of_a_human_3.jpg 1368w\" sizes=\"(max-width: 800px) 100vw, 800px\" \/>\t\t\t\t\t\t\t\t\t\t\t\t\t\t\t<\/div>\n\t\t\t\t<\/div>\n\t\t\t\t\t<\/div>\n\t\t\t\t<\/div>\n\t\t<div class=\"elementor-element elementor-element-1881ead e-flex e-con-boxed e-con e-parent\" data-id=\"1881ead\" data-element_type=\"container\">\n\t\t\t\t\t<div class=\"e-con-inner\">\n\t\t\t\t<div class=\"elementor-element elementor-element-43a6afe elementor-widget elementor-widget-facebook-comments\" data-id=\"43a6afe\" data-element_type=\"widget\" data-widget_type=\"facebook-comments.default\">\n\t\t\t\t<div class=\"elementor-widget-container\">\n\t\t\t\t\t\t\t<div class=\"elementor-facebook-widget fb-comments\" data-href=\"https:\/\/www.hypnoseetpierres-sebastienlanotte.com?p=2107\" data-width=\"100%\" data-numposts=\"10\" data-order-by=\"social\" style=\"min-height: 1px\"><\/div>\n\t\t\t\t\t\t<\/div>\n\t\t\t\t<\/div>\n\t\t\t\t\t<\/div>\n\t\t\t\t<\/div>\n\t\t<div class=\"elementor-element elementor-element-2511a862 e-flex e-con-boxed e-con e-parent\" data-id=\"2511a862\" data-element_type=\"container\" data-settings=\"{&quot;background_background&quot;:&quot;classic&quot;}\">\n\t\t\t\t\t<div class=\"e-con-inner\">\n\t\t<div class=\"elementor-element elementor-element-38b944e9 e-con-full e-flex e-con e-child\" data-id=\"38b944e9\" data-element_type=\"container\">\n\t\t<div class=\"elementor-element elementor-element-643c22f e-con-full e-flex e-con e-child\" data-id=\"643c22f\" data-element_type=\"container\">\n\t\t\t\t<div class=\"elementor-element elementor-element-56a36d6 elementor-widget elementor-widget-heading\" data-id=\"56a36d6\" data-element_type=\"widget\" data-widget_type=\"heading.default\">\n\t\t\t\t<div class=\"elementor-widget-container\">\n\t\t\t\t\t<h2 class=\"elementor-heading-title elementor-size-default\">A propos de moi.<\/h2>\t\t\t\t<\/div>\n\t\t\t\t<\/div>\n\t\t\t\t<div class=\"elementor-element elementor-element-f16e88e elementor-widget elementor-widget-image\" data-id=\"f16e88e\" data-element_type=\"widget\" data-widget_type=\"image.default\">\n\t\t\t\t<div class=\"elementor-widget-container\">\n\t\t\t\t\t\t\t\t\t\t\t\t\t\t\t<img loading=\"lazy\" decoding=\"async\" width=\"300\" height=\"300\" src=\"https:\/\/www.hypnoseetpierres-sebastienlanotte.com\/wp-content\/uploads\/2025\/02\/sebastien-lanotte-hypnose-et-pierres-300x300.png\" class=\"attachment-medium size-medium wp-image-2085\" alt=\"\" srcset=\"https:\/\/www.hypnoseetpierres-sebastienlanotte.com\/wp-content\/uploads\/2025\/02\/sebastien-lanotte-hypnose-et-pierres-300x300.png 300w, https:\/\/www.hypnoseetpierres-sebastienlanotte.com\/wp-content\/uploads\/2025\/02\/sebastien-lanotte-hypnose-et-pierres-150x150.png 150w, https:\/\/www.hypnoseetpierres-sebastienlanotte.com\/wp-content\/uploads\/2025\/02\/sebastien-lanotte-hypnose-et-pierres-768x768.png 768w, https:\/\/www.hypnoseetpierres-sebastienlanotte.com\/wp-content\/uploads\/2025\/02\/sebastien-lanotte-hypnose-et-pierres.png 1024w\" sizes=\"(max-width: 300px) 100vw, 300px\" \/>\t\t\t\t\t\t\t\t\t\t\t\t\t\t\t<\/div>\n\t\t\t\t<\/div>\n\t\t\t\t<div class=\"elementor-element elementor-element-2d1de832 elementor-widget elementor-widget-text-editor\" data-id=\"2d1de832\" data-element_type=\"widget\" data-widget_type=\"text-editor.default\">\n\t\t\t\t<div class=\"elementor-widget-container\">\n\t\t\t\t\t\t\t\t\t<p>Je suis <b>S\u00e9bastien Lanotte<\/b>, hypnoth\u00e9rapeute et gemmologue, passionn\u00e9 par la vie et avide de d\u00e9couvertes. Depuis des d\u00e9cennies, j\u2019explore et j\u2019apprends chaque jour, m\u00ealant <b>psychologie et \u00e9nerg\u00e9tique, tradition et science, corps et esprit<\/b>. J\u2019aime cr\u00e9er <b>des ponts entre ces mondes<\/b> pour mieux comprendre l\u2019humain et ses transformations.<br \/><br \/><a href=\"https:\/\/www.hypnoseetpierres-sebastienlanotte.com\/index.php\/2025\/02\/12\/un-voyage-a-travers-la-matiere\/\">vous trouverez un article qui d\u00e9crit mon cheminement ici<\/a> <\/p><p>\ud83d\udcac <b>Curieux de vos ressentis et exp\u00e9riences, j\u2019adorerais \u00e9changer avec vous ici ou sur les r\u00e9seaux.<\/b><\/p>\t\t\t\t\t\t\t\t<\/div>\n\t\t\t\t<\/div>\n\t\t\t\t<\/div>\n\t\t\t\t<\/div>\n\t\t<div class=\"elementor-element elementor-element-3d551f0a e-con-full e-flex e-con e-child\" data-id=\"3d551f0a\" data-element_type=\"container\">\n\t\t\t\t<div class=\"elementor-element elementor-element-66569406 elementor-widget elementor-widget-image\" data-id=\"66569406\" data-element_type=\"widget\" data-widget_type=\"image.default\">\n\t\t\t\t<div class=\"elementor-widget-container\">\n\t\t\t\t\t\t\t\t\t\t\t\t\t\t\t<img loading=\"lazy\" decoding=\"async\" width=\"300\" height=\"300\" src=\"https:\/\/www.hypnoseetpierres-sebastienlanotte.com\/wp-content\/uploads\/2025\/02\/HYPNOSE-ET-PIERRES_LOGO-V3_DECLI-06-300x300.png\" class=\"attachment-medium size-medium wp-image-1952\" alt=\"\" srcset=\"https:\/\/www.hypnoseetpierres-sebastienlanotte.com\/wp-content\/uploads\/2025\/02\/HYPNOSE-ET-PIERRES_LOGO-V3_DECLI-06-300x300.png 300w, https:\/\/www.hypnoseetpierres-sebastienlanotte.com\/wp-content\/uploads\/2025\/02\/HYPNOSE-ET-PIERRES_LOGO-V3_DECLI-06-1024x1024.png 1024w, https:\/\/www.hypnoseetpierres-sebastienlanotte.com\/wp-content\/uploads\/2025\/02\/HYPNOSE-ET-PIERRES_LOGO-V3_DECLI-06-150x150.png 150w, https:\/\/www.hypnoseetpierres-sebastienlanotte.com\/wp-content\/uploads\/2025\/02\/HYPNOSE-ET-PIERRES_LOGO-V3_DECLI-06-768x768.png 768w, https:\/\/www.hypnoseetpierres-sebastienlanotte.com\/wp-content\/uploads\/2025\/02\/HYPNOSE-ET-PIERRES_LOGO-V3_DECLI-06.png 1338w\" sizes=\"(max-width: 300px) 100vw, 300px\" \/>\t\t\t\t\t\t\t\t\t\t\t\t\t\t\t<\/div>\n\t\t\t\t<\/div>\n\t\t\t\t<div class=\"elementor-element elementor-element-5566e17b elementor-align-center elementor-widget elementor-widget-button\" data-id=\"5566e17b\" data-element_type=\"widget\" data-widget_type=\"button.default\">\n\t\t\t\t<div class=\"elementor-widget-container\">\n\t\t\t\t\t\t\t\t\t<div class=\"elementor-button-wrapper\">\n\t\t\t\t\t<a class=\"elementor-button elementor-button-link elementor-size-sm\" href=\"https:\/\/www.resalib.fr\/praticien\/56232-sebastien-lanotte-hypnotherapeute-etival-clairefontaine\" target=\"_blank\">\n\t\t\t\t\t\t<span class=\"elementor-button-content-wrapper\">\n\t\t\t\t\t\t\t\t\t<span class=\"elementor-button-text\">Prenez rendez-vous<\/span>\n\t\t\t\t\t<\/span>\n\t\t\t\t\t<\/a>\n\t\t\t\t<\/div>\n\t\t\t\t\t\t\t\t<\/div>\n\t\t\t\t<\/div>\n\t\t\t\t<div class=\"elementor-element elementor-element-628a23c7 elementor-widget elementor-widget-text-editor\" data-id=\"628a23c7\" data-element_type=\"widget\" data-widget_type=\"text-editor.default\">\n\t\t\t\t<div class=\"elementor-widget-container\">\n\t\t\t\t\t\t\t\t\t<p>S\u00e9ances d\u2019hypnose moderne, sur rendez-vous \u00e0 mon cabinet, \u00c9tival-Clairefontaine, pr\u00e8s de Saint-Di\u00e9-des-Vosges, ou en visioconf\u00e9rence<\/p>\t\t\t\t\t\t\t\t<\/div>\n\t\t\t\t<\/div>\n\t\t\t\t<\/div>\n\t\t\t\t\t<\/div>\n\t\t\t\t<\/div>\n\t\t<div class=\"elementor-element elementor-element-aa4f0bf e-flex e-con-boxed e-con e-parent\" data-id=\"aa4f0bf\" data-element_type=\"container\" data-settings=\"{&quot;background_background&quot;:&quot;classic&quot;}\">\n\t\t\t\t\t<div class=\"e-con-inner\">\n\t\t<div class=\"elementor-element elementor-element-40fc777 e-con-full e-flex e-con e-child\" data-id=\"40fc777\" data-element_type=\"container\">\n\t\t\t\t<div class=\"elementor-element elementor-element-9e685bf elementor-widget elementor-widget-heading\" data-id=\"9e685bf\" data-element_type=\"widget\" data-widget_type=\"heading.default\">\n\t\t\t\t<div class=\"elementor-widget-container\">\n\t\t\t\t\t<h4 class=\"elementor-heading-title elementor-size-default\">\ud83d\udcdd Synth\u00e8se des sources utilis\u00e9es pour \u00e9crire cet article Revenir au corps : comprendre et r\u00e9guler ses \u00e9motions autrement<\/h4>\t\t\t\t<\/div>\n\t\t\t\t<\/div>\n\t\t\t\t<div class=\"elementor-element elementor-element-3325f25 elementor-widget elementor-widget-text-editor\" data-id=\"3325f25\" data-element_type=\"widget\" data-widget_type=\"text-editor.default\">\n\t\t\t\t<div class=\"elementor-widget-container\">\n\t\t\t\t\t\t\t\t\t<p data-start=\"2978\" data-end=\"3016\">\ud83d\udccc <strong data-start=\"2981\" data-end=\"3012\">Neurosciences &amp; Psychologie<\/strong> :<\/p><ul data-start=\"3017\" data-end=\"3156\"><li data-start=\"3017\" data-end=\"3063\">Antonio Damasio (<em data-start=\"3036\" data-end=\"3059\">L\u2019Erreur de Descartes<\/em>).<\/li><li data-start=\"3064\" data-end=\"3106\">Stephen Porges (<em data-start=\"3082\" data-end=\"3102\">Th\u00e9orie polyvagale<\/em>).<\/li><li data-start=\"3107\" data-end=\"3156\">Daniel Goleman (<em data-start=\"3125\" data-end=\"3152\">Intelligence \u00e9motionnelle<\/em>).<\/li><\/ul><p data-start=\"3158\" data-end=\"3199\">\ud83d\udccc <strong data-start=\"3161\" data-end=\"3195\">Trauma &amp; Approches corporelles<\/strong> :<\/p><ul data-start=\"3200\" data-end=\"3294\"><li data-start=\"3200\" data-end=\"3242\">Peter Levine (<em data-start=\"3216\" data-end=\"3238\">Somatic Experiencing<\/em>).<\/li><li data-start=\"3243\" data-end=\"3294\">Bessel van der Kolk (<em data-start=\"3266\" data-end=\"3290\">Le Corps n\u2019oublie rien<\/em>).<\/li><li data-start=\"3243\" data-end=\"3294\">\u00a0<\/li><\/ul><p data-start=\"3296\" data-end=\"3341\">\ud83d\udccc <strong data-start=\"3299\" data-end=\"3337\">Philosophie &amp; Traditions anciennes<\/strong> :<\/p><ul data-start=\"3342\" data-end=\"3421\"><li data-start=\"3342\" data-end=\"3421\">Pens\u00e9es issues du yoga, du tao\u00efsme, et de certaines pratiques \u00e9nerg\u00e9tiques.<br \/><br \/><a href=\"https:\/\/www.hypnoseetpierres-sebastienlanotte.com\/index.php\/2025\/01\/31\/nous-ne-sommes-pas-nos-emotions\/\">Lire l&rsquo;article d&rsquo;introduction au th\u00e8me des \u00e9motions.<\/a><\/li><\/ul>\t\t\t\t\t\t\t\t<\/div>\n\t\t\t\t<\/div>\n\t\t\t\t<div class=\"elementor-element elementor-element-1c264f4 elementor-widget elementor-widget-image\" data-id=\"1c264f4\" data-element_type=\"widget\" data-widget_type=\"image.default\">\n\t\t\t\t<div class=\"elementor-widget-container\">\n\t\t\t\t\t\t\t\t\t\t\t\t\t\t\t<img loading=\"lazy\" decoding=\"async\" width=\"150\" height=\"150\" src=\"https:\/\/www.hypnoseetpierres-sebastienlanotte.com\/wp-content\/uploads\/2025\/02\/cubs-lis-un-livre-150x150.png\" class=\"attachment-thumbnail size-thumbnail wp-image-1806\" alt=\"cubs avatar inspir\u00e9 de la pyrite lis un livre\" srcset=\"https:\/\/www.hypnoseetpierres-sebastienlanotte.com\/wp-content\/uploads\/2025\/02\/cubs-lis-un-livre-150x150.png 150w, https:\/\/www.hypnoseetpierres-sebastienlanotte.com\/wp-content\/uploads\/2025\/02\/cubs-lis-un-livre-300x300.png 300w, https:\/\/www.hypnoseetpierres-sebastienlanotte.com\/wp-content\/uploads\/2025\/02\/cubs-lis-un-livre-768x768.png 768w, https:\/\/www.hypnoseetpierres-sebastienlanotte.com\/wp-content\/uploads\/2025\/02\/cubs-lis-un-livre.png 1024w\" sizes=\"(max-width: 150px) 100vw, 150px\" \/>\t\t\t\t\t\t\t\t\t\t\t\t\t\t\t<\/div>\n\t\t\t\t<\/div>\n\t\t\t\t<\/div>\n\t\t<div class=\"elementor-element elementor-element-9dc8c43 e-con-full e-flex e-con e-child\" data-id=\"9dc8c43\" data-element_type=\"container\">\n\t\t\t\t<div class=\"elementor-element elementor-element-f8382b0 elementor-widget elementor-widget-global elementor-global-1212 elementor-widget-text-editor\" data-id=\"f8382b0\" data-element_type=\"widget\" data-widget_type=\"text-editor.default\">\n\t\t\t\t<div class=\"elementor-widget-container\">\n\t\t\t\t\t\t\t\t\t<p>Ce blog est un <strong>espace d\u2019exploration et de transmission<\/strong>, o\u00f9 je partage des r\u00e9flexions, des outils et des perspectives <strong>pour mieux se comprendre et \u00e9voluer vers plus d\u2019harmonie et de paix int\u00e9rieure.<\/strong><\/p><p>Chaque article est <strong>le fruit de mon propre cheminement<\/strong>, m\u00ealant <strong><a href=\"https:\/\/www.hypnoseetpierres-sebastienlanotte.com\/index.php\/ma-pratique-de-lhypnose\/\">mon exp\u00e9rience d\u2019accompagnant<\/a>, ma qu\u00eate en tant qu\u2019humain dans ce 21\u1d49 si\u00e8cle<\/strong>, et <strong>l\u2019appui de l\u2019intelligence artificielle comme un partenaire cr\u00e9atif.<\/strong> L\u2019IA m\u2019aide \u00e0 <strong>structurer, approfondir et affiner mes id\u00e9es<\/strong>, mais <strong>chaque mot ici est pens\u00e9, ressenti et \u00e9crit avec mon intention.<\/strong><\/p><p><strong>Mon objectif ?<\/strong> Partager <strong>mes apprentissages, mes r\u00e9flexions et mes d\u00e9couvertes<\/strong>, offrir <strong>des cl\u00e9s de compr\u00e9hension et d\u2019exploration int\u00e9rieure<\/strong>, <strong>toujours dans une approche humaine, incarn\u00e9e et authentique.<\/strong><\/p><p>\ud83d\udd39 Si cet article vous a parl\u00e9, partagez-le ou laissez un commentaire !<br \/>\ud83d\udce9 Recevez mes futures publications directement dans <a href=\"https:\/\/www.hypnoseetpierres-sebastienlanotte.com\/index.php\/newsletters\/\">votre bo\u00eete mail en vous inscrivant \u00e0 ma newsletter.<\/a><br \/>\ud83d\udcf2 Suivez-moi aussi sur les r\u00e9seaux sociaux (liens ci-dessous) pour plus de contenus et d\u2019\u00e9changes.<\/p>\t\t\t\t\t\t\t\t<\/div>\n\t\t\t\t<\/div>\n\t\t\t\t<div class=\"elementor-element elementor-element-fbc4631 elementor-share-buttons--color-custom elementor-share-buttons--view-icon-text elementor-share-buttons--skin-gradient elementor-share-buttons--shape-square elementor-grid-0 elementor-widget elementor-widget-global elementor-global-1591 elementor-widget-share-buttons\" data-id=\"fbc4631\" data-element_type=\"widget\" data-widget_type=\"share-buttons.default\">\n\t\t\t\t<div class=\"elementor-widget-container\">\n\t\t\t\t\t\t\t<div class=\"elementor-grid\">\n\t\t\t\t\t\t\t\t<div class=\"elementor-grid-item\">\n\t\t\t\t\t\t<div\n\t\t\t\t\t\t\tclass=\"elementor-share-btn elementor-share-btn_facebook\"\n\t\t\t\t\t\t\trole=\"button\"\n\t\t\t\t\t\t\ttabindex=\"0\"\n\t\t\t\t\t\t\taria-label=\"Partager sur facebook\"\n\t\t\t\t\t\t>\n\t\t\t\t\t\t\t\t\t\t\t\t\t\t\t<span class=\"elementor-share-btn__icon\">\n\t\t\t\t\t\t\t\t<svg class=\"e-font-icon-svg e-fab-facebook\" viewBox=\"0 0 512 512\" xmlns=\"http:\/\/www.w3.org\/2000\/svg\"><path d=\"M504 256C504 119 393 8 256 8S8 119 8 256c0 123.78 90.69 226.38 209.25 245V327.69h-63V256h63v-54.64c0-62.15 37-96.48 93.67-96.48 27.14 0 55.52 4.84 55.52 4.84v61h-31.28c-30.8 0-40.41 19.12-40.41 38.73V256h68.78l-11 71.69h-57.78V501C413.31 482.38 504 379.78 504 256z\"><\/path><\/svg>\t\t\t\t\t\t\t<\/span>\n\t\t\t\t\t\t\t\t\t\t\t\t\t\t\t\t\t\t\t\t\t\t<div class=\"elementor-share-btn__text\">\n\t\t\t\t\t\t\t\t\t\t\t\t\t\t\t\t\t\t\t<span class=\"elementor-share-btn__title\">\n\t\t\t\t\t\t\t\t\t\tFacebook\t\t\t\t\t\t\t\t\t<\/span>\n\t\t\t\t\t\t\t\t\t\t\t\t\t\t\t\t\t<\/div>\n\t\t\t\t\t\t\t\t\t\t\t\t\t<\/div>\n\t\t\t\t\t<\/div>\n\t\t\t\t\t\t\t\t\t<div class=\"elementor-grid-item\">\n\t\t\t\t\t\t<div\n\t\t\t\t\t\t\tclass=\"elementor-share-btn elementor-share-btn_twitter\"\n\t\t\t\t\t\t\trole=\"button\"\n\t\t\t\t\t\t\ttabindex=\"0\"\n\t\t\t\t\t\t\taria-label=\"Partager sur twitter\"\n\t\t\t\t\t\t>\n\t\t\t\t\t\t\t\t\t\t\t\t\t\t\t<span class=\"elementor-share-btn__icon\">\n\t\t\t\t\t\t\t\t<svg class=\"e-font-icon-svg e-fab-twitter\" viewBox=\"0 0 512 512\" xmlns=\"http:\/\/www.w3.org\/2000\/svg\"><path d=\"M459.37 151.716c.325 4.548.325 9.097.325 13.645 0 138.72-105.583 298.558-298.558 298.558-59.452 0-114.68-17.219-161.137-47.106 8.447.974 16.568 1.299 25.34 1.299 49.055 0 94.213-16.568 130.274-44.832-46.132-.975-84.792-31.188-98.112-72.772 6.498.974 12.995 1.624 19.818 1.624 9.421 0 18.843-1.3 27.614-3.573-48.081-9.747-84.143-51.98-84.143-102.985v-1.299c13.969 7.797 30.214 12.67 47.431 13.319-28.264-18.843-46.781-51.005-46.781-87.391 0-19.492 5.197-37.36 14.294-52.954 51.655 63.675 129.3 105.258 216.365 109.807-1.624-7.797-2.599-15.918-2.599-24.04 0-57.828 46.782-104.934 104.934-104.934 30.213 0 57.502 12.67 76.67 33.137 23.715-4.548 46.456-13.32 66.599-25.34-7.798 24.366-24.366 44.833-46.132 57.827 21.117-2.273 41.584-8.122 60.426-16.243-14.292 20.791-32.161 39.308-52.628 54.253z\"><\/path><\/svg>\t\t\t\t\t\t\t<\/span>\n\t\t\t\t\t\t\t\t\t\t\t\t\t\t\t\t\t\t\t\t\t\t<div class=\"elementor-share-btn__text\">\n\t\t\t\t\t\t\t\t\t\t\t\t\t\t\t\t\t\t\t<span class=\"elementor-share-btn__title\">\n\t\t\t\t\t\t\t\t\t\tTwitter\t\t\t\t\t\t\t\t\t<\/span>\n\t\t\t\t\t\t\t\t\t\t\t\t\t\t\t\t\t<\/div>\n\t\t\t\t\t\t\t\t\t\t\t\t\t<\/div>\n\t\t\t\t\t<\/div>\n\t\t\t\t\t\t\t\t\t<div class=\"elementor-grid-item\">\n\t\t\t\t\t\t<div\n\t\t\t\t\t\t\tclass=\"elementor-share-btn elementor-share-btn_linkedin\"\n\t\t\t\t\t\t\trole=\"button\"\n\t\t\t\t\t\t\ttabindex=\"0\"\n\t\t\t\t\t\t\taria-label=\"Partager sur linkedin\"\n\t\t\t\t\t\t>\n\t\t\t\t\t\t\t\t\t\t\t\t\t\t\t<span class=\"elementor-share-btn__icon\">\n\t\t\t\t\t\t\t\t<svg class=\"e-font-icon-svg e-fab-linkedin\" viewBox=\"0 0 448 512\" xmlns=\"http:\/\/www.w3.org\/2000\/svg\"><path d=\"M416 32H31.9C14.3 32 0 46.5 0 64.3v383.4C0 465.5 14.3 480 31.9 480H416c17.6 0 32-14.5 32-32.3V64.3c0-17.8-14.4-32.3-32-32.3zM135.4 416H69V202.2h66.5V416zm-33.2-243c-21.3 0-38.5-17.3-38.5-38.5S80.9 96 102.2 96c21.2 0 38.5 17.3 38.5 38.5 0 21.3-17.2 38.5-38.5 38.5zm282.1 243h-66.4V312c0-24.8-.5-56.7-34.5-56.7-34.6 0-39.9 27-39.9 54.9V416h-66.4V202.2h63.7v29.2h.9c8.9-16.8 30.6-34.5 62.9-34.5 67.2 0 79.7 44.3 79.7 101.9V416z\"><\/path><\/svg>\t\t\t\t\t\t\t<\/span>\n\t\t\t\t\t\t\t\t\t\t\t\t\t\t\t\t\t\t\t\t\t\t<div class=\"elementor-share-btn__text\">\n\t\t\t\t\t\t\t\t\t\t\t\t\t\t\t\t\t\t\t<span class=\"elementor-share-btn__title\">\n\t\t\t\t\t\t\t\t\t\tLinkedIn\t\t\t\t\t\t\t\t\t<\/span>\n\t\t\t\t\t\t\t\t\t\t\t\t\t\t\t\t\t<\/div>\n\t\t\t\t\t\t\t\t\t\t\t\t\t<\/div>\n\t\t\t\t\t<\/div>\n\t\t\t\t\t\t<\/div>\n\t\t\t\t\t\t<\/div>\n\t\t\t\t<\/div>\n\t\t\t\t<div class=\"elementor-element elementor-element-bd3084b elementor-shape-rounded elementor-grid-0 e-grid-align-center elementor-widget elementor-widget-global elementor-global-1106 elementor-widget-social-icons\" data-id=\"bd3084b\" data-element_type=\"widget\" data-widget_type=\"social-icons.default\">\n\t\t\t\t<div class=\"elementor-widget-container\">\n\t\t\t\t\t\t\t<div class=\"elementor-social-icons-wrapper elementor-grid\">\n\t\t\t\t\t\t\t<span class=\"elementor-grid-item\">\n\t\t\t\t\t<a class=\"elementor-icon elementor-social-icon elementor-social-icon-facebook elementor-repeater-item-dedff90\" href=\"https:\/\/www.facebook.com\/sebhypnoseetpierre?locale=fr_FR\" target=\"_blank\">\n\t\t\t\t\t\t<span class=\"elementor-screen-only\">Facebook<\/span>\n\t\t\t\t\t\t<svg class=\"e-font-icon-svg e-fab-facebook\" viewBox=\"0 0 512 512\" xmlns=\"http:\/\/www.w3.org\/2000\/svg\"><path d=\"M504 256C504 119 393 8 256 8S8 119 8 256c0 123.78 90.69 226.38 209.25 245V327.69h-63V256h63v-54.64c0-62.15 37-96.48 93.67-96.48 27.14 0 55.52 4.84 55.52 4.84v61h-31.28c-30.8 0-40.41 19.12-40.41 38.73V256h68.78l-11 71.69h-57.78V501C413.31 482.38 504 379.78 504 256z\"><\/path><\/svg>\t\t\t\t\t<\/a>\n\t\t\t\t<\/span>\n\t\t\t\t\t\t\t<span class=\"elementor-grid-item\">\n\t\t\t\t\t<a class=\"elementor-icon elementor-social-icon elementor-social-icon-youtube elementor-repeater-item-93f1281\" href=\"https:\/\/www.youtube.com\/@Mebah31\" target=\"_blank\">\n\t\t\t\t\t\t<span class=\"elementor-screen-only\">Youtube<\/span>\n\t\t\t\t\t\t<svg class=\"e-font-icon-svg e-fab-youtube\" viewBox=\"0 0 576 512\" xmlns=\"http:\/\/www.w3.org\/2000\/svg\"><path d=\"M549.655 124.083c-6.281-23.65-24.787-42.276-48.284-48.597C458.781 64 288 64 288 64S117.22 64 74.629 75.486c-23.497 6.322-42.003 24.947-48.284 48.597-11.412 42.867-11.412 132.305-11.412 132.305s0 89.438 11.412 132.305c6.281 23.65 24.787 41.5 48.284 47.821C117.22 448 288 448 288 448s170.78 0 213.371-11.486c23.497-6.321 42.003-24.171 48.284-47.821 11.412-42.867 11.412-132.305 11.412-132.305s0-89.438-11.412-132.305zm-317.51 213.508V175.185l142.739 81.205-142.739 81.201z\"><\/path><\/svg>\t\t\t\t\t<\/a>\n\t\t\t\t<\/span>\n\t\t\t\t\t\t\t<span class=\"elementor-grid-item\">\n\t\t\t\t\t<a class=\"elementor-icon elementor-social-icon elementor-social-icon-instagram elementor-repeater-item-21e065d\" href=\"https:\/\/www.instagram.com\/hypnoseetpierres\/\" target=\"_blank\">\n\t\t\t\t\t\t<span class=\"elementor-screen-only\">Instagram<\/span>\n\t\t\t\t\t\t<svg class=\"e-font-icon-svg e-fab-instagram\" viewBox=\"0 0 448 512\" xmlns=\"http:\/\/www.w3.org\/2000\/svg\"><path d=\"M224.1 141c-63.6 0-114.9 51.3-114.9 114.9s51.3 114.9 114.9 114.9S339 319.5 339 255.9 287.7 141 224.1 141zm0 189.6c-41.1 0-74.7-33.5-74.7-74.7s33.5-74.7 74.7-74.7 74.7 33.5 74.7 74.7-33.6 74.7-74.7 74.7zm146.4-194.3c0 14.9-12 26.8-26.8 26.8-14.9 0-26.8-12-26.8-26.8s12-26.8 26.8-26.8 26.8 12 26.8 26.8zm76.1 27.2c-1.7-35.9-9.9-67.7-36.2-93.9-26.2-26.2-58-34.4-93.9-36.2-37-2.1-147.9-2.1-184.9 0-35.8 1.7-67.6 9.9-93.9 36.1s-34.4 58-36.2 93.9c-2.1 37-2.1 147.9 0 184.9 1.7 35.9 9.9 67.7 36.2 93.9s58 34.4 93.9 36.2c37 2.1 147.9 2.1 184.9 0 35.9-1.7 67.7-9.9 93.9-36.2 26.2-26.2 34.4-58 36.2-93.9 2.1-37 2.1-147.8 0-184.8zM398.8 388c-7.8 19.6-22.9 34.7-42.6 42.6-29.5 11.7-99.5 9-132.1 9s-102.7 2.6-132.1-9c-19.6-7.8-34.7-22.9-42.6-42.6-11.7-29.5-9-99.5-9-132.1s-2.6-102.7 9-132.1c7.8-19.6 22.9-34.7 42.6-42.6 29.5-11.7 99.5-9 132.1-9s102.7-2.6 132.1 9c19.6 7.8 34.7 22.9 42.6 42.6 11.7 29.5 9 99.5 9 132.1s2.7 102.7-9 132.1z\"><\/path><\/svg>\t\t\t\t\t<\/a>\n\t\t\t\t<\/span>\n\t\t\t\t\t<\/div>\n\t\t\t\t\t\t<\/div>\n\t\t\t\t<\/div>\n\t\t\t\t<\/div>\n\t\t\t\t\t<\/div>\n\t\t\t\t<\/div>\n\t\t\t\t<\/div>\n\t\t","protected":false},"excerpt":{"rendered":"<p>Et si le corps nous parlait ? Je l\u2019ai oubli\u00e9, ce corps. Je l\u2019ai maltrait\u00e9.Un jour, je me suis regard\u00e9 dans un miroir et j\u2019ai eu un \u00e9lectrochoc.J\u2019\u00e9tais devenu un tonneau, un gros baril. Je ne l\u2019avais pas vu arriver.Mais j\u2019\u00e9tais devenu ob\u00e8se. Avec le temps, apr\u00e8s m\u2019\u00eatre lib\u00e9r\u00e9 d\u2019une addiction, j\u2019\u00e9tais pass\u00e9 \u00e0 une [&hellip;]<\/p>\n","protected":false},"author":1,"featured_media":2277,"comment_status":"open","ping_status":"open","sticky":false,"template":"","format":"standard","meta":{"footnotes":""},"categories":[14,12],"tags":[],"class_list":["post-2107","post","type-post","status-publish","format-standard","has-post-thumbnail","hentry","category-methode-experience","category-psyche-emotion"],"yoast_head":"<!-- This site is optimized with the Yoast SEO plugin v24.3 - https:\/\/yoast.com\/wordpress\/plugins\/seo\/ -->\n<title>Revenir au corps : comprendre et r\u00e9guler ses \u00e9motions &#8226; Racines Min\u00e9rales<\/title>\n<meta name=\"description\" content=\"Notre corps se souvient. L\u00e0 o\u00f9 l\u2019esprit oublie, le corps archive tensions, \u00e9motions et traumatismes. D\u00e9couvrez comment la m\u00e9moire corporelle influence nos sensations, pourquoi le corps garde des souvenirs inconscients et comment lib\u00e9rer les tensions pour retrouver un \u00e9quilibre. Corps et \u00e9motions, dissociation, somatisation\u2026 D\u00e9cryptez les signaux silencieux que votre corps vous envoie.\" \/>\n<meta name=\"robots\" content=\"index, follow, max-snippet:-1, max-image-preview:large, max-video-preview:-1\" \/>\n<link rel=\"canonical\" href=\"https:\/\/www.hypnoseetpierres-sebastienlanotte.com\/index.php\/2025\/02\/21\/lexperience-somatique-de-peter-a-levine\/\" \/>\n<meta property=\"og:locale\" content=\"fr_FR\" \/>\n<meta property=\"og:type\" content=\"article\" \/>\n<meta property=\"og:title\" content=\"Revenir au corps : comprendre et r\u00e9guler ses \u00e9motions &#8226; Racines Min\u00e9rales\" \/>\n<meta property=\"og:description\" content=\"Notre corps se souvient. L\u00e0 o\u00f9 l\u2019esprit oublie, le corps archive tensions, \u00e9motions et traumatismes. D\u00e9couvrez comment la m\u00e9moire corporelle influence nos sensations, pourquoi le corps garde des souvenirs inconscients et comment lib\u00e9rer les tensions pour retrouver un \u00e9quilibre. Corps et \u00e9motions, dissociation, somatisation\u2026 D\u00e9cryptez les signaux silencieux que votre corps vous envoie.\" \/>\n<meta property=\"og:url\" content=\"https:\/\/www.hypnoseetpierres-sebastienlanotte.com\/index.php\/2025\/02\/21\/lexperience-somatique-de-peter-a-levine\/\" \/>\n<meta property=\"og:site_name\" content=\"Racines Min\u00e9rales\" \/>\n<meta property=\"article:publisher\" content=\"https:\/\/www.facebook.com\/sebhypnoseetpierre\/\" \/>\n<meta property=\"article:published_time\" content=\"2025-02-21T17:36:06+00:00\" \/>\n<meta property=\"article:modified_time\" content=\"2025-02-28T16:30:04+00:00\" \/>\n<meta property=\"og:image\" content=\"https:\/\/www.hypnoseetpierres-sebastienlanotte.com\/wp-content\/uploads\/2025\/02\/Leonardo_Kino_XL_A_highly_realistic_photographstyle_image_of_a_0.jpg\" \/>\n\t<meta property=\"og:image:width\" content=\"1024\" \/>\n\t<meta property=\"og:image:height\" content=\"1024\" \/>\n\t<meta property=\"og:image:type\" content=\"image\/jpeg\" \/>\n<meta name=\"author\" content=\"admin7779\" \/>\n<meta name=\"twitter:card\" content=\"summary_large_image\" \/>\n<meta name=\"twitter:label1\" content=\"\u00c9crit par\" \/>\n\t<meta name=\"twitter:data1\" content=\"admin7779\" \/>\n\t<meta name=\"twitter:label2\" content=\"Dur\u00e9e de lecture estim\u00e9e\" \/>\n\t<meta name=\"twitter:data2\" content=\"30 minutes\" \/>\n<script type=\"application\/ld+json\" class=\"yoast-schema-graph\">{\"@context\":\"https:\/\/schema.org\",\"@graph\":[{\"@type\":\"Article\",\"@id\":\"https:\/\/www.hypnoseetpierres-sebastienlanotte.com\/index.php\/2025\/02\/21\/lexperience-somatique-de-peter-a-levine\/#article\",\"isPartOf\":{\"@id\":\"https:\/\/www.hypnoseetpierres-sebastienlanotte.com\/index.php\/2025\/02\/21\/lexperience-somatique-de-peter-a-levine\/\"},\"author\":{\"name\":\"admin7779\",\"@id\":\"https:\/\/www.hypnoseetpierres-sebastienlanotte.com\/#\/schema\/person\/de65a744df6ea82df4b3bf6f80742f22\"},\"headline\":\"Revenir au corps : comprendre et r\u00e9guler ses \u00e9motions\",\"datePublished\":\"2025-02-21T17:36:06+00:00\",\"dateModified\":\"2025-02-28T16:30:04+00:00\",\"mainEntityOfPage\":{\"@id\":\"https:\/\/www.hypnoseetpierres-sebastienlanotte.com\/index.php\/2025\/02\/21\/lexperience-somatique-de-peter-a-levine\/\"},\"wordCount\":4316,\"commentCount\":0,\"publisher\":{\"@id\":\"https:\/\/www.hypnoseetpierres-sebastienlanotte.com\/#organization\"},\"image\":{\"@id\":\"https:\/\/www.hypnoseetpierres-sebastienlanotte.com\/index.php\/2025\/02\/21\/lexperience-somatique-de-peter-a-levine\/#primaryimage\"},\"thumbnailUrl\":\"https:\/\/www.hypnoseetpierres-sebastienlanotte.com\/wp-content\/uploads\/2025\/02\/lhomme-obese.jpg\",\"articleSection\":[\"M\u00e9thodes et exp\u00e9riences\",\"Psych\u00e9 et \u00e9motions\"],\"inLanguage\":\"fr-FR\",\"potentialAction\":[{\"@type\":\"CommentAction\",\"name\":\"Comment\",\"target\":[\"https:\/\/www.hypnoseetpierres-sebastienlanotte.com\/index.php\/2025\/02\/21\/lexperience-somatique-de-peter-a-levine\/#respond\"]}]},{\"@type\":\"WebPage\",\"@id\":\"https:\/\/www.hypnoseetpierres-sebastienlanotte.com\/index.php\/2025\/02\/21\/lexperience-somatique-de-peter-a-levine\/\",\"url\":\"https:\/\/www.hypnoseetpierres-sebastienlanotte.com\/index.php\/2025\/02\/21\/lexperience-somatique-de-peter-a-levine\/\",\"name\":\"Revenir au corps : comprendre et r\u00e9guler ses \u00e9motions &#8226; Racines Min\u00e9rales\",\"isPartOf\":{\"@id\":\"https:\/\/www.hypnoseetpierres-sebastienlanotte.com\/#website\"},\"primaryImageOfPage\":{\"@id\":\"https:\/\/www.hypnoseetpierres-sebastienlanotte.com\/index.php\/2025\/02\/21\/lexperience-somatique-de-peter-a-levine\/#primaryimage\"},\"image\":{\"@id\":\"https:\/\/www.hypnoseetpierres-sebastienlanotte.com\/index.php\/2025\/02\/21\/lexperience-somatique-de-peter-a-levine\/#primaryimage\"},\"thumbnailUrl\":\"https:\/\/www.hypnoseetpierres-sebastienlanotte.com\/wp-content\/uploads\/2025\/02\/lhomme-obese.jpg\",\"datePublished\":\"2025-02-21T17:36:06+00:00\",\"dateModified\":\"2025-02-28T16:30:04+00:00\",\"description\":\"Notre corps se souvient. L\u00e0 o\u00f9 l\u2019esprit oublie, le corps archive tensions, \u00e9motions et traumatismes. D\u00e9couvrez comment la m\u00e9moire corporelle influence nos sensations, pourquoi le corps garde des souvenirs inconscients et comment lib\u00e9rer les tensions pour retrouver un \u00e9quilibre. Corps et \u00e9motions, dissociation, somatisation\u2026 D\u00e9cryptez les signaux silencieux que votre corps vous envoie.\",\"breadcrumb\":{\"@id\":\"https:\/\/www.hypnoseetpierres-sebastienlanotte.com\/index.php\/2025\/02\/21\/lexperience-somatique-de-peter-a-levine\/#breadcrumb\"},\"inLanguage\":\"fr-FR\",\"potentialAction\":[{\"@type\":\"ReadAction\",\"target\":[\"https:\/\/www.hypnoseetpierres-sebastienlanotte.com\/index.php\/2025\/02\/21\/lexperience-somatique-de-peter-a-levine\/\"]}]},{\"@type\":\"ImageObject\",\"inLanguage\":\"fr-FR\",\"@id\":\"https:\/\/www.hypnoseetpierres-sebastienlanotte.com\/index.php\/2025\/02\/21\/lexperience-somatique-de-peter-a-levine\/#primaryimage\",\"url\":\"https:\/\/www.hypnoseetpierres-sebastienlanotte.com\/wp-content\/uploads\/2025\/02\/lhomme-obese.jpg\",\"contentUrl\":\"https:\/\/www.hypnoseetpierres-sebastienlanotte.com\/wp-content\/uploads\/2025\/02\/lhomme-obese.jpg\",\"width\":1792,\"height\":1792,\"caption\":\"un homme se regarde dans un miroir et vois son corps qui est devenu gros\"},{\"@type\":\"BreadcrumbList\",\"@id\":\"https:\/\/www.hypnoseetpierres-sebastienlanotte.com\/index.php\/2025\/02\/21\/lexperience-somatique-de-peter-a-levine\/#breadcrumb\",\"itemListElement\":[{\"@type\":\"ListItem\",\"position\":1,\"name\":\"Accueil\",\"item\":\"https:\/\/www.hypnoseetpierres-sebastienlanotte.com\/\"},{\"@type\":\"ListItem\",\"position\":2,\"name\":\"Revenir au corps : comprendre et r\u00e9guler ses \u00e9motions\"}]},{\"@type\":\"WebSite\",\"@id\":\"https:\/\/www.hypnoseetpierres-sebastienlanotte.com\/#website\",\"url\":\"https:\/\/www.hypnoseetpierres-sebastienlanotte.com\/\",\"name\":\"Racines Min\u00e9rales - Hypnose et Pierres - S\u00e9bastien Lanotte\",\"description\":\"Prendre le temps de l&#039;\u00e9merveillement\",\"publisher\":{\"@id\":\"https:\/\/www.hypnoseetpierres-sebastienlanotte.com\/#organization\"},\"potentialAction\":[{\"@type\":\"SearchAction\",\"target\":{\"@type\":\"EntryPoint\",\"urlTemplate\":\"https:\/\/www.hypnoseetpierres-sebastienlanotte.com\/?s={search_term_string}\"},\"query-input\":{\"@type\":\"PropertyValueSpecification\",\"valueRequired\":true,\"valueName\":\"search_term_string\"}}],\"inLanguage\":\"fr-FR\"},{\"@type\":\"Organization\",\"@id\":\"https:\/\/www.hypnoseetpierres-sebastienlanotte.com\/#organization\",\"name\":\"Racines Min\u00e9rales S\u00e9bastien Lanotte EI\",\"url\":\"https:\/\/www.hypnoseetpierres-sebastienlanotte.com\/\",\"logo\":{\"@type\":\"ImageObject\",\"inLanguage\":\"fr-FR\",\"@id\":\"https:\/\/www.hypnoseetpierres-sebastienlanotte.com\/#\/schema\/logo\/image\/\",\"url\":\"https:\/\/www.hypnoseetpierres-sebastienlanotte.com\/wp-content\/uploads\/2025\/01\/Copie-de-Racines-minerales-1000-x-1000-px.png\",\"contentUrl\":\"https:\/\/www.hypnoseetpierres-sebastienlanotte.com\/wp-content\/uploads\/2025\/01\/Copie-de-Racines-minerales-1000-x-1000-px.png\",\"width\":1000,\"height\":1000,\"caption\":\"Racines Min\u00e9rales S\u00e9bastien Lanotte EI\"},\"image\":{\"@id\":\"https:\/\/www.hypnoseetpierres-sebastienlanotte.com\/#\/schema\/logo\/image\/\"},\"sameAs\":[\"https:\/\/www.facebook.com\/sebhypnoseetpierre\/\"]},{\"@type\":\"Person\",\"@id\":\"https:\/\/www.hypnoseetpierres-sebastienlanotte.com\/#\/schema\/person\/de65a744df6ea82df4b3bf6f80742f22\",\"name\":\"admin7779\",\"image\":{\"@type\":\"ImageObject\",\"inLanguage\":\"fr-FR\",\"@id\":\"https:\/\/www.hypnoseetpierres-sebastienlanotte.com\/#\/schema\/person\/image\/\",\"url\":\"https:\/\/secure.gravatar.com\/avatar\/e7111615dcae53a1ad2e60a6d7120729565fbf77145d05007fcdf933db46f5e7?s=96&d=mm&r=g\",\"contentUrl\":\"https:\/\/secure.gravatar.com\/avatar\/e7111615dcae53a1ad2e60a6d7120729565fbf77145d05007fcdf933db46f5e7?s=96&d=mm&r=g\",\"caption\":\"admin7779\"},\"sameAs\":[\"http:\/\/hypnosc.cluster031.hosting.ovh.net\"],\"url\":\"https:\/\/www.hypnoseetpierres-sebastienlanotte.com\/index.php\/author\/admin7779\/\"}]}<\/script>\n<!-- \/ Yoast SEO plugin. -->","yoast_head_json":{"title":"Revenir au corps : comprendre et r\u00e9guler ses \u00e9motions &#8226; Racines Min\u00e9rales","description":"Notre corps se souvient. L\u00e0 o\u00f9 l\u2019esprit oublie, le corps archive tensions, \u00e9motions et traumatismes. D\u00e9couvrez comment la m\u00e9moire corporelle influence nos sensations, pourquoi le corps garde des souvenirs inconscients et comment lib\u00e9rer les tensions pour retrouver un \u00e9quilibre. Corps et \u00e9motions, dissociation, somatisation\u2026 D\u00e9cryptez les signaux silencieux que votre corps vous envoie.","robots":{"index":"index","follow":"follow","max-snippet":"max-snippet:-1","max-image-preview":"max-image-preview:large","max-video-preview":"max-video-preview:-1"},"canonical":"https:\/\/www.hypnoseetpierres-sebastienlanotte.com\/index.php\/2025\/02\/21\/lexperience-somatique-de-peter-a-levine\/","og_locale":"fr_FR","og_type":"article","og_title":"Revenir au corps : comprendre et r\u00e9guler ses \u00e9motions &#8226; Racines Min\u00e9rales","og_description":"Notre corps se souvient. L\u00e0 o\u00f9 l\u2019esprit oublie, le corps archive tensions, \u00e9motions et traumatismes. D\u00e9couvrez comment la m\u00e9moire corporelle influence nos sensations, pourquoi le corps garde des souvenirs inconscients et comment lib\u00e9rer les tensions pour retrouver un \u00e9quilibre. Corps et \u00e9motions, dissociation, somatisation\u2026 D\u00e9cryptez les signaux silencieux que votre corps vous envoie.","og_url":"https:\/\/www.hypnoseetpierres-sebastienlanotte.com\/index.php\/2025\/02\/21\/lexperience-somatique-de-peter-a-levine\/","og_site_name":"Racines Min\u00e9rales","article_publisher":"https:\/\/www.facebook.com\/sebhypnoseetpierre\/","article_published_time":"2025-02-21T17:36:06+00:00","article_modified_time":"2025-02-28T16:30:04+00:00","og_image":[{"width":1024,"height":1024,"url":"https:\/\/www.hypnoseetpierres-sebastienlanotte.com\/wp-content\/uploads\/2025\/02\/Leonardo_Kino_XL_A_highly_realistic_photographstyle_image_of_a_0.jpg","type":"image\/jpeg"}],"author":"admin7779","twitter_card":"summary_large_image","twitter_misc":{"\u00c9crit par":"admin7779","Dur\u00e9e de lecture estim\u00e9e":"30 minutes"},"schema":{"@context":"https:\/\/schema.org","@graph":[{"@type":"Article","@id":"https:\/\/www.hypnoseetpierres-sebastienlanotte.com\/index.php\/2025\/02\/21\/lexperience-somatique-de-peter-a-levine\/#article","isPartOf":{"@id":"https:\/\/www.hypnoseetpierres-sebastienlanotte.com\/index.php\/2025\/02\/21\/lexperience-somatique-de-peter-a-levine\/"},"author":{"name":"admin7779","@id":"https:\/\/www.hypnoseetpierres-sebastienlanotte.com\/#\/schema\/person\/de65a744df6ea82df4b3bf6f80742f22"},"headline":"Revenir au corps : comprendre et r\u00e9guler ses \u00e9motions","datePublished":"2025-02-21T17:36:06+00:00","dateModified":"2025-02-28T16:30:04+00:00","mainEntityOfPage":{"@id":"https:\/\/www.hypnoseetpierres-sebastienlanotte.com\/index.php\/2025\/02\/21\/lexperience-somatique-de-peter-a-levine\/"},"wordCount":4316,"commentCount":0,"publisher":{"@id":"https:\/\/www.hypnoseetpierres-sebastienlanotte.com\/#organization"},"image":{"@id":"https:\/\/www.hypnoseetpierres-sebastienlanotte.com\/index.php\/2025\/02\/21\/lexperience-somatique-de-peter-a-levine\/#primaryimage"},"thumbnailUrl":"https:\/\/www.hypnoseetpierres-sebastienlanotte.com\/wp-content\/uploads\/2025\/02\/lhomme-obese.jpg","articleSection":["M\u00e9thodes et exp\u00e9riences","Psych\u00e9 et \u00e9motions"],"inLanguage":"fr-FR","potentialAction":[{"@type":"CommentAction","name":"Comment","target":["https:\/\/www.hypnoseetpierres-sebastienlanotte.com\/index.php\/2025\/02\/21\/lexperience-somatique-de-peter-a-levine\/#respond"]}]},{"@type":"WebPage","@id":"https:\/\/www.hypnoseetpierres-sebastienlanotte.com\/index.php\/2025\/02\/21\/lexperience-somatique-de-peter-a-levine\/","url":"https:\/\/www.hypnoseetpierres-sebastienlanotte.com\/index.php\/2025\/02\/21\/lexperience-somatique-de-peter-a-levine\/","name":"Revenir au corps : comprendre et r\u00e9guler ses \u00e9motions &#8226; Racines Min\u00e9rales","isPartOf":{"@id":"https:\/\/www.hypnoseetpierres-sebastienlanotte.com\/#website"},"primaryImageOfPage":{"@id":"https:\/\/www.hypnoseetpierres-sebastienlanotte.com\/index.php\/2025\/02\/21\/lexperience-somatique-de-peter-a-levine\/#primaryimage"},"image":{"@id":"https:\/\/www.hypnoseetpierres-sebastienlanotte.com\/index.php\/2025\/02\/21\/lexperience-somatique-de-peter-a-levine\/#primaryimage"},"thumbnailUrl":"https:\/\/www.hypnoseetpierres-sebastienlanotte.com\/wp-content\/uploads\/2025\/02\/lhomme-obese.jpg","datePublished":"2025-02-21T17:36:06+00:00","dateModified":"2025-02-28T16:30:04+00:00","description":"Notre corps se souvient. L\u00e0 o\u00f9 l\u2019esprit oublie, le corps archive tensions, \u00e9motions et traumatismes. D\u00e9couvrez comment la m\u00e9moire corporelle influence nos sensations, pourquoi le corps garde des souvenirs inconscients et comment lib\u00e9rer les tensions pour retrouver un \u00e9quilibre. Corps et \u00e9motions, dissociation, somatisation\u2026 D\u00e9cryptez les signaux silencieux que votre corps vous envoie.","breadcrumb":{"@id":"https:\/\/www.hypnoseetpierres-sebastienlanotte.com\/index.php\/2025\/02\/21\/lexperience-somatique-de-peter-a-levine\/#breadcrumb"},"inLanguage":"fr-FR","potentialAction":[{"@type":"ReadAction","target":["https:\/\/www.hypnoseetpierres-sebastienlanotte.com\/index.php\/2025\/02\/21\/lexperience-somatique-de-peter-a-levine\/"]}]},{"@type":"ImageObject","inLanguage":"fr-FR","@id":"https:\/\/www.hypnoseetpierres-sebastienlanotte.com\/index.php\/2025\/02\/21\/lexperience-somatique-de-peter-a-levine\/#primaryimage","url":"https:\/\/www.hypnoseetpierres-sebastienlanotte.com\/wp-content\/uploads\/2025\/02\/lhomme-obese.jpg","contentUrl":"https:\/\/www.hypnoseetpierres-sebastienlanotte.com\/wp-content\/uploads\/2025\/02\/lhomme-obese.jpg","width":1792,"height":1792,"caption":"un homme se regarde dans un miroir et vois son corps qui est devenu gros"},{"@type":"BreadcrumbList","@id":"https:\/\/www.hypnoseetpierres-sebastienlanotte.com\/index.php\/2025\/02\/21\/lexperience-somatique-de-peter-a-levine\/#breadcrumb","itemListElement":[{"@type":"ListItem","position":1,"name":"Accueil","item":"https:\/\/www.hypnoseetpierres-sebastienlanotte.com\/"},{"@type":"ListItem","position":2,"name":"Revenir au corps : comprendre et r\u00e9guler ses \u00e9motions"}]},{"@type":"WebSite","@id":"https:\/\/www.hypnoseetpierres-sebastienlanotte.com\/#website","url":"https:\/\/www.hypnoseetpierres-sebastienlanotte.com\/","name":"Racines Min\u00e9rales - Hypnose et Pierres - S\u00e9bastien Lanotte","description":"Prendre le temps de l&#039;\u00e9merveillement","publisher":{"@id":"https:\/\/www.hypnoseetpierres-sebastienlanotte.com\/#organization"},"potentialAction":[{"@type":"SearchAction","target":{"@type":"EntryPoint","urlTemplate":"https:\/\/www.hypnoseetpierres-sebastienlanotte.com\/?s={search_term_string}"},"query-input":{"@type":"PropertyValueSpecification","valueRequired":true,"valueName":"search_term_string"}}],"inLanguage":"fr-FR"},{"@type":"Organization","@id":"https:\/\/www.hypnoseetpierres-sebastienlanotte.com\/#organization","name":"Racines Min\u00e9rales S\u00e9bastien Lanotte EI","url":"https:\/\/www.hypnoseetpierres-sebastienlanotte.com\/","logo":{"@type":"ImageObject","inLanguage":"fr-FR","@id":"https:\/\/www.hypnoseetpierres-sebastienlanotte.com\/#\/schema\/logo\/image\/","url":"https:\/\/www.hypnoseetpierres-sebastienlanotte.com\/wp-content\/uploads\/2025\/01\/Copie-de-Racines-minerales-1000-x-1000-px.png","contentUrl":"https:\/\/www.hypnoseetpierres-sebastienlanotte.com\/wp-content\/uploads\/2025\/01\/Copie-de-Racines-minerales-1000-x-1000-px.png","width":1000,"height":1000,"caption":"Racines Min\u00e9rales S\u00e9bastien Lanotte EI"},"image":{"@id":"https:\/\/www.hypnoseetpierres-sebastienlanotte.com\/#\/schema\/logo\/image\/"},"sameAs":["https:\/\/www.facebook.com\/sebhypnoseetpierre\/"]},{"@type":"Person","@id":"https:\/\/www.hypnoseetpierres-sebastienlanotte.com\/#\/schema\/person\/de65a744df6ea82df4b3bf6f80742f22","name":"admin7779","image":{"@type":"ImageObject","inLanguage":"fr-FR","@id":"https:\/\/www.hypnoseetpierres-sebastienlanotte.com\/#\/schema\/person\/image\/","url":"https:\/\/secure.gravatar.com\/avatar\/e7111615dcae53a1ad2e60a6d7120729565fbf77145d05007fcdf933db46f5e7?s=96&d=mm&r=g","contentUrl":"https:\/\/secure.gravatar.com\/avatar\/e7111615dcae53a1ad2e60a6d7120729565fbf77145d05007fcdf933db46f5e7?s=96&d=mm&r=g","caption":"admin7779"},"sameAs":["http:\/\/hypnosc.cluster031.hosting.ovh.net"],"url":"https:\/\/www.hypnoseetpierres-sebastienlanotte.com\/index.php\/author\/admin7779\/"}]}},"_links":{"self":[{"href":"https:\/\/www.hypnoseetpierres-sebastienlanotte.com\/index.php\/wp-json\/wp\/v2\/posts\/2107","targetHints":{"allow":["GET"]}}],"collection":[{"href":"https:\/\/www.hypnoseetpierres-sebastienlanotte.com\/index.php\/wp-json\/wp\/v2\/posts"}],"about":[{"href":"https:\/\/www.hypnoseetpierres-sebastienlanotte.com\/index.php\/wp-json\/wp\/v2\/types\/post"}],"author":[{"embeddable":true,"href":"https:\/\/www.hypnoseetpierres-sebastienlanotte.com\/index.php\/wp-json\/wp\/v2\/users\/1"}],"replies":[{"embeddable":true,"href":"https:\/\/www.hypnoseetpierres-sebastienlanotte.com\/index.php\/wp-json\/wp\/v2\/comments?post=2107"}],"version-history":[{"count":100,"href":"https:\/\/www.hypnoseetpierres-sebastienlanotte.com\/index.php\/wp-json\/wp\/v2\/posts\/2107\/revisions"}],"predecessor-version":[{"id":2420,"href":"https:\/\/www.hypnoseetpierres-sebastienlanotte.com\/index.php\/wp-json\/wp\/v2\/posts\/2107\/revisions\/2420"}],"wp:featuredmedia":[{"embeddable":true,"href":"https:\/\/www.hypnoseetpierres-sebastienlanotte.com\/index.php\/wp-json\/wp\/v2\/media\/2277"}],"wp:attachment":[{"href":"https:\/\/www.hypnoseetpierres-sebastienlanotte.com\/index.php\/wp-json\/wp\/v2\/media?parent=2107"}],"wp:term":[{"taxonomy":"category","embeddable":true,"href":"https:\/\/www.hypnoseetpierres-sebastienlanotte.com\/index.php\/wp-json\/wp\/v2\/categories?post=2107"},{"taxonomy":"post_tag","embeddable":true,"href":"https:\/\/www.hypnoseetpierres-sebastienlanotte.com\/index.php\/wp-json\/wp\/v2\/tags?post=2107"}],"curies":[{"name":"wp","href":"https:\/\/api.w.org\/{rel}","templated":true}]}}