{"id":2138,"date":"2025-02-23T20:57:20","date_gmt":"2025-02-23T19:57:20","guid":{"rendered":"https:\/\/www.hypnoseetpierres-sebastienlanotte.com\/?p=2138"},"modified":"2025-02-24T11:45:36","modified_gmt":"2025-02-24T10:45:36","slug":"colere-qui-es-tu-que-veux-tu","status":"publish","type":"post","link":"https:\/\/www.hypnoseetpierres-sebastienlanotte.com\/index.php\/2025\/02\/23\/colere-qui-es-tu-que-veux-tu\/","title":{"rendered":"Col\u00e8re qui es tu, que veux tu?"},"content":{"rendered":"\t\t<div data-elementor-type=\"wp-post\" data-elementor-id=\"2138\" class=\"elementor elementor-2138\" data-elementor-post-type=\"post\">\n\t\t\t\t<div class=\"elementor-element elementor-element-fd5d806 e-flex e-con-boxed e-con e-parent\" data-id=\"fd5d806\" data-element_type=\"container\">\n\t\t\t\t\t<div class=\"e-con-inner\">\n\t\t\t\t<div class=\"elementor-element elementor-element-fe8a0f8 elementor-widget elementor-widget-heading\" data-id=\"fe8a0f8\" data-element_type=\"widget\" data-widget_type=\"heading.default\">\n\t\t\t\t<div class=\"elementor-widget-container\">\n\t\t\t\t\t<h2 class=\"elementor-heading-title elementor-size-default\">Col\u00e8re, que me veux-tu ?<\/h2>\t\t\t\t<\/div>\n\t\t\t\t<\/div>\n\t\t\t\t<div class=\"elementor-element elementor-element-465ac26 elementor-widget elementor-widget-text-editor\" data-id=\"465ac26\" data-element_type=\"widget\" data-widget_type=\"text-editor.default\">\n\t\t\t\t<div class=\"elementor-widget-container\">\n\t\t\t\t\t\t\t\t\t<p data-start=\"939\" data-end=\"1208\">S\u2019il y a bien une \u00e9motion mal aim\u00e9e, c\u2019est <strong data-start=\"982\" data-end=\"995\">la col\u00e8re<\/strong>. Cela m\u2019a frapp\u00e9 dans ma pratique en cabinet : beaucoup de personnes expriment plus facilement la tristesse ou la peur que la col\u00e8re. Comme si elle \u00e9tait interdite, dangereuse, inacceptable. <strong data-start=\"1187\" data-end=\"1206\">Mais pourquoi ?<\/strong><\/p><p data-start=\"2685\" data-end=\"2750\">\u00a0<\/p>\t\t\t\t\t\t\t\t<\/div>\n\t\t\t\t<\/div>\n\t\t\t\t\t<\/div>\n\t\t\t\t<\/div>\n\t\t<div class=\"elementor-element elementor-element-6fd065a e-flex e-con-boxed e-con e-parent\" data-id=\"6fd065a\" data-element_type=\"container\">\n\t\t\t\t\t<div class=\"e-con-inner\">\n\t\t\t\t<div class=\"elementor-element elementor-element-b12fc0d elementor-widget elementor-widget-heading\" data-id=\"b12fc0d\" data-element_type=\"widget\" data-widget_type=\"heading.default\">\n\t\t\t\t<div class=\"elementor-widget-container\">\n\t\t\t\t\t<h3 class=\"elementor-heading-title elementor-size-default\">Pourquoi la col\u00e8re d\u00e9range-t-elle autant ?<\/h3>\t\t\t\t<\/div>\n\t\t\t\t<\/div>\n\t\t\t\t<div class=\"elementor-element elementor-element-f15cc80 elementor-widget elementor-widget-text-editor\" data-id=\"f15cc80\" data-element_type=\"widget\" data-widget_type=\"text-editor.default\">\n\t\t\t\t<div class=\"elementor-widget-container\">\n\t\t\t\t\t\t\t\t\t<h3 data-start=\"1210\" data-end=\"1262\">\u00a0<\/h3><p data-start=\"1263\" data-end=\"1573\">Elle <strong data-start=\"1268\" data-end=\"1297\">bouscule, secoue, effraie<\/strong>. Trop bruyante, trop intense, trop incontr\u00f4lable, elle bouleverse l\u2019ordre \u00e9tabli. On apprend vite \u00e0 la masquer sous des sourires forc\u00e9s, \u00e0 la refouler derri\u00e8re des silences pesants. <strong data-start=\"1480\" data-end=\"1571\">\u00ab\u00a0Ne te mets pas en col\u00e8re\u00a0\u00bb, \u00ab\u00a0Ce n\u2019est pas beau de se f\u00e2cher\u00a0\u00bb, \u00ab\u00a0Quel vilain caract\u00e8re !\u00a0\u00bb<\/strong><\/p><p data-start=\"1575\" data-end=\"1930\">D\u00e8s l\u2019enfance, la col\u00e8re est per\u00e7ue comme une faiblesse, une perte de contr\u00f4le. Dans une soci\u00e9t\u00e9 qui valorise <strong data-start=\"1685\" data-end=\"1719\">le calme et la ma\u00eetrise de soi<\/strong>, elle devient l\u2019\u00e9motion \u00e0 bannir. <strong data-start=\"1754\" data-end=\"1801\">Mais c\u2019est aussi l\u2019une des plus puissantes.<\/strong> Et si elle d\u00e9range tant, c\u2019est peut-\u00eatre parce qu\u2019elle renferme <strong data-start=\"1866\" data-end=\"1927\">une \u00e9nergie brute, un potentiel de transformation immense<\/strong>.<\/p><p data-start=\"2685\" data-end=\"2750\">\u00a0<\/p>\t\t\t\t\t\t\t\t<\/div>\n\t\t\t\t<\/div>\n\t\t\t\t<div class=\"elementor-element elementor-element-ec52816 elementor-toc--minimized-on-tablet elementor-widget elementor-widget-table-of-contents\" data-id=\"ec52816\" data-element_type=\"widget\" data-settings=\"{&quot;exclude_headings_by_selector&quot;:[],&quot;no_headings_message&quot;:&quot;Aucun titre n\\u2019a \\u00e9t\\u00e9 trouv\\u00e9 sur cette page.&quot;,&quot;headings_by_tags&quot;:[&quot;h2&quot;,&quot;h3&quot;,&quot;h4&quot;,&quot;h5&quot;,&quot;h6&quot;],&quot;marker_view&quot;:&quot;numbers&quot;,&quot;minimize_box&quot;:&quot;yes&quot;,&quot;minimized_on&quot;:&quot;tablet&quot;,&quot;hierarchical_view&quot;:&quot;yes&quot;,&quot;min_height&quot;:{&quot;unit&quot;:&quot;px&quot;,&quot;size&quot;:&quot;&quot;,&quot;sizes&quot;:[]},&quot;min_height_tablet&quot;:{&quot;unit&quot;:&quot;px&quot;,&quot;size&quot;:&quot;&quot;,&quot;sizes&quot;:[]},&quot;min_height_mobile&quot;:{&quot;unit&quot;:&quot;px&quot;,&quot;size&quot;:&quot;&quot;,&quot;sizes&quot;:[]}}\" data-widget_type=\"table-of-contents.default\">\n\t\t\t\t<div class=\"elementor-widget-container\">\n\t\t\t\t\t\t\t<div class=\"elementor-toc__header\">\n\t\t\t<h4 class=\"elementor-toc__header-title\">\n\t\t\t\tTable des mati\u00e8res\t\t\t<\/h4>\n\t\t\t\t\t\t\t<div class=\"elementor-toc__toggle-button elementor-toc__toggle-button--expand\" role=\"button\" tabindex=\"0\" aria-controls=\"elementor-toc__ec52816\" aria-expanded=\"true\" aria-label=\"Ouvrir la table des mati\u00e8res\"><svg aria-hidden=\"true\" class=\"e-font-icon-svg e-fas-chevron-down\" viewBox=\"0 0 448 512\" xmlns=\"http:\/\/www.w3.org\/2000\/svg\"><path d=\"M207.029 381.476L12.686 187.132c-9.373-9.373-9.373-24.569 0-33.941l22.667-22.667c9.357-9.357 24.522-9.375 33.901-.04L224 284.505l154.745-154.021c9.379-9.335 24.544-9.317 33.901.04l22.667 22.667c9.373 9.373 9.373 24.569 0 33.941L240.971 381.476c-9.373 9.372-24.569 9.372-33.942 0z\"><\/path><\/svg><\/div>\n\t\t\t\t<div class=\"elementor-toc__toggle-button elementor-toc__toggle-button--collapse\" role=\"button\" tabindex=\"0\" aria-controls=\"elementor-toc__ec52816\" aria-expanded=\"true\" aria-label=\"Fermer la table des mati\u00e8res\"><svg aria-hidden=\"true\" class=\"e-font-icon-svg e-fas-chevron-up\" viewBox=\"0 0 448 512\" xmlns=\"http:\/\/www.w3.org\/2000\/svg\"><path d=\"M240.971 130.524l194.343 194.343c9.373 9.373 9.373 24.569 0 33.941l-22.667 22.667c-9.357 9.357-24.522 9.375-33.901.04L224 227.495 69.255 381.516c-9.379 9.335-24.544 9.317-33.901-.04l-22.667-22.667c-9.373-9.373-9.373-24.569 0-33.941L207.03 130.525c9.372-9.373 24.568-9.373 33.941-.001z\"><\/path><\/svg><\/div>\n\t\t\t\t\t<\/div>\n\t\t<div id=\"elementor-toc__ec52816\" class=\"elementor-toc__body\">\n\t\t\t<div class=\"elementor-toc__spinner-container\">\n\t\t\t\t<svg class=\"elementor-toc__spinner eicon-animation-spin e-font-icon-svg e-eicon-loading\" aria-hidden=\"true\" viewBox=\"0 0 1000 1000\" xmlns=\"http:\/\/www.w3.org\/2000\/svg\"><path d=\"M500 975V858C696 858 858 696 858 500S696 142 500 142 142 304 142 500H25C25 237 238 25 500 25S975 237 975 500 763 975 500 975Z\"><\/path><\/svg>\t\t\t<\/div>\n\t\t<\/div>\n\t\t\t\t\t\t<\/div>\n\t\t\t\t<\/div>\n\t\t\t\t\t<\/div>\n\t\t\t\t<\/div>\n\t\t<div class=\"elementor-element elementor-element-1617752 e-flex e-con-boxed e-con e-parent\" data-id=\"1617752\" data-element_type=\"container\">\n\t\t\t\t\t<div class=\"e-con-inner\">\n\t\t\t\t<div class=\"elementor-element elementor-element-c20a804 elementor-widget elementor-widget-image\" data-id=\"c20a804\" data-element_type=\"widget\" data-widget_type=\"image.default\">\n\t\t\t\t<div class=\"elementor-widget-container\">\n\t\t\t\t\t\t\t\t\t\t\t\t\t\t\t<img fetchpriority=\"high\" decoding=\"async\" width=\"800\" height=\"417\" src=\"https:\/\/www.hypnoseetpierres-sebastienlanotte.com\/wp-content\/uploads\/2025\/02\/Cest-irrationnel-pourquoi-detruit-il-tout-comme-cela-3-1024x534.png\" class=\"attachment-large size-large wp-image-2140\" alt=\"l&#039;ours en col\u00e8re d\u00e9truit les arbres morts,c ubs et am\u00e9thyste s&#039;interroge sur la nature de la colere\" srcset=\"https:\/\/www.hypnoseetpierres-sebastienlanotte.com\/wp-content\/uploads\/2025\/02\/Cest-irrationnel-pourquoi-detruit-il-tout-comme-cela-3-1024x534.png 1024w, https:\/\/www.hypnoseetpierres-sebastienlanotte.com\/wp-content\/uploads\/2025\/02\/Cest-irrationnel-pourquoi-detruit-il-tout-comme-cela-3-300x157.png 300w, https:\/\/www.hypnoseetpierres-sebastienlanotte.com\/wp-content\/uploads\/2025\/02\/Cest-irrationnel-pourquoi-detruit-il-tout-comme-cela-3-768x401.png 768w, https:\/\/www.hypnoseetpierres-sebastienlanotte.com\/wp-content\/uploads\/2025\/02\/Cest-irrationnel-pourquoi-detruit-il-tout-comme-cela-3-1536x802.png 1536w, https:\/\/www.hypnoseetpierres-sebastienlanotte.com\/wp-content\/uploads\/2025\/02\/Cest-irrationnel-pourquoi-detruit-il-tout-comme-cela-3.png 1640w\" sizes=\"(max-width: 800px) 100vw, 800px\" \/>\t\t\t\t\t\t\t\t\t\t\t\t\t\t\t<\/div>\n\t\t\t\t<\/div>\n\t\t\t\t\t<\/div>\n\t\t\t\t<\/div>\n\t\t<div class=\"elementor-element elementor-element-c6b4646 e-flex e-con-boxed e-con e-parent\" data-id=\"c6b4646\" data-element_type=\"container\">\n\t\t\t\t\t<div class=\"e-con-inner\">\n\t\t\t\t<div class=\"elementor-element elementor-element-534b3bf elementor-widget elementor-widget-heading\" data-id=\"534b3bf\" data-element_type=\"widget\" data-widget_type=\"heading.default\">\n\t\t\t\t<div class=\"elementor-widget-container\">\n\t\t\t\t\t<h3 class=\"elementor-heading-title elementor-size-default\">Apprendre \u00e0 faire de la col\u00e8re une alli\u00e9e<\/h3>\t\t\t\t<\/div>\n\t\t\t\t<\/div>\n\t\t\t\t<div class=\"elementor-element elementor-element-5802f62 elementor-widget elementor-widget-text-editor\" data-id=\"5802f62\" data-element_type=\"widget\" data-widget_type=\"text-editor.default\">\n\t\t\t\t<div class=\"elementor-widget-container\">\n\t\t\t\t\t\t\t\t\t<p data-start=\"1984\" data-end=\"2108\">Alors, <strong data-start=\"1991\" data-end=\"2022\">\u00e0 quoi sert-elle vraiment ?<\/strong> Comment la canaliser, l\u2019exprimer, la rendre <strong data-start=\"2067\" data-end=\"2104\">cr\u00e9atrice plut\u00f4t que destructrice<\/strong> ?<\/p><p data-start=\"2110\" data-end=\"2357\">Je la connais bien, cette col\u00e8re. <strong data-start=\"2144\" data-end=\"2195\">Elle m\u2019a fait exploser, elle a \u00e9t\u00e9 destructrice<\/strong>. Mais elle m\u2019a aussi <strong data-start=\"2217\" data-end=\"2233\">sauv\u00e9 la vie<\/strong>. Elle a \u00e9t\u00e9 <strong data-start=\"2246\" data-end=\"2260\">mon moteur<\/strong>, mon carburant, celle qui m\u2019a permis <strong data-start=\"2298\" data-end=\"2354\">d\u2019avancer, de cr\u00e9er, d\u2019\u00e9crire ces lignes aujourd\u2019hui<\/strong>.<\/p><p data-start=\"2359\" data-end=\"2683\"><strong data-start=\"2359\" data-end=\"2379\">Dans cet article<\/strong>, je vous invite \u00e0 <strong data-start=\"2398\" data-end=\"2446\">plonger avec moi dans l\u2019univers de la col\u00e8re<\/strong> : celle qui br\u00fble, qui consume, mais aussi celle qui \u00e9l\u00e8ve et transforme. Je vais vous partager <strong data-start=\"2543\" data-end=\"2597\">mon exp\u00e9rience personnelle et celle d\u2019accompagnant<\/strong>, pour explorer ensemble <strong data-start=\"2622\" data-end=\"2680\">comment apprivoiser cette force et en faire une alli\u00e9e<\/strong>.<\/p><p data-start=\"2685\" data-end=\"2750\">\u00a0<strong data-start=\"2688\" data-end=\"2748\">Pr\u00eats \u00e0 changer votre regard sur la col\u00e8re ? Suivez-moi.<\/strong><\/p>\t\t\t\t\t\t\t\t<\/div>\n\t\t\t\t<\/div>\n\t\t\t\t<div class=\"elementor-element elementor-element-fd3b8a6 elementor-widget elementor-widget-image\" data-id=\"fd3b8a6\" data-element_type=\"widget\" data-widget_type=\"image.default\">\n\t\t\t\t<div class=\"elementor-widget-container\">\n\t\t\t\t\t\t\t\t\t\t\t\t\t\t\t<img decoding=\"async\" width=\"800\" height=\"40\" src=\"https:\/\/www.hypnoseetpierres-sebastienlanotte.com\/wp-content\/uploads\/2025\/02\/cristaux-separateur.png\" class=\"attachment-large size-large wp-image-1313\" alt=\"\" srcset=\"https:\/\/www.hypnoseetpierres-sebastienlanotte.com\/wp-content\/uploads\/2025\/02\/cristaux-separateur.png 1000w, https:\/\/www.hypnoseetpierres-sebastienlanotte.com\/wp-content\/uploads\/2025\/02\/cristaux-separateur-300x15.png 300w, https:\/\/www.hypnoseetpierres-sebastienlanotte.com\/wp-content\/uploads\/2025\/02\/cristaux-separateur-768x38.png 768w\" sizes=\"(max-width: 800px) 100vw, 800px\" \/>\t\t\t\t\t\t\t\t\t\t\t\t\t\t\t<\/div>\n\t\t\t\t<\/div>\n\t\t\t\t\t<\/div>\n\t\t\t\t<\/div>\n\t\t<div class=\"elementor-element elementor-element-32d0a7d e-flex e-con-boxed e-con e-parent\" data-id=\"32d0a7d\" data-element_type=\"container\">\n\t\t\t\t\t<div class=\"e-con-inner\">\n\t\t\t\t<div class=\"elementor-element elementor-element-4ae7f29 elementor-widget elementor-widget-image\" data-id=\"4ae7f29\" data-element_type=\"widget\" data-widget_type=\"image.default\">\n\t\t\t\t<div class=\"elementor-widget-container\">\n\t\t\t\t\t\t\t\t\t\t\t\t\t\t\t<img decoding=\"async\" width=\"800\" height=\"417\" src=\"https:\/\/www.hypnoseetpierres-sebastienlanotte.com\/wp-content\/uploads\/2025\/02\/Il-parait-que-la-colere-sert-a-poser-ses-limites-a-reparer-des-injustices-a-se-proteger\u2026-Interessant.-3-1024x534.png\" class=\"attachment-large size-large wp-image-2141\" alt=\"l&#039;ours enrag\u00e9, am\u00e9thys et cubs discute de l&#039;utilit\u00e9 de la col\u00e8re\" srcset=\"https:\/\/www.hypnoseetpierres-sebastienlanotte.com\/wp-content\/uploads\/2025\/02\/Il-parait-que-la-colere-sert-a-poser-ses-limites-a-reparer-des-injustices-a-se-proteger\u2026-Interessant.-3-1024x534.png 1024w, https:\/\/www.hypnoseetpierres-sebastienlanotte.com\/wp-content\/uploads\/2025\/02\/Il-parait-que-la-colere-sert-a-poser-ses-limites-a-reparer-des-injustices-a-se-proteger\u2026-Interessant.-3-300x157.png 300w, https:\/\/www.hypnoseetpierres-sebastienlanotte.com\/wp-content\/uploads\/2025\/02\/Il-parait-que-la-colere-sert-a-poser-ses-limites-a-reparer-des-injustices-a-se-proteger\u2026-Interessant.-3-768x401.png 768w, https:\/\/www.hypnoseetpierres-sebastienlanotte.com\/wp-content\/uploads\/2025\/02\/Il-parait-que-la-colere-sert-a-poser-ses-limites-a-reparer-des-injustices-a-se-proteger\u2026-Interessant.-3-1536x802.png 1536w, https:\/\/www.hypnoseetpierres-sebastienlanotte.com\/wp-content\/uploads\/2025\/02\/Il-parait-que-la-colere-sert-a-poser-ses-limites-a-reparer-des-injustices-a-se-proteger\u2026-Interessant.-3.png 1640w\" sizes=\"(max-width: 800px) 100vw, 800px\" \/>\t\t\t\t\t\t\t\t\t\t\t\t\t\t\t<\/div>\n\t\t\t\t<\/div>\n\t\t\t\t\t<\/div>\n\t\t\t\t<\/div>\n\t\t<div class=\"elementor-element elementor-element-dbca0dc e-flex e-con-boxed e-con e-parent\" data-id=\"dbca0dc\" data-element_type=\"container\">\n\t\t\t\t\t<div class=\"e-con-inner\">\n\t\t\t\t<div class=\"elementor-element elementor-element-8a13499 elementor-widget elementor-widget-heading\" data-id=\"8a13499\" data-element_type=\"widget\" data-widget_type=\"heading.default\">\n\t\t\t\t<div class=\"elementor-widget-container\">\n\t\t\t\t\t<h3 class=\"elementor-heading-title elementor-size-default\">Pourquoi la col\u00e8re est si mal accept\u00e9e ?<\/h3>\t\t\t\t<\/div>\n\t\t\t\t<\/div>\n\t\t\t\t<div class=\"elementor-element elementor-element-23f79b6 elementor-widget elementor-widget-text-editor\" data-id=\"23f79b6\" data-element_type=\"widget\" data-widget_type=\"text-editor.default\">\n\t\t\t\t<div class=\"elementor-widget-container\">\n\t\t\t\t\t\t\t\t\t<p data-start=\"2249\" data-end=\"2506\">Travailler avec les \u00e9motions fait partie du quotidien de tout praticien en hypnose d\u2019accompagnement. Une chose qui m\u2019a souvent interpell\u00e9, c\u2019est la difficult\u00e9 qu\u2019\u00e9prouvent certaines personnes \u00e0 acc\u00e9der et \u00e0 exprimer leur col\u00e8re, notamment chez les femmes.<\/p><p data-start=\"2513\" data-end=\"2741\"><strong>La col\u00e8re est mal accept\u00e9e, car elle d\u00e9range. Elle fait peur, aussi bien chez les autres qu\u2019en soi-m\u00eame.<\/strong> Beaucoup redoutent son surgissement, la percevant comme une perte de contr\u00f4le ou une menace pour l\u2019\u00e9quilibre relationnel.<\/p><p data-start=\"2748\" data-end=\"3082\">Dans le monde du travail, elle est souvent assimil\u00e9e \u00e0 un manque de professionnalisme.<br data-start=\"2834\" data-end=\"2837\" \/>Dans les relations personnelles, elle peut \u00eatre mal interpr\u00e9t\u00e9e et g\u00e9n\u00e9rer des conflits.<br data-start=\"2927\" data-end=\"2930\" \/>Chez les femmes, elle est encore plus stigmatis\u00e9e, car elle entre en contradiction avec les attentes sociales de douceur et de retenue \u00e9motionnelle.<\/p><p data-start=\"3089\" data-end=\"3178\"><strong>Ainsi, la col\u00e8re est fr\u00e9quemment per\u00e7ue comme une d\u00e9faillance, une faiblesse \u00e0 masquer.<\/strong><\/p><p data-start=\"3185\" data-end=\"3434\">Pourtant, c\u2019est une \u00e9motion essentielle. Elle signale un besoin de changement, de protection ou d\u2019affirmation de soi. Elle est une force, une \u00e9nergie brute qui, lorsqu\u2019elle est comprise et exprim\u00e9e sainement, devient un formidable moteur d\u2019action.<\/p><p data-start=\"3441\" data-end=\"3646\">Mais lorsqu\u2019elle est r\u00e9prim\u00e9e ou mal canalis\u00e9e, elle se transforme en une charge int\u00e9rieure pesante, s\u2019accumulant silencieusement jusqu\u2019\u00e0 exploser ou se dissoudre dans l\u2019amertume et l\u2019usure \u00e9motionnelle.<\/p><p data-start=\"3653\" data-end=\"4046\"><em>La col\u00e8re fait peur, et sans doute \u00e0 raison : lorsqu\u2019elle explose, ses cons\u00e9quences peuvent \u00eatre irr\u00e9parables. Mais doit-elle forc\u00e9ment \u00eatre r\u00e9duite \u00e0 un choix binaire entre violence et r\u00e9pression ? N\u2019existe-t-il pas un juste milieu, un curseur \u00e0 ajuster pour qu\u2019elle devienne une force constructive ? Comment apprendre \u00e0 l\u2019\u00e9couter et \u00e0 l\u2019exprimer sans qu\u2019elle nous d\u00e9borde ni nous \u00e9touffe ?<\/em><\/p><p data-start=\"4053\" data-end=\"4193\">Dans la suite de cet article, je vais vous partager mon regard et des pistes pour mieux comprendre et apprivoiser cette \u00e9motion essentielle.<\/p><p>.<\/p>\t\t\t\t\t\t\t\t<\/div>\n\t\t\t\t<\/div>\n\t\t\t\t\t<\/div>\n\t\t\t\t<\/div>\n\t\t<div class=\"elementor-element elementor-element-4c5ad2af e-flex e-con-boxed e-con e-parent\" data-id=\"4c5ad2af\" data-element_type=\"container\" data-settings=\"{&quot;background_background&quot;:&quot;classic&quot;}\">\n\t\t\t\t\t<div class=\"e-con-inner\">\n\t\t<div class=\"elementor-element elementor-element-59474fbc e-con-full e-flex e-con e-child\" data-id=\"59474fbc\" data-element_type=\"container\">\n\t\t\t\t<div class=\"elementor-element elementor-element-607cc88 elementor-widget elementor-widget-image\" data-id=\"607cc88\" data-element_type=\"widget\" data-widget_type=\"image.default\">\n\t\t\t\t<div class=\"elementor-widget-container\">\n\t\t\t\t\t\t\t\t\t\t\t\t\t\t\t<img loading=\"lazy\" decoding=\"async\" width=\"150\" height=\"150\" src=\"https:\/\/www.hypnoseetpierres-sebastienlanotte.com\/wp-content\/uploads\/2025\/02\/cubs4-150x150.png\" class=\"attachment-thumbnail size-thumbnail wp-image-2155\" alt=\"\" srcset=\"https:\/\/www.hypnoseetpierres-sebastienlanotte.com\/wp-content\/uploads\/2025\/02\/cubs4-150x150.png 150w, https:\/\/www.hypnoseetpierres-sebastienlanotte.com\/wp-content\/uploads\/2025\/02\/cubs4-300x300.png 300w, https:\/\/www.hypnoseetpierres-sebastienlanotte.com\/wp-content\/uploads\/2025\/02\/cubs4-768x768.png 768w, https:\/\/www.hypnoseetpierres-sebastienlanotte.com\/wp-content\/uploads\/2025\/02\/cubs4.png 1024w\" sizes=\"(max-width: 150px) 100vw, 150px\" \/>\t\t\t\t\t\t\t\t\t\t\t\t\t\t\t<\/div>\n\t\t\t\t<\/div>\n\t\t\t\t<div class=\"elementor-element elementor-element-bc60b49 elementor-widget elementor-widget-heading\" data-id=\"bc60b49\" data-element_type=\"widget\" data-widget_type=\"heading.default\">\n\t\t\t\t<div class=\"elementor-widget-container\">\n\t\t\t\t\t<h2 class=\"elementor-heading-title elementor-size-default\">D\u00e9finition de la col\u00e8re, par Cubs<\/h2>\t\t\t\t<\/div>\n\t\t\t\t<\/div>\n\t\t\t\t<div class=\"elementor-element elementor-element-0952ca8 elementor-widget elementor-widget-text-editor\" data-id=\"0952ca8\" data-element_type=\"widget\" data-widget_type=\"text-editor.default\">\n\t\t\t\t<div class=\"elementor-widget-container\">\n\t\t\t\t\t\t\t\t\t<p data-start=\"73\" data-end=\"287\">La <strong data-start=\"76\" data-end=\"86\">col\u00e8re<\/strong> est une <strong data-start=\"95\" data-end=\"115\">\u00e9motion primaire<\/strong> qui survient en r\u00e9ponse \u00e0 une frustration, une injustice ou une menace per\u00e7ue. Elle sert de <strong data-start=\"208\" data-end=\"232\">m\u00e9canisme de d\u00e9fense<\/strong> pour r\u00e9agir face \u00e0 une situation jug\u00e9e inacceptable.<\/p><h4 data-start=\"289\" data-end=\"330\">Caract\u00e9ristiques principales :<\/h4><ul data-start=\"331\" data-end=\"651\"><li data-start=\"331\" data-end=\"442\"><strong data-start=\"333\" data-end=\"351\">Physiologiques<\/strong> : Activation du syst\u00e8me nerveux (acc\u00e9l\u00e9ration du rythme cardiaque, mont\u00e9e d\u2019adr\u00e9naline).<\/li><li data-start=\"443\" data-end=\"525\"><strong data-start=\"445\" data-end=\"459\">Cognitives<\/strong> : \u00c9valuation d\u2019un d\u00e9s\u00e9quilibre ou d\u2019une atteinte \u00e0 ses besoins.<\/li><li data-start=\"526\" data-end=\"651\"><strong data-start=\"528\" data-end=\"548\">Comportementales<\/strong> : Peut mener \u00e0 une r\u00e9action impulsive (agression, fuite) ou contr\u00f4l\u00e9e (affirmation, transformation).<\/li><\/ul>\t\t\t\t\t\t\t\t<\/div>\n\t\t\t\t<\/div>\n\t\t\t\t<\/div>\n\t\t<div class=\"elementor-element elementor-element-31af3e3f e-con-full e-flex e-con e-child\" data-id=\"31af3e3f\" data-element_type=\"container\">\n\t\t<div class=\"elementor-element elementor-element-38850c1b e-con-full e-flex e-con e-child\" data-id=\"38850c1b\" data-element_type=\"container\">\n\t\t\t\t<div class=\"elementor-element elementor-element-d55cd57 elementor-widget elementor-widget-text-editor\" data-id=\"d55cd57\" data-element_type=\"widget\" data-widget_type=\"text-editor.default\">\n\t\t\t\t<div class=\"elementor-widget-container\">\n\t\t\t\t\t\t\t\t\t<h4 data-start=\"653\" data-end=\"687\">Fonction de la col\u00e8re :<\/h4><ul data-start=\"688\" data-end=\"849\"><li data-start=\"688\" data-end=\"740\"><strong data-start=\"690\" data-end=\"711\">Poser des limites<\/strong> et d\u00e9fendre son int\u00e9grit\u00e9.<\/li><li data-start=\"741\" data-end=\"807\"><strong data-start=\"743\" data-end=\"769\">Mobiliser de l\u2019\u00e9nergie<\/strong> pour agir et changer une situation.<\/li><li data-start=\"808\" data-end=\"849\"><strong data-start=\"810\" data-end=\"832\">Exprimer un besoin<\/strong> non satisfait.<\/li><\/ul><p data-start=\"1007\" data-end=\"1096\" data-is-last-node=\"\" data-is-only-node=\"\">\u00a0<\/p>\t\t\t\t\t\t\t\t<\/div>\n\t\t\t\t<\/div>\n\t\t\t\t<div class=\"elementor-element elementor-element-1a4b389 elementor-widget elementor-widget-text-editor\" data-id=\"1a4b389\" data-element_type=\"widget\" data-widget_type=\"text-editor.default\">\n\t\t\t\t<div class=\"elementor-widget-container\">\n\t\t\t\t\t\t\t\t\t<h4 data-start=\"851\" data-end=\"889\">Gestion et transformation :<\/h4><p data-start=\"890\" data-end=\"1005\">Mal ma\u00eetris\u00e9e, elle peut \u00eatre destructrice. Canalis\u00e9e, elle devient un <strong data-start=\"961\" data-end=\"1002\">moteur de changement et d\u2019affirmation<\/strong>.<\/p><p data-start=\"1007\" data-end=\"1096\" data-is-last-node=\"\" data-is-only-node=\"\"><strong data-start=\"1007\" data-end=\"1096\" data-is-last-node=\"\">\ud83d\udc49 La col\u00e8re n\u2019est ni bonne ni mauvaise. C\u2019est son expression qui fait la diff\u00e9rence.<\/strong><\/p>\t\t\t\t\t\t\t\t<\/div>\n\t\t\t\t<\/div>\n\t\t\t\t<\/div>\n\t\t<div class=\"elementor-element elementor-element-3023918a e-con-full e-flex e-con e-child\" data-id=\"3023918a\" data-element_type=\"container\">\n\t\t\t\t<div class=\"elementor-element elementor-element-142d3b6c elementor-widget elementor-widget-image\" data-id=\"142d3b6c\" data-element_type=\"widget\" data-widget_type=\"image.default\">\n\t\t\t\t<div class=\"elementor-widget-container\">\n\t\t\t\t\t\t\t\t\t\t\t\t\t\t\t<img loading=\"lazy\" decoding=\"async\" width=\"1024\" height=\"1024\" src=\"https:\/\/www.hypnoseetpierres-sebastienlanotte.com\/wp-content\/uploads\/2025\/02\/cubs5.png\" class=\"attachment-1536x1536 size-1536x1536 wp-image-1560\" alt=\"cubs, un avatar style bd, inspir\u00e9 du min\u00e9ral pyrite, il est dor\u00e9 anguleux, analytique et sceptique, il jongle avec des cube dor\u00e9s\" srcset=\"https:\/\/www.hypnoseetpierres-sebastienlanotte.com\/wp-content\/uploads\/2025\/02\/cubs5.png 1024w, https:\/\/www.hypnoseetpierres-sebastienlanotte.com\/wp-content\/uploads\/2025\/02\/cubs5-300x300.png 300w, https:\/\/www.hypnoseetpierres-sebastienlanotte.com\/wp-content\/uploads\/2025\/02\/cubs5-150x150.png 150w, https:\/\/www.hypnoseetpierres-sebastienlanotte.com\/wp-content\/uploads\/2025\/02\/cubs5-768x768.png 768w\" sizes=\"(max-width: 1024px) 100vw, 1024px\" \/>\t\t\t\t\t\t\t\t\t\t\t\t\t\t\t<\/div>\n\t\t\t\t<\/div>\n\t\t\t\t<\/div>\n\t\t\t\t<\/div>\n\t\t\t\t\t<\/div>\n\t\t\t\t<\/div>\n\t\t<div class=\"elementor-element elementor-element-5f31168 e-flex e-con-boxed e-con e-parent\" data-id=\"5f31168\" data-element_type=\"container\">\n\t\t\t\t\t<div class=\"e-con-inner\">\n\t\t<div class=\"elementor-element elementor-element-c9af108 e-con-full e-flex e-con e-child\" data-id=\"c9af108\" data-element_type=\"container\">\n\t\t\t\t<div class=\"elementor-element elementor-element-eb0a126 elementor-widget elementor-widget-image\" data-id=\"eb0a126\" data-element_type=\"widget\" data-widget_type=\"image.default\">\n\t\t\t\t<div class=\"elementor-widget-container\">\n\t\t\t\t\t\t\t\t\t\t\t\t\t\t\t<img loading=\"lazy\" decoding=\"async\" width=\"800\" height=\"800\" src=\"https:\/\/www.hypnoseetpierres-sebastienlanotte.com\/wp-content\/uploads\/2025\/02\/converted_image_2.jpeg\" class=\"attachment-large size-large wp-image-2162\" alt=\"\" srcset=\"https:\/\/www.hypnoseetpierres-sebastienlanotte.com\/wp-content\/uploads\/2025\/02\/converted_image_2.jpeg 1024w, https:\/\/www.hypnoseetpierres-sebastienlanotte.com\/wp-content\/uploads\/2025\/02\/converted_image_2-300x300.jpeg 300w, https:\/\/www.hypnoseetpierres-sebastienlanotte.com\/wp-content\/uploads\/2025\/02\/converted_image_2-150x150.jpeg 150w, https:\/\/www.hypnoseetpierres-sebastienlanotte.com\/wp-content\/uploads\/2025\/02\/converted_image_2-768x768.jpeg 768w\" sizes=\"(max-width: 800px) 100vw, 800px\" \/>\t\t\t\t\t\t\t\t\t\t\t\t\t\t\t<\/div>\n\t\t\t\t<\/div>\n\t\t\t\t<\/div>\n\t\t<div class=\"elementor-element elementor-element-aa82f72 e-con-full e-flex e-con e-child\" data-id=\"aa82f72\" data-element_type=\"container\">\n\t\t\t\t<div class=\"elementor-element elementor-element-0afd078 elementor-widget elementor-widget-heading\" data-id=\"0afd078\" data-element_type=\"widget\" data-widget_type=\"heading.default\">\n\t\t\t\t<div class=\"elementor-widget-container\">\n\t\t\t\t\t<h2 class=\"elementor-heading-title elementor-size-default\">La col\u00e8re chez l\u2019enfant : un stade normal du d\u00e9veloppement<\/h2>\t\t\t\t<\/div>\n\t\t\t\t<\/div>\n\t\t\t\t<div class=\"elementor-element elementor-element-270da51 elementor-widget elementor-widget-text-editor\" data-id=\"270da51\" data-element_type=\"widget\" data-widget_type=\"text-editor.default\">\n\t\t\t\t<div class=\"elementor-widget-container\">\n\t\t\t\t\t\t\t\t\t<p data-start=\"280\" data-end=\"632\">La col\u00e8re est une <strong data-start=\"298\" data-end=\"318\">r\u00e9action normale<\/strong> chez l\u2019enfant, surtout avant 6 ans. \u00c0 cet \u00e2ge, <strong data-start=\"366\" data-end=\"429\">son cortex pr\u00e9frontal n\u2019est pas encore pleinement d\u00e9velopp\u00e9<\/strong>, ce qui signifie qu\u2019il <strong data-start=\"453\" data-end=\"519\">ne peut pas encore r\u00e9guler ses \u00e9motions de mani\u00e8re rationnelle<\/strong>. Il vit alors ses \u00e9motions <strong data-start=\"547\" data-end=\"583\">en direct, sans filtres ni recul<\/strong>, r\u00e9agissant instantan\u00e9ment \u00e0 ce qu\u2019il ressent.<\/p><p data-start=\"634\" data-end=\"1055\">Cette col\u00e8re <strong data-start=\"647\" data-end=\"674\">exprime une frustration<\/strong>. Avant 6 ans, l\u2019enfant ne fait pas encore clairement la distinction entre <strong data-start=\"749\" data-end=\"787\">lui et les autres, lui et le monde<\/strong>. Il est en pleine phase d\u2019apprentissage de ces notions. Ses besoins lui paraissent <strong data-start=\"871\" data-end=\"882\">absolus<\/strong> : lorsqu\u2019il veut quelque chose, il consid\u00e8re comme naturel de l\u2019obtenir imm\u00e9diatement. <strong data-start=\"970\" data-end=\"1053\">S\u2019il ne l\u2019obtient pas, il ressent de la frustration et l\u2019exprime par la col\u00e8re.<\/strong><\/p><p data-start=\"1057\" data-end=\"1295\">Son apprentissage se fait <strong data-start=\"1083\" data-end=\"1120\">par l\u2019exp\u00e9rience et l\u2019observation<\/strong>. Il va progressivement <strong data-start=\"1144\" data-end=\"1204\">int\u00e9grer les r\u00e9actions des adultes et des autres enfants<\/strong> face \u00e0 ses \u00e9motions, ce qui va fa\u00e7onner sa mani\u00e8re d\u2019exprimer sa frustration \u00e0 l\u2019avenir.<\/p>\t\t\t\t\t\t\t\t<\/div>\n\t\t\t\t<\/div>\n\t\t\t\t<\/div>\n\t\t\t\t\t<\/div>\n\t\t\t\t<\/div>\n\t\t<div class=\"elementor-element elementor-element-021fd2d e-flex e-con-boxed e-con e-parent\" data-id=\"021fd2d\" data-element_type=\"container\">\n\t\t\t\t\t<div class=\"e-con-inner\">\n\t\t\t\t<div class=\"elementor-element elementor-element-90a17a4 elementor-widget elementor-widget-image\" data-id=\"90a17a4\" data-element_type=\"widget\" data-widget_type=\"image.default\">\n\t\t\t\t<div class=\"elementor-widget-container\">\n\t\t\t\t\t\t\t\t\t\t\t\t\t\t\t<img loading=\"lazy\" decoding=\"async\" width=\"768\" height=\"768\" src=\"https:\/\/www.hypnoseetpierres-sebastienlanotte.com\/wp-content\/uploads\/2025\/02\/converted_image_3-768x768.jpeg\" class=\"attachment-medium_large size-medium_large wp-image-2166\" alt=\"\" srcset=\"https:\/\/www.hypnoseetpierres-sebastienlanotte.com\/wp-content\/uploads\/2025\/02\/converted_image_3-768x768.jpeg 768w, https:\/\/www.hypnoseetpierres-sebastienlanotte.com\/wp-content\/uploads\/2025\/02\/converted_image_3-300x300.jpeg 300w, https:\/\/www.hypnoseetpierres-sebastienlanotte.com\/wp-content\/uploads\/2025\/02\/converted_image_3-150x150.jpeg 150w, https:\/\/www.hypnoseetpierres-sebastienlanotte.com\/wp-content\/uploads\/2025\/02\/converted_image_3.jpeg 1024w\" sizes=\"(max-width: 768px) 100vw, 768px\" \/>\t\t\t\t\t\t\t\t\t\t\t\t\t\t\t<\/div>\n\t\t\t\t<\/div>\n\t\t\t\t\t<\/div>\n\t\t\t\t<\/div>\n\t\t<div class=\"elementor-element elementor-element-193f251 e-flex e-con-boxed e-con e-parent\" data-id=\"193f251\" data-element_type=\"container\">\n\t\t\t\t\t<div class=\"e-con-inner\">\n\t\t\t\t<div class=\"elementor-element elementor-element-7727000 elementor-widget elementor-widget-heading\" data-id=\"7727000\" data-element_type=\"widget\" data-widget_type=\"heading.default\">\n\t\t\t\t<div class=\"elementor-widget-container\">\n\t\t\t\t\t<h3 class=\"elementor-heading-title elementor-size-default\"> La col\u00e8re r\u00e9prim\u00e9e \u2013 Un impact bien plus profond qu\u2019on ne l\u2019imagine<\/h3>\t\t\t\t<\/div>\n\t\t\t\t<\/div>\n\t\t\t\t<div class=\"elementor-element elementor-element-a3f32e3 elementor-widget elementor-widget-text-editor\" data-id=\"a3f32e3\" data-element_type=\"widget\" data-widget_type=\"text-editor.default\">\n\t\t\t\t<div class=\"elementor-widget-container\">\n\t\t\t\t\t\t\t\t\t<p data-start=\"262\" data-end=\"563\">Cette BD m\u2019a \u00e9t\u00e9 inspir\u00e9e un \u00e9t\u00e9, alors que j\u2019accompagnais une personne en proie \u00e0 une addiction. Au fil des s\u00e9ances, il a fini par mettre le doigt sur <strong data-start=\"414\" data-end=\"457\">ce qui le poussait \u00e0 fuir dans l\u2019alcool<\/strong> : <strong data-start=\"460\" data-end=\"485\">des col\u00e8res r\u00e9prim\u00e9es<\/strong>. Jusqu\u2019\u00e0 cet instant, il n\u2019avait m\u00eame pas conscience qu\u2019il \u00e9tait en col\u00e8re.<\/p><p data-start=\"565\" data-end=\"826\">Quelques jours plus tard, une sc\u00e8ne du quotidien a r\u00e9sonn\u00e9 avec ce que je venais de d\u00e9couvrir en s\u00e9ance. Lors d\u2019une sortie dominicale, j\u2019ai vu un enfant d\u2019environ cinq ans faire une col\u00e8re. En r\u00e9ponse, sa m\u00e8re lui a administr\u00e9 une fess\u00e9e devant tout le monde.<\/p><p data-start=\"828\" data-end=\"1011\">J\u2019ai \u00e9t\u00e9 <strong data-start=\"837\" data-end=\"847\">choqu\u00e9<\/strong>, non seulement par le geste, mais surtout par <strong data-start=\"894\" data-end=\"921\">la r\u00e9action de l\u2019enfant<\/strong>. Il est rest\u00e9 <strong data-start=\"936\" data-end=\"949\">stup\u00e9fait<\/strong>, comme s\u2019il ne comprenait pas ce qui venait de lui arriver.<\/p><p data-start=\"1013\" data-end=\"1223\">\u00c0 cet instant pr\u00e9cis, il apprenait, sans le savoir, que <strong data-start=\"1069\" data-end=\"1101\">sa col\u00e8re \u00e9tait inacceptable<\/strong>. Pire encore, il venait d\u2019int\u00e9grer une <strong data-start=\"1141\" data-end=\"1160\">le\u00e7on s\u2019il voulait \u00eatre aim\u00e9, il devait taire cette \u00e9motion.<br \/><\/strong><\/p><p data-start=\"1225\" data-end=\"1378\">J\u2019ai voulu int\u00e9grer cette sc\u00e8ne \u00e0 la BD, mais les limitations des g\u00e9n\u00e9rateurs d\u2019images m\u2019ont emp\u00each\u00e9 de repr\u00e9senter cette sc\u00e8ne de violence.<\/p><p>.<\/p>\t\t\t\t\t\t\t\t<\/div>\n\t\t\t\t<\/div>\n\t\t\t\t<div class=\"elementor-element elementor-element-c48e324 elementor-widget elementor-widget-image\" data-id=\"c48e324\" data-element_type=\"widget\" data-widget_type=\"image.default\">\n\t\t\t\t<div class=\"elementor-widget-container\">\n\t\t\t\t\t\t\t\t\t\t\t\t\t\t\t<img decoding=\"async\" width=\"800\" height=\"40\" src=\"https:\/\/www.hypnoseetpierres-sebastienlanotte.com\/wp-content\/uploads\/2025\/02\/cristaux-separateur.png\" class=\"attachment-large size-large wp-image-1313\" alt=\"\" srcset=\"https:\/\/www.hypnoseetpierres-sebastienlanotte.com\/wp-content\/uploads\/2025\/02\/cristaux-separateur.png 1000w, https:\/\/www.hypnoseetpierres-sebastienlanotte.com\/wp-content\/uploads\/2025\/02\/cristaux-separateur-300x15.png 300w, https:\/\/www.hypnoseetpierres-sebastienlanotte.com\/wp-content\/uploads\/2025\/02\/cristaux-separateur-768x38.png 768w\" sizes=\"(max-width: 800px) 100vw, 800px\" \/>\t\t\t\t\t\t\t\t\t\t\t\t\t\t\t<\/div>\n\t\t\t\t<\/div>\n\t\t\t\t<div class=\"elementor-element elementor-element-f91ce73 elementor-widget elementor-widget-heading\" data-id=\"f91ce73\" data-element_type=\"widget\" data-widget_type=\"heading.default\">\n\t\t\t\t<div class=\"elementor-widget-container\">\n\t\t\t\t\t<h2 class=\"elementor-heading-title elementor-size-default\">Accompagner la col\u00e8re de l\u2019enfant au lieu de la r\u00e9primer<\/h2>\t\t\t\t<\/div>\n\t\t\t\t<\/div>\n\t\t\t\t<div class=\"elementor-element elementor-element-ec1289c elementor-widget elementor-widget-text-editor\" data-id=\"ec1289c\" data-element_type=\"widget\" data-widget_type=\"text-editor.default\">\n\t\t\t\t<div class=\"elementor-widget-container\">\n\t\t\t\t\t\t\t\t\t<p data-start=\"1466\" data-end=\"1852\">Je n\u2019ai pas d\u2019enfant, et je ne cherche pas \u00e0 donner de le\u00e7on \u00e0 quiconque. Mais avec mon exp\u00e9rience d\u2019accompagnant, <strong data-start=\"1581\" data-end=\"1685\">je constate que dans presque chaque accompagnement, il arrive un moment o\u00f9 nous revenons \u00e0 l\u2019enfance<\/strong>. C\u2019est l\u00e0 que se sont forg\u00e9s nos premiers sch\u00e9mas \u00e9motionnels, que nous avons appris comment exprimer (ou non) nos \u00e9motions, comment nous positionner face au monde.<\/p><p data-start=\"1854\" data-end=\"2072\"><strong data-start=\"1854\" data-end=\"1895\">La col\u00e8re \u00e9tant une \u00e9motion naturelle<\/strong>, j\u2019aimerais partager ici <strong data-start=\"1921\" data-end=\"1975\">quelques pistes pour aider l\u2019enfant \u00e0 la traverser<\/strong> \u2013 une \u00e9motion <strong data-start=\"1990\" data-end=\"2002\">l\u00e9gitime<\/strong>, mais qui, comme toute force brute, <strong data-start=\"2039\" data-end=\"2069\">n\u00e9cessite d\u2019\u00eatre canalis\u00e9e<\/strong>.<\/p><p data-start=\"2074\" data-end=\"2422\">Je pr\u00e9f\u00e8re le mot <strong data-start=\"2092\" data-end=\"2105\">\u00ab\u00a0r\u00e9guler\u00a0\u00bb<\/strong> \u00e0 \u00ab\u00a0ma\u00eetriser\u00a0\u00bb ou \u00ab\u00a0contr\u00f4ler\u00a0\u00bb. Une \u00e9motion <strong data-start=\"2148\" data-end=\"2181\">n\u2019a pas besoin d\u2019\u00eatre dompt\u00e9e<\/strong>, elle <strong data-start=\"2188\" data-end=\"2231\">a besoin d\u2019\u00eatre entendue et de circuler<\/strong>. Avant 6 ans, <strong data-start=\"2246\" data-end=\"2339\">le cerveau de l\u2019enfant n\u2019a pas encore la maturit\u00e9 n\u00e9cessaire pour g\u00e9rer seul ses \u00e9motions<\/strong>. Avant toute chose, <strong data-start=\"2360\" data-end=\"2419\">il est essentiel qu\u2019il sente que sa col\u00e8re est entendue<\/strong>.<\/p><p data-start=\"2424\" data-end=\"2635\">Car apr\u00e8s tout, <strong data-start=\"2440\" data-end=\"2481\">qui se sent bien en \u00e9tant en col\u00e8re ?<\/strong> Si nous, adultes, trouvons cela difficile \u00e0 vivre, <strong data-start=\"2533\" data-end=\"2576\">imaginez ce qu\u2019il en est pour un enfant<\/strong>, qui ne dispose d\u2019aucun outil pour l\u2019exprimer autrement.<\/p><p data-start=\"2637\" data-end=\"2733\">L\u2019enfant apprend <strong data-start=\"2654\" data-end=\"2671\">par l\u2019exemple<\/strong>. Alors, comment lui montrer <strong data-start=\"2700\" data-end=\"2729\">comment r\u00e9guler sa col\u00e8re<\/strong> ?<\/p><p data-start=\"2735\" data-end=\"2992\">Si un enfant se met en col\u00e8re et que, en retour, <strong data-start=\"2784\" data-end=\"2834\">l\u2019adulte s\u2019\u00e9nerve et lui administre une fess\u00e9e<\/strong>, que va-t-il comprendre ?<\/p><p data-start=\"2735\" data-end=\"2992\"><br data-start=\"2860\" data-end=\"2863\" \/><strong data-start=\"2865\" data-end=\"2915\">&#8211; Que frapper est une fa\u00e7on de g\u00e9rer la col\u00e8re ?<\/strong><br data-start=\"2915\" data-end=\"2918\" \/><strong data-start=\"2920\" data-end=\"2990\">&#8211; Que la violence est une r\u00e9ponse normale \u00e0 une \u00e9motion d\u00e9bordante ?<\/strong><\/p><p data-start=\"2994\" data-end=\"3208\">Dans les lignes qui suivent, j\u2019aimerais proposer <strong data-start=\"3043\" data-end=\"3065\">une autre approche<\/strong>, qui permette <strong data-start=\"3080\" data-end=\"3205\">\u00e0 l\u2019enfant d\u2019int\u00e9grer sa col\u00e8re comme une \u00e9motion l\u00e9gitime, tout en apprenant \u00e0 la canaliser sans violence ni refoulement<\/strong>.<\/p>\t\t\t\t\t\t\t\t<\/div>\n\t\t\t\t<\/div>\n\t\t\t\t\t<\/div>\n\t\t\t\t<\/div>\n\t\t<div class=\"elementor-element elementor-element-5c02ede e-flex e-con-boxed e-con e-parent\" data-id=\"5c02ede\" data-element_type=\"container\" data-settings=\"{&quot;background_background&quot;:&quot;classic&quot;}\">\n\t\t\t\t\t<div class=\"e-con-inner\">\n\t\t<div class=\"elementor-element elementor-element-af9cefe e-con-full e-flex e-con e-child\" data-id=\"af9cefe\" data-element_type=\"container\">\n\t\t\t\t<div class=\"elementor-element elementor-element-d3857cb elementor-widget elementor-widget-text-editor\" data-id=\"d3857cb\" data-element_type=\"widget\" data-widget_type=\"text-editor.default\">\n\t\t\t\t<div class=\"elementor-widget-container\">\n\t\t\t\t\t\t\t\t\t<p>\ud83c\udf00\u00a0 <strong>1.<\/strong> <strong>Accueillir et nommer l\u2019\u00e9motion<\/strong><br \/>\ud83d\udd39 Pourquoi ?<br \/>L\u2019enfant vit sa col\u00e8re intens\u00e9ment, sans toujours comprendre ce qui lui arrive. Mettre des mots dessus l\u2019aide \u00e0 identifier ce qu\u2019il ressent et \u00e0 prendre du recul.<\/p><p>\ud83d\udd39 Comment ?<br \/>\u2714 Verbaliser l\u2019\u00e9motion : \u00ab\u00a0Je vois que tu es tr\u00e8s en col\u00e8re parce que tu voulais ce jouet.\u00a0\u00bb<br \/>\u2714 Lui montrer qu\u2019on comprend : \u00ab\u00a0C\u2019est frustrant quand on ne peut pas avoir ce qu\u2019on veut tout de suite.\u00a0\u00bb<br \/>\u2714 Lui apprendre \u00e0 l\u2019exprimer avec des mots : \u00ab\u00a0Tu peux me dire \u2018je suis en col\u00e8re\u2019 au lieu de crier.\u00a0\u00bb<\/p>\t\t\t\t\t\t\t\t<\/div>\n\t\t\t\t<\/div>\n\t\t\t\t<\/div>\n\t\t<div class=\"elementor-element elementor-element-9b0a3ed e-con-full e-flex e-con e-child\" data-id=\"9b0a3ed\" data-element_type=\"container\">\n\t\t\t\t<div class=\"elementor-element elementor-element-f2c9e6e elementor-widget elementor-widget-heading\" data-id=\"f2c9e6e\" data-element_type=\"widget\" data-widget_type=\"heading.default\">\n\t\t\t\t<div class=\"elementor-widget-container\">\n\t\t\t\t\t<h3 class=\"elementor-heading-title elementor-size-default\">Comment aider un enfant \u00e0 g\u00e9rer sa col\u00e8re ? Les conseils d\u2019Am\u00e9thys pour une r\u00e9gulation apais\u00e9e<\/h3>\t\t\t\t<\/div>\n\t\t\t\t<\/div>\n\t\t\t\t<\/div>\n\t\t<div class=\"elementor-element elementor-element-667eb8a e-con-full e-flex e-con e-child\" data-id=\"667eb8a\" data-element_type=\"container\">\n\t\t\t\t<div class=\"elementor-element elementor-element-e17b12f elementor-widget elementor-widget-text-editor\" data-id=\"e17b12f\" data-element_type=\"widget\" data-widget_type=\"text-editor.default\">\n\t\t\t\t<div class=\"elementor-widget-container\">\n\t\t\t\t\t\t\t\t\t<p>\ud83e\uddd8\u200d\u2642\ufe0f <strong>3. Lui apprendre \u00e0 se calmer progressivement<\/strong><br \/>Une fois la col\u00e8re exprim\u00e9e, l\u2019aider \u00e0 retrouver son calme en lui proposant des strat\u00e9gies de recentrage.<\/p><p>\ud83d\udd39 Exemples de techniques apaisantes :<br \/>\u2714 La bulle magique : Lui demander d\u2019imaginer qu\u2019il est dans une bulle de calme o\u00f9 il respire doucement.<br \/>\u2714 Le \u00ab\u00a0je compte mes doigts\u00a0\u00bb : Poser un doigt apr\u00e8s l\u2019autre en inspirant\/expirant lentement.<br \/>\u2714 Un c\u00e2lin ou un contact rassurant : Certains enfants se calment mieux avec un contact physique s\u00e9curisant.<\/p><p>.<\/p>\t\t\t\t\t\t\t\t<\/div>\n\t\t\t\t<\/div>\n\t\t\t\t<\/div>\n\t\t<div class=\"elementor-element elementor-element-99bdacc e-con-full e-flex e-con e-child\" data-id=\"99bdacc\" data-element_type=\"container\">\n\t\t\t\t<div class=\"elementor-element elementor-element-7e20dc4 elementor-widget elementor-widget-image\" data-id=\"7e20dc4\" data-element_type=\"widget\" data-widget_type=\"image.default\">\n\t\t\t\t<div class=\"elementor-widget-container\">\n\t\t\t\t\t\t\t\t\t\t\t\t\t\t\t<img loading=\"lazy\" decoding=\"async\" width=\"800\" height=\"800\" src=\"https:\/\/www.hypnoseetpierres-sebastienlanotte.com\/wp-content\/uploads\/2025\/02\/Leonardo_Anime_XL_the_cratacter_young_humanoid_full_view_from_1.jpg\" class=\"attachment-large size-large wp-image-2180\" alt=\"&#039;une m\u00e8re invite son enfant \u00e0 bouger danser pour d\u00e9charg\u00e9 la colere\" srcset=\"https:\/\/www.hypnoseetpierres-sebastienlanotte.com\/wp-content\/uploads\/2025\/02\/Leonardo_Anime_XL_the_cratacter_young_humanoid_full_view_from_1.jpg 1024w, https:\/\/www.hypnoseetpierres-sebastienlanotte.com\/wp-content\/uploads\/2025\/02\/Leonardo_Anime_XL_the_cratacter_young_humanoid_full_view_from_1-300x300.jpg 300w, https:\/\/www.hypnoseetpierres-sebastienlanotte.com\/wp-content\/uploads\/2025\/02\/Leonardo_Anime_XL_the_cratacter_young_humanoid_full_view_from_1-150x150.jpg 150w, https:\/\/www.hypnoseetpierres-sebastienlanotte.com\/wp-content\/uploads\/2025\/02\/Leonardo_Anime_XL_the_cratacter_young_humanoid_full_view_from_1-768x768.jpg 768w\" sizes=\"(max-width: 800px) 100vw, 800px\" \/>\t\t\t\t\t\t\t\t\t\t\t\t\t\t\t<\/div>\n\t\t\t\t<\/div>\n\t\t\t\t<\/div>\n\t\t<div class=\"elementor-element elementor-element-667e133 e-con-full e-flex e-con e-child\" data-id=\"667e133\" data-element_type=\"container\">\n\t\t\t\t<div class=\"elementor-element elementor-element-ff26c4e elementor-widget elementor-widget-text-editor\" data-id=\"ff26c4e\" data-element_type=\"widget\" data-widget_type=\"text-editor.default\">\n\t\t\t\t<div class=\"elementor-widget-container\">\n\t\t\t\t\t\t\t\t\t<p>\ud83d\udca8 2<strong>. Proposer des outils pour lib\u00e9rer la col\u00e8re autrement<\/strong><br \/>Un enfant ne peut pas \u00ab\u00a0raisonner\u00a0\u00bb sa col\u00e8re comme un adulte. Il a besoin de moyens concrets et corporels pour l\u2019\u00e9vacuer.<\/p><p>\ud83d\udd39 Exemples de techniques adapt\u00e9es :<br \/>\u2714 Le souffle du dragon\u00a0 : Inspirer profond\u00e9ment et souffler tr\u00e8s fort comme un dragon qui crache du feu.<br \/>\u2714 Le coussin de la col\u00e8re\u00a0 : Avoir un coussin sp\u00e9cial o\u00f9 il peut taper pour rel\u00e2cher la tension.<br \/>\u2714 La danse de la temp\u00eate\u00a0 : Secouer les bras et les jambes pour \u00ab\u00a0expulser\u00a0\u00bb la col\u00e8re du corps.<br \/>\u2714 Dessiner sa col\u00e8re \ud83c\udfa8 : L\u2019enfant peut faire un dessin de ce qu\u2019il ressent, puis le transformer (ex : dessiner un orage puis un arc-en-ciel).<\/p>\t\t\t\t\t\t\t\t<\/div>\n\t\t\t\t<\/div>\n\t\t\t\t<\/div>\n\t\t<div class=\"elementor-element elementor-element-dc71ae4 e-con-full e-flex e-con e-child\" data-id=\"dc71ae4\" data-element_type=\"container\">\n\t\t\t\t<div class=\"elementor-element elementor-element-938a5b9 elementor-widget elementor-widget-image\" data-id=\"938a5b9\" data-element_type=\"widget\" data-widget_type=\"image.default\">\n\t\t\t\t<div class=\"elementor-widget-container\">\n\t\t\t\t\t\t\t\t\t\t\t\t\t\t\t<img loading=\"lazy\" decoding=\"async\" width=\"800\" height=\"800\" src=\"https:\/\/www.hypnoseetpierres-sebastienlanotte.com\/wp-content\/uploads\/2025\/02\/Prends-une-grande-inspiration.-Imagine-que-tu-souffles-doucement-sur-un-cristal-chauffe-par-le-soleil.-Il-se-rafraichit-comme-ton-coeur-qui-retrouve-son-calme.png\" class=\"attachment-large size-large wp-image-2179\" alt=\"am\u00e9thys aide \u00e0 apaiser la colere grace \u00e0 la respiration\" srcset=\"https:\/\/www.hypnoseetpierres-sebastienlanotte.com\/wp-content\/uploads\/2025\/02\/Prends-une-grande-inspiration.-Imagine-que-tu-souffles-doucement-sur-un-cristal-chauffe-par-le-soleil.-Il-se-rafraichit-comme-ton-coeur-qui-retrouve-son-calme.png 1024w, https:\/\/www.hypnoseetpierres-sebastienlanotte.com\/wp-content\/uploads\/2025\/02\/Prends-une-grande-inspiration.-Imagine-que-tu-souffles-doucement-sur-un-cristal-chauffe-par-le-soleil.-Il-se-rafraichit-comme-ton-coeur-qui-retrouve-son-calme-300x300.png 300w, https:\/\/www.hypnoseetpierres-sebastienlanotte.com\/wp-content\/uploads\/2025\/02\/Prends-une-grande-inspiration.-Imagine-que-tu-souffles-doucement-sur-un-cristal-chauffe-par-le-soleil.-Il-se-rafraichit-comme-ton-coeur-qui-retrouve-son-calme-150x150.png 150w, https:\/\/www.hypnoseetpierres-sebastienlanotte.com\/wp-content\/uploads\/2025\/02\/Prends-une-grande-inspiration.-Imagine-que-tu-souffles-doucement-sur-un-cristal-chauffe-par-le-soleil.-Il-se-rafraichit-comme-ton-coeur-qui-retrouve-son-calme-768x768.png 768w\" sizes=\"(max-width: 800px) 100vw, 800px\" \/>\t\t\t\t\t\t\t\t\t\t\t\t\t\t\t<\/div>\n\t\t\t\t<\/div>\n\t\t\t\t<\/div>\n\t\t\t\t\t<\/div>\n\t\t\t\t<\/div>\n\t\t<div class=\"elementor-element elementor-element-73a722d e-flex e-con-boxed e-con e-parent\" data-id=\"73a722d\" data-element_type=\"container\" data-settings=\"{&quot;background_background&quot;:&quot;classic&quot;}\">\n\t\t\t\t\t<div class=\"e-con-inner\">\n\t\t<div class=\"elementor-element elementor-element-695843f e-con-full e-flex e-con e-child\" data-id=\"695843f\" data-element_type=\"container\">\n\t\t\t\t<div class=\"elementor-element elementor-element-a32cc8d elementor-widget elementor-widget-text-editor\" data-id=\"a32cc8d\" data-element_type=\"widget\" data-widget_type=\"text-editor.default\">\n\t\t\t\t<div class=\"elementor-widget-container\">\n\t\t\t\t\t\t\t\t\t<p>\ud83d\udc40 <strong>4. Montrer l\u2019exemple (r\u00e9gulation par imitation)<\/strong><br \/>\ud83d\udd39 Pourquoi ?<br \/>L\u2019enfant apprend en nous observant. Si un adulte crie ou punit brutalement, il int\u00e8gre que c\u2019est ainsi qu\u2019on g\u00e8re la col\u00e8re.<\/p><p>\ud83d\udd39 Comment ?<br \/>\u2714 Dire \u00e0 voix haute ce qu\u2019on fait quand on est \u00e9nerv\u00e9 : \u00ab\u00a0Je suis en col\u00e8re, je vais respirer un coup pour me calmer.\u00a0\u00bb<br \/>\u2714 Montrer que la col\u00e8re peut \u00eatre exprim\u00e9e autrement : \u00ab\u00a0Je vais marcher un peu pour retrouver mon calme.\u00a0\u00bb<br \/>\u2714 Valider que c\u2019est normal d\u2019\u00eatre en col\u00e8re, mais qu\u2019on peut apprendre \u00e0 la canaliser sans blesser les autres.<\/p>\t\t\t\t\t\t\t\t<\/div>\n\t\t\t\t<\/div>\n\t\t\t\t<\/div>\n\t\t<div class=\"elementor-element elementor-element-4b80e6a e-con-full e-flex e-con e-child\" data-id=\"4b80e6a\" data-element_type=\"container\">\n\t\t\t\t<div class=\"elementor-element elementor-element-89fb03b elementor-widget elementor-widget-image\" data-id=\"89fb03b\" data-element_type=\"widget\" data-widget_type=\"image.default\">\n\t\t\t\t<div class=\"elementor-widget-container\">\n\t\t\t\t\t\t\t\t\t\t\t\t\t\t\t<img loading=\"lazy\" decoding=\"async\" width=\"250\" height=\"250\" src=\"https:\/\/www.hypnoseetpierres-sebastienlanotte.com\/wp-content\/uploads\/2025\/02\/Sans-titre-250-\u00d7-250-px.png\" class=\"attachment-large size-large wp-image-1959\" alt=\"\" srcset=\"https:\/\/www.hypnoseetpierres-sebastienlanotte.com\/wp-content\/uploads\/2025\/02\/Sans-titre-250-\u00d7-250-px.png 250w, https:\/\/www.hypnoseetpierres-sebastienlanotte.com\/wp-content\/uploads\/2025\/02\/Sans-titre-250-\u00d7-250-px-150x150.png 150w\" sizes=\"(max-width: 250px) 100vw, 250px\" \/>\t\t\t\t\t\t\t\t\t\t\t\t\t\t\t<\/div>\n\t\t\t\t<\/div>\n\t\t\t\t<\/div>\n\t\t<div class=\"elementor-element elementor-element-1062d26 e-con-full e-flex e-con e-child\" data-id=\"1062d26\" data-element_type=\"container\">\n\t\t\t\t<div class=\"elementor-element elementor-element-edb7ec1 elementor-widget elementor-widget-text-editor\" data-id=\"edb7ec1\" data-element_type=\"widget\" data-widget_type=\"text-editor.default\">\n\t\t\t\t<div class=\"elementor-widget-container\">\n\t\t\t\t\t\t\t\t\t<p>\ud83d\udcd6 <strong>5. Instaurer des rituels et des outils de pr\u00e9vention<\/strong><br \/>\ud83d\udd39 Pourquoi ?<br \/>Un enfant qui sait qu\u2019il a le droit d\u2019\u00eatre en col\u00e8re et qu\u2019il existe des solutions sera plus \u00e0 m\u00eame de g\u00e9rer ses \u00e9motions avec le temps.<\/p><p>\ud83d\udd39 Comment ?<br \/>\u2714 Cr\u00e9er un \u00ab\u00a0coin des \u00e9motions\u00a0\u00bb : Un endroit calme o\u00f9 il peut aller seul quand il sent que la col\u00e8re monte (avec des coussins, un livre, un objet r\u00e9confortant).<br \/>\u2714 Lui apprendre \u00e0 anticiper : \u00ab\u00a0Quand tu sens que tu vas t\u2019\u00e9nerver, tu peux venir me voir au lieu de crier.\u00a0\u00bb<br \/>\u2714 Lire des histoires sur les \u00e9motions \ud83d\udcda : Il existe des livres<\/p>\t\t\t\t\t\t\t\t<\/div>\n\t\t\t\t<\/div>\n\t\t\t\t<\/div>\n\t\t<div class=\"elementor-element elementor-element-e790237 e-con-full e-flex e-con e-child\" data-id=\"e790237\" data-element_type=\"container\">\n\t\t\t\t<div class=\"elementor-element elementor-element-adab15e elementor-widget elementor-widget-image\" data-id=\"adab15e\" data-element_type=\"widget\" data-widget_type=\"image.default\">\n\t\t\t\t<div class=\"elementor-widget-container\">\n\t\t\t\t\t\t\t\t\t\t\t\t\t\t\t<img loading=\"lazy\" decoding=\"async\" width=\"800\" height=\"800\" src=\"https:\/\/www.hypnoseetpierres-sebastienlanotte.com\/wp-content\/uploads\/2025\/02\/amethys-colere-reguler.png\" class=\"attachment-large size-large wp-image-2191\" alt=\"amethys invite \u00e0 apprendre \u00e0 rguler sa col\u00e8re\" srcset=\"https:\/\/www.hypnoseetpierres-sebastienlanotte.com\/wp-content\/uploads\/2025\/02\/amethys-colere-reguler.png 1024w, https:\/\/www.hypnoseetpierres-sebastienlanotte.com\/wp-content\/uploads\/2025\/02\/amethys-colere-reguler-300x300.png 300w, https:\/\/www.hypnoseetpierres-sebastienlanotte.com\/wp-content\/uploads\/2025\/02\/amethys-colere-reguler-150x150.png 150w, https:\/\/www.hypnoseetpierres-sebastienlanotte.com\/wp-content\/uploads\/2025\/02\/amethys-colere-reguler-768x768.png 768w\" sizes=\"(max-width: 800px) 100vw, 800px\" \/>\t\t\t\t\t\t\t\t\t\t\t\t\t\t\t<\/div>\n\t\t\t\t<\/div>\n\t\t\t\t<\/div>\n\t\t<div class=\"elementor-element elementor-element-0afee5f e-con-full e-flex e-con e-child\" data-id=\"0afee5f\" data-element_type=\"container\">\n\t\t\t\t<div class=\"elementor-element elementor-element-5135a22 elementor-widget elementor-widget-text-editor\" data-id=\"5135a22\" data-element_type=\"widget\" data-widget_type=\"text-editor.default\">\n\t\t\t\t<div class=\"elementor-widget-container\">\n\t\t\t\t\t\t\t\t\t<p data-start=\"3291\" data-end=\"3363\">\ud83d\udd04<strong data-start=\"3295\" data-end=\"3361\"> 6. Apr\u00e8s la col\u00e8re : en parler et renforcer l\u2019apprentissage<\/strong><\/p><p data-start=\"3364\" data-end=\"3459\">Une fois l\u2019\u00e9motion pass\u00e9e, il est important d\u2019en parler pour aider l\u2019enfant \u00e0 progresser.<\/p><p data-start=\"3461\" data-end=\"3771\">\ud83d\udd39 Comment ?<br data-start=\"3477\" data-end=\"3480\" \/>\u2714 Rassurer : <em data-start=\"3497\" data-end=\"3568\">\u00ab\u00a0Tu as \u00e9t\u00e9 tr\u00e8s en col\u00e8re, mais maintenant c\u2019est fini. Tout va bien.\u00a0\u00bb<\/em><br data-start=\"3568\" data-end=\"3571\" \/>\u2714 Faire un retour bienveillant : <em data-start=\"3608\" data-end=\"3648\">\u00ab\u00a0Qu\u2019est-ce qui t\u2019a aid\u00e9 \u00e0 te calmer ?\u00a0\u00bb<\/em><br data-start=\"3648\" data-end=\"3651\" \/>\u2714 Proposer une alternative pour la prochaine fois : <em data-start=\"3707\" data-end=\"3769\">\u00ab\u00a0La prochaine fois, tu pourrais souffler au lieu de crier ?\u00a0\u00bb<\/em><\/p>\t\t\t\t\t\t\t\t<\/div>\n\t\t\t\t<\/div>\n\t\t\t\t<\/div>\n\t\t<div class=\"elementor-element elementor-element-fc8af42 e-con-full e-flex e-con e-child\" data-id=\"fc8af42\" data-element_type=\"container\">\n\t\t\t\t<div class=\"elementor-element elementor-element-ecee576 elementor-widget elementor-widget-image\" data-id=\"ecee576\" data-element_type=\"widget\" data-widget_type=\"image.default\">\n\t\t\t\t<div class=\"elementor-widget-container\">\n\t\t\t\t\t\t\t\t\t\t\t\t\t\t\t<img loading=\"lazy\" decoding=\"async\" width=\"300\" height=\"300\" src=\"https:\/\/www.hypnoseetpierres-sebastienlanotte.com\/wp-content\/uploads\/2025\/02\/Illustration_BD_franco-belge-300x300.jpeg\" class=\"attachment-medium size-medium wp-image-2192\" alt=\"\" srcset=\"https:\/\/www.hypnoseetpierres-sebastienlanotte.com\/wp-content\/uploads\/2025\/02\/Illustration_BD_franco-belge-300x300.jpeg 300w, https:\/\/www.hypnoseetpierres-sebastienlanotte.com\/wp-content\/uploads\/2025\/02\/Illustration_BD_franco-belge-150x150.jpeg 150w, https:\/\/www.hypnoseetpierres-sebastienlanotte.com\/wp-content\/uploads\/2025\/02\/Illustration_BD_franco-belge-768x768.jpeg 768w, https:\/\/www.hypnoseetpierres-sebastienlanotte.com\/wp-content\/uploads\/2025\/02\/Illustration_BD_franco-belge.jpeg 1024w\" sizes=\"(max-width: 300px) 100vw, 300px\" \/>\t\t\t\t\t\t\t\t\t\t\t\t\t\t\t<\/div>\n\t\t\t\t<\/div>\n\t\t\t\t<\/div>\n\t\t\t\t\t<\/div>\n\t\t\t\t<\/div>\n\t\t<div class=\"elementor-element elementor-element-e57123b e-flex e-con-boxed e-con e-parent\" data-id=\"e57123b\" data-element_type=\"container\">\n\t\t\t\t\t<div class=\"e-con-inner\">\n\t\t\t\t<div class=\"elementor-element elementor-element-83dcd00 elementor-widget elementor-widget-heading\" data-id=\"83dcd00\" data-element_type=\"widget\" data-widget_type=\"heading.default\">\n\t\t\t\t<div class=\"elementor-widget-container\">\n\t\t\t\t\t<h4 class=\"elementor-heading-title elementor-size-default\">G\u00e9rer la col\u00e8re d\u2019un enfant : \u00eatre parent, un apprentissage au quotidien<\/h4>\t\t\t\t<\/div>\n\t\t\t\t<\/div>\n\t\t\t\t<div class=\"elementor-element elementor-element-ed12e6d elementor-widget elementor-widget-text-editor\" data-id=\"ed12e6d\" data-element_type=\"widget\" data-widget_type=\"text-editor.default\">\n\t\t\t\t<div class=\"elementor-widget-container\">\n\t\t\t\t\t\t\t\t\t<p><b>Nous sommes humains, et m\u00eame en tant qu\u2019adultes ou \u00e9ducateurs, nous ne sommes pas parfaits. Nous ressentons aussi de la col\u00e8re, surtout dans un monde o\u00f9 la pression ext\u00e9rieure est constante.<\/b><\/p><p>Les quelques m\u00e9thodes que je vous ai partag\u00e9es ici, inspir\u00e9es de diverses sources, ont simplement pour but de vous offrir des pistes. <b>L\u2019apprentissage se fait par la r\u00e9p\u00e9tition<\/b>, et il est normal d\u2019avoir des jours o\u00f9 l\u2019on se sent d\u00e9pass\u00e9. Si un jour vous perdez votre sang-froid face \u00e0 la col\u00e8re de votre enfant, <b>ce n\u2019est pas un drame<\/b>. Une r\u00e9action impulsive ponctuelle ne d\u00e9finit pas un mode d\u2019\u00e9ducation, mais un sch\u00e9ma r\u00e9p\u00e9t\u00e9 fa\u00e7onne durablement la perception qu\u2019un enfant aura de ses \u00e9motions<\/p><p>Mais si, \u00e0 chaque acc\u00e8s de col\u00e8re, <b>un enfant re\u00e7oit une fess\u00e9e<\/b>, il int\u00e9grera que <b>manifester ses \u00e9motions est dangereux<\/b>. Peu \u00e0 peu, il apprendra \u00e0 <b>les taire, les refouler ou \u00e0 les transformer en violence<\/b>. Et cela marquera durablement sa fa\u00e7on de fonctionner.<\/p>\t\t\t\t\t\t\t\t<\/div>\n\t\t\t\t<\/div>\n\t\t\t\t\t<\/div>\n\t\t\t\t<\/div>\n\t\t<div class=\"elementor-element elementor-element-207abbe e-flex e-con-boxed e-con e-parent\" data-id=\"207abbe\" data-element_type=\"container\">\n\t\t\t\t\t<div class=\"e-con-inner\">\n\t\t<div class=\"elementor-element elementor-element-ce0c07b e-con-full e-flex e-con e-child\" data-id=\"ce0c07b\" data-element_type=\"container\">\n\t\t\t\t<div class=\"elementor-element elementor-element-8bc54f5 elementor-widget elementor-widget-image\" data-id=\"8bc54f5\" data-element_type=\"widget\" data-widget_type=\"image.default\">\n\t\t\t\t<div class=\"elementor-widget-container\">\n\t\t\t\t\t\t\t\t\t\t\t\t\t\t\t<img loading=\"lazy\" decoding=\"async\" width=\"800\" height=\"800\" src=\"https:\/\/www.hypnoseetpierres-sebastienlanotte.com\/wp-content\/uploads\/2025\/02\/converted_uploaded_image_final.jpeg\" class=\"attachment-large size-large wp-image-2199\" alt=\"\" srcset=\"https:\/\/www.hypnoseetpierres-sebastienlanotte.com\/wp-content\/uploads\/2025\/02\/converted_uploaded_image_final.jpeg 1024w, https:\/\/www.hypnoseetpierres-sebastienlanotte.com\/wp-content\/uploads\/2025\/02\/converted_uploaded_image_final-300x300.jpeg 300w, https:\/\/www.hypnoseetpierres-sebastienlanotte.com\/wp-content\/uploads\/2025\/02\/converted_uploaded_image_final-150x150.jpeg 150w, https:\/\/www.hypnoseetpierres-sebastienlanotte.com\/wp-content\/uploads\/2025\/02\/converted_uploaded_image_final-768x768.jpeg 768w\" sizes=\"(max-width: 800px) 100vw, 800px\" \/>\t\t\t\t\t\t\t\t\t\t\t\t\t\t\t<\/div>\n\t\t\t\t<\/div>\n\t\t\t\t<\/div>\n\t\t<div class=\"elementor-element elementor-element-9b4da06 e-con-full e-flex e-con e-child\" data-id=\"9b4da06\" data-element_type=\"container\">\n\t\t\t\t<div class=\"elementor-element elementor-element-0ce0cec elementor-widget elementor-widget-heading\" data-id=\"0ce0cec\" data-element_type=\"widget\" data-widget_type=\"heading.default\">\n\t\t\t\t<div class=\"elementor-widget-container\">\n\t\t\t\t\t<h2 class=\"elementor-heading-title elementor-size-default\">Col\u00e8re r\u00e9prim\u00e9e : pourquoi la taire n\u2019est jamais la solution<\/h2>\t\t\t\t<\/div>\n\t\t\t\t<\/div>\n\t\t\t\t<div class=\"elementor-element elementor-element-33c77e3 elementor-widget elementor-widget-text-editor\" data-id=\"33c77e3\" data-element_type=\"widget\" data-widget_type=\"text-editor.default\">\n\t\t\t\t<div class=\"elementor-widget-container\">\n\t\t\t\t\t\t\t\t\t<p data-start=\"132\" data-end=\"339\"><strong data-start=\"132\" data-end=\"339\">Avez-vous d\u00e9j\u00e0 ressenti, comme le personnage de cette BD, cette \u00e9motion qui monte en vous face \u00e0 une injustice, une moquerie, ou une remarque d\u00e9plac\u00e9e, sans pouvoir l\u2019exprimer par peur des cons\u00e9quences ?<\/strong><\/p><p data-start=\"341\" data-end=\"730\">Lorsque nous avons appris d\u00e8s l\u2019enfance que la col\u00e8re \u00e9tait une mauvaise chose, il arrive souvent qu\u2019\u00e0 l\u2019\u00e2ge adulte nous ayons du mal \u00e0 l\u2019exprimer, m\u00eame lorsqu\u2019elle serait l\u00e9gitime. Bien s\u00fbr, cette difficult\u00e9 peut avoir d\u2019autres origines, comme un \u00e9v\u00e9nement marquant ou un contexte social particulier, mais c\u2019est souvent dans l\u2019enfance que nos premi\u00e8res croyances \u00e9motionnelles se forgent.<\/p><p data-start=\"732\" data-end=\"871\">Ainsi, la col\u00e8re peine alors \u00e0 remplir son r\u00f4le essentiel : poser nos limites, nous prot\u00e9ger ou r\u00e9agir face \u00e0 l\u2019injustice et \u00e0 l\u2019irrespect.<\/p><p data-start=\"873\" data-end=\"1185\">Pourtant, la col\u00e8re ne dispara\u00eet pas simplement parce qu\u2019on la tait. Elle reste l\u00e0, silencieuse, tapie dans notre corps et notre esprit, jusqu\u2019au jour o\u00f9 elle trouve enfin une voie pour \u00eatre entendue. Et tant qu\u2019elle ne sera pas lib\u00e9r\u00e9e, elle pourra se manifester sous forme de troubles \u00e9motionnels ou physiques.<\/p><p data-start=\"1187\" data-end=\"1342\">\u00a0<\/p>\t\t\t\t\t\t\t\t<\/div>\n\t\t\t\t<\/div>\n\t\t\t\t<\/div>\n\t\t\t\t\t<\/div>\n\t\t\t\t<\/div>\n\t\t<div class=\"elementor-element elementor-element-b4c51ab e-flex e-con-boxed e-con e-parent\" data-id=\"b4c51ab\" data-element_type=\"container\">\n\t\t\t\t\t<div class=\"e-con-inner\">\n\t\t\t\t<div class=\"elementor-element elementor-element-b15d6f7 elementor-widget elementor-widget-heading\" data-id=\"b15d6f7\" data-element_type=\"widget\" data-widget_type=\"heading.default\">\n\t\t\t\t<div class=\"elementor-widget-container\">\n\t\t\t\t\t<h3 class=\"elementor-heading-title elementor-size-default\">Les cons\u00e9quences d'une \u00e9motion non exprim\u00e9e<\/h3>\t\t\t\t<\/div>\n\t\t\t\t<\/div>\n\t\t\t\t<div class=\"elementor-element elementor-element-7534be3 elementor-widget elementor-widget-image\" data-id=\"7534be3\" data-element_type=\"widget\" data-widget_type=\"image.default\">\n\t\t\t\t<div class=\"elementor-widget-container\">\n\t\t\t\t\t\t\t\t\t\t\t\t\t\t\t<img loading=\"lazy\" decoding=\"async\" width=\"800\" height=\"800\" src=\"https:\/\/www.hypnoseetpierres-sebastienlanotte.com\/wp-content\/uploads\/2025\/02\/converted_uploaded_image9.jpeg\" class=\"attachment-large size-large wp-image-2203\" alt=\"Quand la boissons sert \u00e0 re fouler une \u00e9motion\" srcset=\"https:\/\/www.hypnoseetpierres-sebastienlanotte.com\/wp-content\/uploads\/2025\/02\/converted_uploaded_image9.jpeg 1024w, https:\/\/www.hypnoseetpierres-sebastienlanotte.com\/wp-content\/uploads\/2025\/02\/converted_uploaded_image9-300x300.jpeg 300w, https:\/\/www.hypnoseetpierres-sebastienlanotte.com\/wp-content\/uploads\/2025\/02\/converted_uploaded_image9-150x150.jpeg 150w, https:\/\/www.hypnoseetpierres-sebastienlanotte.com\/wp-content\/uploads\/2025\/02\/converted_uploaded_image9-768x768.jpeg 768w\" sizes=\"(max-width: 800px) 100vw, 800px\" \/>\t\t\t\t\t\t\t\t\t\t\t\t\t\t\t<\/div>\n\t\t\t\t<\/div>\n\t\t\t\t\t<\/div>\n\t\t\t\t<\/div>\n\t\t<div class=\"elementor-element elementor-element-1007ea58 e-con-full e-flex e-con e-child\" data-id=\"1007ea58\" data-element_type=\"container\" data-settings=\"{&quot;background_background&quot;:&quot;classic&quot;}\">\n\t\t\t\t<div class=\"elementor-element elementor-element-524fe0f elementor-widget__width-initial elementor-widget elementor-widget-text-editor\" data-id=\"524fe0f\" data-element_type=\"widget\" data-widget_type=\"text-editor.default\">\n\t\t\t\t<div class=\"elementor-widget-container\">\n\t\t\t\t\t\t\t\t\t<ul data-start=\"275\" data-end=\"613\"><li data-start=\"504\" data-end=\"613\"><p data-start=\"119\" data-end=\"332\"><strong data-start=\"119\" data-end=\"332\">Lorsqu&rsquo;une \u00e9motion comme la col\u00e8re n\u2019est pas exprim\u00e9e, elle ne dispara\u00eet pas pour autant. Au contraire, elle reste active dans le corps et l\u2019esprit, entra\u00eenant des cons\u00e9quences importantes sur plusieurs plans.<\/strong><\/p><p data-start=\"334\" data-end=\"576\"><strong data-start=\"334\" data-end=\"355\">Psychologiquement<\/strong>, une \u00e9motion r\u00e9prim\u00e9e peut g\u00e9n\u00e9rer de l\u2019anxi\u00e9t\u00e9 chronique, de la d\u00e9pression, une faible estime de soi, voire de la ranc\u0153ur permanente. La personne ressent alors un mal-\u00eatre diffus et constant, qui perturbe son quotidien.<\/p><p data-start=\"578\" data-end=\"786\"><strong data-start=\"578\" data-end=\"605\">Sur le plan relationnel<\/strong>, l\u2019\u00e9motion refoul\u00e9e se traduit souvent par des comportements indirects ou passifs-agressifs (sarcasme, froideur affective), entra\u00eenant des conflits fr\u00e9quents ou l\u2019isolement social.<\/p><p data-start=\"788\" data-end=\"1055\"><strong data-start=\"788\" data-end=\"804\">Physiquement<\/strong>, le refoulement \u00e9motionnel peut g\u00e9n\u00e9rer des sympt\u00f4mes psychosomatiques tels que tensions musculaires, migraines, troubles digestifs ou encore affaiblissement du syst\u00e8me immunitaire. Ces sympt\u00f4mes refl\u00e8tent la tension \u00e9motionnelle interne persistante.<\/p><p data-start=\"1057\" data-end=\"1330\">Enfin, <strong data-start=\"1064\" data-end=\"1094\">sur le plan comportemental<\/strong>, cette \u00e9nergie \u00e9motionnelle non d\u00e9charg\u00e9e peut conduire \u00e0 des comportements compensatoires tels que les addictions (alcool, drogues, tabac) ou \u00e0 des conduites \u00e0 risque, cherchant inconsciemment \u00e0 rel\u00e2cher la pression interne accumul\u00e9e.<\/p><p data-start=\"1332\" data-end=\"1528\">En conclusion, exprimer sainement ses \u00e9motions est essentiel pour pr\u00e9server son \u00e9quilibre global, \u00e0 la fois physique, psychologique et social. L&rsquo;\u00e9motion non exprim\u00e9e n&rsquo;est jamais sans cons\u00e9quence.<\/p><p>\u00a0<\/p><\/li><\/ul>\t\t\t\t\t\t\t\t<\/div>\n\t\t\t\t<\/div>\n\t\t\t\t<div class=\"elementor-element elementor-element-71f10e34 elementor-widget elementor-widget-image\" data-id=\"71f10e34\" data-element_type=\"widget\" data-widget_type=\"image.default\">\n\t\t\t\t<div class=\"elementor-widget-container\">\n\t\t\t\t\t\t\t\t\t\t\t\t\t\t\t<img loading=\"lazy\" decoding=\"async\" width=\"300\" height=\"300\" src=\"https:\/\/www.hypnoseetpierres-sebastienlanotte.com\/wp-content\/uploads\/2025\/02\/cubs5-300x300.png\" class=\"attachment-medium size-medium wp-image-1560\" alt=\"cubs, un avatar style bd, inspir\u00e9 du min\u00e9ral pyrite, il est dor\u00e9 anguleux, analytique et sceptique, il jongle avec des cube dor\u00e9s\" srcset=\"https:\/\/www.hypnoseetpierres-sebastienlanotte.com\/wp-content\/uploads\/2025\/02\/cubs5-300x300.png 300w, https:\/\/www.hypnoseetpierres-sebastienlanotte.com\/wp-content\/uploads\/2025\/02\/cubs5-150x150.png 150w, https:\/\/www.hypnoseetpierres-sebastienlanotte.com\/wp-content\/uploads\/2025\/02\/cubs5-768x768.png 768w, https:\/\/www.hypnoseetpierres-sebastienlanotte.com\/wp-content\/uploads\/2025\/02\/cubs5.png 1024w\" sizes=\"(max-width: 300px) 100vw, 300px\" \/>\t\t\t\t\t\t\t\t\t\t\t\t\t\t\t<\/div>\n\t\t\t\t<\/div>\n\t\t\t\t<\/div>\n\t\t<div class=\"elementor-element elementor-element-102d734 e-flex e-con-boxed e-con e-parent\" data-id=\"102d734\" data-element_type=\"container\">\n\t\t\t\t\t<div class=\"e-con-inner\">\n\t\t\t\t<div class=\"elementor-element elementor-element-b17bca7 elementor-widget elementor-widget-heading\" data-id=\"b17bca7\" data-element_type=\"widget\" data-widget_type=\"heading.default\">\n\t\t\t\t<div class=\"elementor-widget-container\">\n\t\t\t\t\t<h3 class=\"elementor-heading-title elementor-size-default\">Symboliser pour lib\u00e9rer : Comment exprimer la col\u00e8re et les \u00e9motions refoul\u00e9es gr\u00e2ce au dialogue int\u00e9rieur<\/h3>\t\t\t\t<\/div>\n\t\t\t\t<\/div>\n\t\t\t\t<div class=\"elementor-element elementor-element-68d9813 elementor-widget elementor-widget-text-editor\" data-id=\"68d9813\" data-element_type=\"widget\" data-widget_type=\"text-editor.default\">\n\t\t\t\t<div class=\"elementor-widget-container\">\n\t\t\t\t\t\t\t\t\t<p data-start=\"111\" data-end=\"758\">La col\u00e8re non exprim\u00e9e crie \u00e0 l\u2019int\u00e9rieur, et parfois m\u00eame les produits (alcool, anxiolytiques, cannabis, nourriture) ne suffisent plus \u00e0 l\u2019apaiser. Permettre \u00e0 cette col\u00e8re, et plus largement \u00e0 toutes les \u00e9motions, de s\u2019exprimer pleinement est une chose que j\u2019appr\u00e9cie particuli\u00e8rement dans mes accompagnements en cabinet. J\u2019invite la personne \u00e0 dialoguer avec son \u00e9motion. En r\u00e9alit\u00e9<strong>, nous sommes toujours engag\u00e9s dans un dialogue int\u00e9rieur ;<\/strong> il suffit simplement de le mettre en lumi\u00e8re. La psych\u00e9 communique naturellement par symboles et m\u00e9taphores, et gr\u00e2ce \u00e0 un \u00e9tat d\u2019hypnose, m\u00eame l\u00e9ger, ces symboles et leurs messages \u00e9mergent rapidement.<\/p><p data-start=\"760\" data-end=\"1096\">Cette m\u00e9thode permet de percevoir l\u2019\u00e9motion sous un autre angle, de la regarder avec un certain recul, tout en l\u2019\u00e9coutant vraiment. Et cela est essentiel. M\u00eame sans mots pr\u00e9cis, <strong>l\u2019\u00e9motion se manifeste clairement \u00e0 travers des sensations, des images, des ressentis,<\/strong> ou parfois des messages subtils qui apportent des prises de conscience.<\/p><p data-start=\"1098\" data-end=\"1394\">Bien s\u00fbr, ce dialogue int\u00e9rieur ne concerne <strong>pas uniquement la col\u00e8re, mais toutes les \u00e9motions qui attendent d\u2019\u00eatre entendues.<\/strong> \u00c0 travers lui, la personne apprend progressivement \u00e0 r\u00e9guler ses \u00e9motions, ce qui favorise un mieux-\u00eatre profond, r\u00e9duit les tensions internes et am\u00e9liore ses relations.\u00a0 <br \/><br \/>Lien vers l&rsquo;article connexe<\/p><p data-start=\"1396\" data-end=\"1580\"><a href=\"https:\/\/www.hypnoseetpierres-sebastienlanotte.com\/index.php\/2025\/02\/06\/emotions-sensations-symboles\/\">\u00e9motions, sensations, symb\u00f4les<\/a><\/p>\t\t\t\t\t\t\t\t<\/div>\n\t\t\t\t<\/div>\n\t\t\t\t<div class=\"elementor-element elementor-element-d73a19e elementor-widget elementor-widget-image\" data-id=\"d73a19e\" data-element_type=\"widget\" data-widget_type=\"image.default\">\n\t\t\t\t<div class=\"elementor-widget-container\">\n\t\t\t\t\t\t\t\t\t\t\t\t\t\t\t<img loading=\"lazy\" decoding=\"async\" width=\"800\" height=\"671\" src=\"https:\/\/www.hypnoseetpierres-sebastienlanotte.com\/wp-content\/uploads\/2025\/02\/dialogue-symbolique-avec-la-colere.png\" class=\"attachment-large size-large wp-image-2209\" alt=\"une mini bd ou un homme discute avec sa col\u00e8re symbolis\u00e9e par une flamme.\" srcset=\"https:\/\/www.hypnoseetpierres-sebastienlanotte.com\/wp-content\/uploads\/2025\/02\/dialogue-symbolique-avec-la-colere.png 940w, https:\/\/www.hypnoseetpierres-sebastienlanotte.com\/wp-content\/uploads\/2025\/02\/dialogue-symbolique-avec-la-colere-300x251.png 300w, https:\/\/www.hypnoseetpierres-sebastienlanotte.com\/wp-content\/uploads\/2025\/02\/dialogue-symbolique-avec-la-colere-768x644.png 768w\" sizes=\"(max-width: 800px) 100vw, 800px\" \/>\t\t\t\t\t\t\t\t\t\t\t\t\t\t\t<\/div>\n\t\t\t\t<\/div>\n\t\t\t\t\t<\/div>\n\t\t\t\t<\/div>\n\t\t<div class=\"elementor-element elementor-element-45ee191 e-flex e-con-boxed e-con e-parent\" data-id=\"45ee191\" data-element_type=\"container\">\n\t\t\t\t\t<div class=\"e-con-inner\">\n\t\t\t\t<div class=\"elementor-element elementor-element-5efa728 elementor-widget elementor-widget-heading\" data-id=\"5efa728\" data-element_type=\"widget\" data-widget_type=\"heading.default\">\n\t\t\t\t<div class=\"elementor-widget-container\">\n\t\t\t\t\t<h3 class=\"elementor-heading-title elementor-size-default\">Apprivoiser sa col\u00e8re :  \u00e9couter et utiliser positivement cette \u00e9motion puissante <\/h3>\t\t\t\t<\/div>\n\t\t\t\t<\/div>\n\t\t\t\t<div class=\"elementor-element elementor-element-77dcb91 elementor-widget elementor-widget-text-editor\" data-id=\"77dcb91\" data-element_type=\"widget\" data-widget_type=\"text-editor.default\">\n\t\t\t\t<div class=\"elementor-widget-container\">\n\t\t\t\t\t\t\t\t\t<p><strong>La col\u00e8re, cette \u00e9motion si peu aim\u00e9e, est pourtant une fid\u00e8le alli\u00e9e.<\/strong> Semblable \u00e0 un cheval sauvage, elle peut nous blesser, m\u00eame tuer, lorsqu\u2019elle n\u2019est pas dompt\u00e9e, mais une fois apprivois\u00e9e, elle nous pousse \u00e0 de grandes travers\u00e9es.<\/p><p><strong>\u00c9couter sa col\u00e8re, c\u2019est conna\u00eetre ses limites, savoir ce que l\u2019on est pr\u00eat \u00e0 accepter ou non.<\/strong> Quand elle se manifeste, c\u2019est que quelqu\u2019un ou quelque chose p\u00e9n\u00e8tre dans notre espace personnel, franchit nos fronti\u00e8res \u00e9motionnelles ou heurte profond\u00e9ment nos valeurs, c\u2019est quand quelqu\u2019un quelque chose franchi les limites de notre territoire..<\/p><p><strong>Ressentir cette force, la laisser nous traverser.<\/strong> Garder un \u0153il attentif sur elle pour agir et affirmer clairement nos limites, sans n\u00e9cessairement exploser. Car une col\u00e8re explosive peut parfois g\u00e9n\u00e9rer des blessures inutiles. Mais si besoin, elle conserve cette possibilit\u00e9 d\u2019\u00e9clater pour nous d\u00e9fendre avec fermet\u00e9. C\u2019est aussi cela, avoir sa col\u00e8re comme alli\u00e9e<\/p><p>.<\/p>\t\t\t\t\t\t\t\t<\/div>\n\t\t\t\t<\/div>\n\t\t\t\t\t<\/div>\n\t\t\t\t<\/div>\n\t\t<div class=\"elementor-element elementor-element-b22f7ff e-flex e-con-boxed e-con e-parent\" data-id=\"b22f7ff\" data-element_type=\"container\">\n\t\t\t\t\t<div class=\"e-con-inner\">\n\t\t<div class=\"elementor-element elementor-element-3e4e866 e-con-full e-flex e-con e-child\" data-id=\"3e4e866\" data-element_type=\"container\">\n\t\t\t\t<div class=\"elementor-element elementor-element-444d16b elementor-widget elementor-widget-image\" data-id=\"444d16b\" data-element_type=\"widget\" data-widget_type=\"image.default\">\n\t\t\t\t<div class=\"elementor-widget-container\">\n\t\t\t\t\t\t\t\t\t\t\t\t\t\t\t<img loading=\"lazy\" decoding=\"async\" width=\"800\" height=\"800\" src=\"https:\/\/www.hypnoseetpierres-sebastienlanotte.com\/wp-content\/uploads\/2025\/02\/converted_latest_uploaded_image12.jpeg\" class=\"attachment-large size-large wp-image-2218\" alt=\"\" srcset=\"https:\/\/www.hypnoseetpierres-sebastienlanotte.com\/wp-content\/uploads\/2025\/02\/converted_latest_uploaded_image12.jpeg 1024w, https:\/\/www.hypnoseetpierres-sebastienlanotte.com\/wp-content\/uploads\/2025\/02\/converted_latest_uploaded_image12-300x300.jpeg 300w, https:\/\/www.hypnoseetpierres-sebastienlanotte.com\/wp-content\/uploads\/2025\/02\/converted_latest_uploaded_image12-150x150.jpeg 150w, https:\/\/www.hypnoseetpierres-sebastienlanotte.com\/wp-content\/uploads\/2025\/02\/converted_latest_uploaded_image12-768x768.jpeg 768w\" sizes=\"(max-width: 800px) 100vw, 800px\" \/>\t\t\t\t\t\t\t\t\t\t\t\t\t\t\t<\/div>\n\t\t\t\t<\/div>\n\t\t\t\t<\/div>\n\t\t<div class=\"elementor-element elementor-element-8ae59ba e-con-full e-flex e-con e-child\" data-id=\"8ae59ba\" data-element_type=\"container\">\n\t\t\t\t<div class=\"elementor-element elementor-element-b44f396 elementor-widget elementor-widget-image\" data-id=\"b44f396\" data-element_type=\"widget\" data-widget_type=\"image.default\">\n\t\t\t\t<div class=\"elementor-widget-container\">\n\t\t\t\t\t\t\t\t\t\t\t\t\t\t\t<img loading=\"lazy\" decoding=\"async\" width=\"800\" height=\"800\" src=\"https:\/\/www.hypnoseetpierres-sebastienlanotte.com\/wp-content\/uploads\/2025\/02\/Un-des-roles-de-la-colere-est-de-poser-des-limites-1024-x-1024-px-2.png\" class=\"attachment-large size-large wp-image-2219\" alt=\"le jeune homme apprivoise sa col\u00e8re et pose des limmites\" srcset=\"https:\/\/www.hypnoseetpierres-sebastienlanotte.com\/wp-content\/uploads\/2025\/02\/Un-des-roles-de-la-colere-est-de-poser-des-limites-1024-x-1024-px-2.png 1024w, https:\/\/www.hypnoseetpierres-sebastienlanotte.com\/wp-content\/uploads\/2025\/02\/Un-des-roles-de-la-colere-est-de-poser-des-limites-1024-x-1024-px-2-300x300.png 300w, https:\/\/www.hypnoseetpierres-sebastienlanotte.com\/wp-content\/uploads\/2025\/02\/Un-des-roles-de-la-colere-est-de-poser-des-limites-1024-x-1024-px-2-150x150.png 150w, https:\/\/www.hypnoseetpierres-sebastienlanotte.com\/wp-content\/uploads\/2025\/02\/Un-des-roles-de-la-colere-est-de-poser-des-limites-1024-x-1024-px-2-768x768.png 768w\" sizes=\"(max-width: 800px) 100vw, 800px\" \/>\t\t\t\t\t\t\t\t\t\t\t\t\t\t\t<\/div>\n\t\t\t\t<\/div>\n\t\t\t\t<\/div>\n\t\t\t\t\t<\/div>\n\t\t\t\t<\/div>\n\t\t<div class=\"elementor-element elementor-element-0f937fc e-flex e-con-boxed e-con e-parent\" data-id=\"0f937fc\" data-element_type=\"container\">\n\t\t\t\t\t<div class=\"e-con-inner\">\n\t\t\t\t<div class=\"elementor-element elementor-element-5fec630 elementor-widget elementor-widget-text-editor\" data-id=\"5fec630\" data-element_type=\"widget\" data-widget_type=\"text-editor.default\">\n\t\t\t\t<div class=\"elementor-widget-container\">\n\t\t\t\t\t\t\t\t\t<p>Apprivoiser, r\u00e9guler et d\u00e9charger l\u2019exc\u00e8s de col\u00e8re permet de faire face aux situations avec plus de calme. \u00catre dans une relation saine avec sa col\u00e8re, c\u2019est une mani\u00e8re de se respecter soi-m\u00eame, mais aussi d\u2019\u00eatre respect\u00e9 par les autres. <\/p>\t\t\t\t\t\t\t\t<\/div>\n\t\t\t\t<\/div>\n\t\t\t\t<div class=\"elementor-element elementor-element-4177430 elementor-widget elementor-widget-heading\" data-id=\"4177430\" data-element_type=\"widget\" data-widget_type=\"heading.default\">\n\t\t\t\t<div class=\"elementor-widget-container\">\n\t\t\t\t\t<h3 class=\"elementor-heading-title elementor-size-default\">Les pierres qu'am\u00e9thys vous propose pour apprivoiser votre col\u00e8re<\/h3>\t\t\t\t<\/div>\n\t\t\t\t<\/div>\n\t\t\t\t\t<\/div>\n\t\t\t\t<\/div>\n\t\t<div class=\"elementor-element elementor-element-69e1a548 e-con-full e-flex e-con e-child\" data-id=\"69e1a548\" data-element_type=\"container\" data-settings=\"{&quot;background_background&quot;:&quot;classic&quot;}\">\n\t\t\t\t<div class=\"elementor-element elementor-element-019a32b elementor-widget elementor-widget-text-editor\" data-id=\"019a32b\" data-element_type=\"widget\" data-widget_type=\"text-editor.default\">\n\t\t\t\t<div class=\"elementor-widget-container\">\n\t\t\t\t\t\t\t\t\t<p data-start=\"142\" data-end=\"652\">Lorsque les \u00e9motions tourbillonnent en nous, elles cherchent simplement un chemin pour s\u2019exprimer. Pour d\u00e9charger cette \u00e9nergie, laissez-la circuler librement \u00e0 travers le souffle, le mouvement ou la cr\u00e9ation. Accordez-vous juste un instant, avec vous-m\u00eame et avec elles, dans cet espace intime o\u00f9 \u00e9motion et raison s\u2019entrelacent, s\u2019\u00e9quilibrent, s\u2019harmonisent. \u00c0 chacun sa solution. Aucun dogme : simplement transformer un tourbillon, trublion troublant, en un sage message venu du plus profond de soi.<\/p><p data-start=\"654\" data-end=\"913\">Respirez profond\u00e9ment, dansez librement, \u00e9crivez, dessinez ou encore verbalisez votre ressenti\u2026 Car chaque \u00e9motion entendue est une \u00e9motion lib\u00e9r\u00e9e, et chaque \u00e9motion lib\u00e9r\u00e9e r\u00e9v\u00e8le un peu plus de votre lumi\u00e8re int\u00e9rieure, un peu plus de votre humanit\u00e9<\/p>\t\t\t\t\t\t\t\t<\/div>\n\t\t\t\t<\/div>\n\t\t\t\t<div class=\"elementor-element elementor-element-e1d815f elementor-widget elementor-widget-image\" data-id=\"e1d815f\" data-element_type=\"widget\" data-widget_type=\"image.default\">\n\t\t\t\t<div class=\"elementor-widget-container\">\n\t\t\t\t\t\t\t\t\t\t\t\t\t\t\t<img loading=\"lazy\" decoding=\"async\" width=\"800\" height=\"800\" src=\"https:\/\/www.hypnoseetpierres-sebastienlanotte.com\/wp-content\/uploads\/2025\/02\/amethyssourire.png\" class=\"attachment-large size-large wp-image-2213\" alt=\"\" srcset=\"https:\/\/www.hypnoseetpierres-sebastienlanotte.com\/wp-content\/uploads\/2025\/02\/amethyssourire.png 1024w, https:\/\/www.hypnoseetpierres-sebastienlanotte.com\/wp-content\/uploads\/2025\/02\/amethyssourire-300x300.png 300w, https:\/\/www.hypnoseetpierres-sebastienlanotte.com\/wp-content\/uploads\/2025\/02\/amethyssourire-150x150.png 150w, https:\/\/www.hypnoseetpierres-sebastienlanotte.com\/wp-content\/uploads\/2025\/02\/amethyssourire-768x768.png 768w\" sizes=\"(max-width: 800px) 100vw, 800px\" \/>\t\t\t\t\t\t\t\t\t\t\t\t\t\t\t<\/div>\n\t\t\t\t<\/div>\n\t\t\t\t<\/div>\n\t\t<div class=\"elementor-element elementor-element-1008158 e-flex e-con-boxed e-con e-parent\" data-id=\"1008158\" data-element_type=\"container\">\n\t\t\t\t\t<div class=\"e-con-inner\">\n\t\t\t\t<div class=\"elementor-element elementor-element-96561b3 elementor-widget elementor-widget-heading\" data-id=\"96561b3\" data-element_type=\"widget\" data-widget_type=\"heading.default\">\n\t\t\t\t<div class=\"elementor-widget-container\">\n\t\t\t\t\t<h2 class=\"elementor-heading-title elementor-size-default\">Apprivoiser sa col\u00e8re gr\u00e2ce \u00e0 l'hypnose : transformer ses \u00e9motions en alli\u00e9es puissantes <\/h2>\t\t\t\t<\/div>\n\t\t\t\t<\/div>\n\t\t\t\t<div class=\"elementor-element elementor-element-5f993c3 elementor-widget elementor-widget-text-editor\" data-id=\"5f993c3\" data-element_type=\"widget\" data-widget_type=\"text-editor.default\">\n\t\t\t\t<div class=\"elementor-widget-container\">\n\t\t\t\t\t\t\t\t\t<p data-start=\"151\" data-end=\"325\"><strong data-start=\"153\" data-end=\"325\">J\u2019\u00e9tais col\u00e9rique. Je vivais des col\u00e8res explosives. J\u2019en ai cass\u00e9 des assiettes, pouss\u00e9 des cris \u00e0 m\u2019en faire mal \u00e0 la gorge. Puis un jour, j\u2019ai d\u00e9couvert l\u2019hypnose.<\/strong><\/p><p data-start=\"327\" data-end=\"826\">Durant ma formation, j\u2019ai v\u00e9cu une exp\u00e9rience hypnotique puissante, que je fais d\u00e9sormais vivre aux autres : incarner un animal. La premi\u00e8re fois que j\u2019ai fait cette exp\u00e9rience, je suis devenu un ours. D\u2019abord tr\u00e8s \u00e9tonn\u00e9, j\u2019ai senti mon torse se gonfler, ma respiration s\u2019approfondir. Mes mains devenaient des pattes puissantes, mon corps se couvrait d\u2019un pelage \u00e9pais. Je humais l\u2019air, je posais fermement mes pattes au sol, marquant mon territoire. Je me sentais pleinement ours, fort et sauvage.<\/p><p data-start=\"828\" data-end=\"1047\">L\u00e0, de l\u2019autre c\u00f4t\u00e9 de la rivi\u00e8re, j\u2019ai aper\u00e7u l\u2019humain. Il puait. L\u2019ours que j\u2019\u00e9tais ressentait un profond m\u00e9pris envers lui. Il ne devait pas passer. Je me suis dress\u00e9, j\u2019ai rugi, j\u2019ai charg\u00e9. C\u2019\u00e9tait mon territoire !<\/p><p data-start=\"1049\" data-end=\"1580\">La personne qui m\u2019accompagnait, apprentie comme moi \u00e0 l\u2019\u00e9poque, a eu peur et m\u2019a rapidement fait revenir. Eh oui, cette intensit\u00e9 \u00e9motionnelle fait souvent peur. Mais ce jour-l\u00e0, j\u2019ai pleinement v\u00e9cu ma col\u00e8re sous la forme d\u2019un animal, et j\u2019ai compris ce qu\u2019elle cherchait \u00e0 accomplir. Plus pr\u00e9cis\u00e9ment, j\u2019ai ressenti ce qu\u2019elle \u00e9tait r\u00e9ellement : une volont\u00e9 l\u00e9gitime de prot\u00e9ger mon espace personnel et mes limites. Ce fut une r\u00e9v\u00e9lation. Depuis ce moment, j\u2019ai commenc\u00e9 \u00e0 apprivoiser ma col\u00e8re, \u00e0 en faire une alli\u00e9e pr\u00e9cieuse.<\/p><p>\u00a0<\/p>\t\t\t\t\t\t\t\t<\/div>\n\t\t\t\t<\/div>\n\t\t\t\t<div class=\"elementor-element elementor-element-fac7e91 elementor-widget elementor-widget-image\" data-id=\"fac7e91\" data-element_type=\"widget\" data-widget_type=\"image.default\">\n\t\t\t\t<div class=\"elementor-widget-container\">\n\t\t\t\t\t\t\t\t\t\t\t\t\t\t\t<img loading=\"lazy\" decoding=\"async\" width=\"300\" height=\"300\" src=\"https:\/\/www.hypnoseetpierres-sebastienlanotte.com\/wp-content\/uploads\/2025\/02\/image_converted-300x300.jpg\" class=\"attachment-medium size-medium wp-image-2223\" alt=\"lancer une balle magique pour d\u00e9charger la col\u00e8re\" srcset=\"https:\/\/www.hypnoseetpierres-sebastienlanotte.com\/wp-content\/uploads\/2025\/02\/image_converted-300x300.jpg 300w, https:\/\/www.hypnoseetpierres-sebastienlanotte.com\/wp-content\/uploads\/2025\/02\/image_converted-150x150.jpg 150w, https:\/\/www.hypnoseetpierres-sebastienlanotte.com\/wp-content\/uploads\/2025\/02\/image_converted-768x768.jpg 768w, https:\/\/www.hypnoseetpierres-sebastienlanotte.com\/wp-content\/uploads\/2025\/02\/image_converted.jpg 1024w\" sizes=\"(max-width: 300px) 100vw, 300px\" \/>\t\t\t\t\t\t\t\t\t\t\t\t\t\t\t<\/div>\n\t\t\t\t<\/div>\n\t\t\t\t<div class=\"elementor-element elementor-element-01427d7 elementor-widget elementor-widget-heading\" data-id=\"01427d7\" data-element_type=\"widget\" data-widget_type=\"heading.default\">\n\t\t\t\t<div class=\"elementor-widget-container\">\n\t\t\t\t\t<h3 class=\"elementor-heading-title elementor-size-default\">Accepter ses \u00e9motions et celles des autres<\/h3>\t\t\t\t<\/div>\n\t\t\t\t<\/div>\n\t\t\t\t<div class=\"elementor-element elementor-element-3100564 elementor-widget elementor-widget-text-editor\" data-id=\"3100564\" data-element_type=\"widget\" data-widget_type=\"text-editor.default\">\n\t\t\t\t<div class=\"elementor-widget-container\">\n\t\t\t\t\t\t\t\t\t<p data-start=\"1582\" data-end=\"2266\">Cette exp\u00e9rience m\u2019a aussi enseign\u00e9 qu\u2019en tant qu\u2019accompagnant, il est crucial d\u2019accepter pleinement les \u00e9motions de nos clients, m\u00eame lorsqu\u2019elles sont intenses ou inconfortables. Ce jour-l\u00e0, en ressentant la g\u00eane de mon accompagnatrice face \u00e0 ma col\u00e8re, j\u2019ai \u00e9prouv\u00e9 une br\u00e8ve culpabilit\u00e9 d\u2019avoir laiss\u00e9 cette \u00e9motion m\u2019envahir. Heureusement, ce fut passager. D\u00e9sormais, quand l\u2019un de mes clients traverse une forte \u00e9motion, je reste avec lui, pleinement pr\u00e9sent et engag\u00e9. S\u2019il est f\u00e2ch\u00e9, c\u2019est parfaitement acceptable. Il a enti\u00e8rement le droit d\u2019\u00e9prouver et d\u2019exprimer sa col\u00e8re. Il a m\u00eame toutes les raisons de la ressentir et de la vivre pleinement. Toute \u00e9motion est l\u00e9gitime.<\/p><p data-start=\"2268\" data-end=\"2526\">Parfois, je propose \u00e0 mes clients de lancer symboliquement leur \u00e9motion avec une balle magique lib\u00e9ratrice. C\u2019est puissant, surtout en \u00e9tat d\u2019hypnose : la balle devient vite un missile, une grenade symbolique qui affirme et prot\u00e8ge leur territoire int\u00e9rieur.<\/p><p data-start=\"2528\" data-end=\"2805\">Aujourd\u2019hui, j\u2019ai apprivois\u00e9 cette \u00e9motion intense. Je l\u2019\u00e9coute, je la ressens, elle vit en moi sans exploser\u2014sauf lorsque j\u2019estime n\u00e9cessaire de laisser cette \u00e9nergie s\u2019exprimer clairement pour \u00eatre entendu. Cette nouvelle relation \u00e0 ma col\u00e8re m\u2019a profond\u00e9ment transform\u00e9.<\/p><p>.<\/p><p>.<\/p>\t\t\t\t\t\t\t\t<\/div>\n\t\t\t\t<\/div>\n\t\t\t\t\t<\/div>\n\t\t\t\t<\/div>\n\t\t<div class=\"elementor-element elementor-element-7d1e098 e-flex e-con-boxed e-con e-parent\" data-id=\"7d1e098\" data-element_type=\"container\" data-settings=\"{&quot;background_background&quot;:&quot;classic&quot;}\">\n\t\t\t\t\t<div class=\"e-con-inner\">\n\t\t<div class=\"elementor-element elementor-element-5d1a23ae e-con-full e-flex e-con e-child\" data-id=\"5d1a23ae\" data-element_type=\"container\">\n\t\t<div class=\"elementor-element elementor-element-13ffd824 e-con-full e-flex e-con e-child\" data-id=\"13ffd824\" data-element_type=\"container\">\n\t\t\t\t<div class=\"elementor-element elementor-element-89583d7 elementor-widget elementor-widget-heading\" data-id=\"89583d7\" data-element_type=\"widget\" data-widget_type=\"heading.default\">\n\t\t\t\t<div class=\"elementor-widget-container\">\n\t\t\t\t\t<h2 class=\"elementor-heading-title elementor-size-default\">A propos de moi.<\/h2>\t\t\t\t<\/div>\n\t\t\t\t<\/div>\n\t\t\t\t<div class=\"elementor-element elementor-element-62a8e103 elementor-widget elementor-widget-image\" data-id=\"62a8e103\" data-element_type=\"widget\" data-widget_type=\"image.default\">\n\t\t\t\t<div class=\"elementor-widget-container\">\n\t\t\t\t\t\t\t\t\t\t\t\t\t\t\t<img loading=\"lazy\" decoding=\"async\" width=\"300\" height=\"300\" src=\"https:\/\/www.hypnoseetpierres-sebastienlanotte.com\/wp-content\/uploads\/2025\/02\/sebastien-lanotte-hypnose-et-pierres-300x300.png\" class=\"attachment-medium size-medium wp-image-2085\" alt=\"\" srcset=\"https:\/\/www.hypnoseetpierres-sebastienlanotte.com\/wp-content\/uploads\/2025\/02\/sebastien-lanotte-hypnose-et-pierres-300x300.png 300w, https:\/\/www.hypnoseetpierres-sebastienlanotte.com\/wp-content\/uploads\/2025\/02\/sebastien-lanotte-hypnose-et-pierres-150x150.png 150w, https:\/\/www.hypnoseetpierres-sebastienlanotte.com\/wp-content\/uploads\/2025\/02\/sebastien-lanotte-hypnose-et-pierres-768x768.png 768w, https:\/\/www.hypnoseetpierres-sebastienlanotte.com\/wp-content\/uploads\/2025\/02\/sebastien-lanotte-hypnose-et-pierres.png 1024w\" sizes=\"(max-width: 300px) 100vw, 300px\" \/>\t\t\t\t\t\t\t\t\t\t\t\t\t\t\t<\/div>\n\t\t\t\t<\/div>\n\t\t\t\t<div class=\"elementor-element elementor-element-4ff10480 elementor-widget elementor-widget-text-editor\" data-id=\"4ff10480\" data-element_type=\"widget\" data-widget_type=\"text-editor.default\">\n\t\t\t\t<div class=\"elementor-widget-container\">\n\t\t\t\t\t\t\t\t\t<p>Je suis <b>S\u00e9bastien Lanotte<\/b>, hypnoth\u00e9rapeute et gemmologue, passionn\u00e9 par la vie et avide de d\u00e9couvertes. Depuis des d\u00e9cennies, j\u2019explore et j\u2019apprends chaque jour, m\u00ealant <b>psychologie et \u00e9nerg\u00e9tique, tradition et science, corps et esprit<\/b>. J\u2019aime cr\u00e9er <b>des ponts entre ces mondes<\/b> pour mieux comprendre l\u2019humain et ses transformations.<\/p><p>\ud83d\udcac <b>Curieux de vos ressentis et exp\u00e9riences, j\u2019adorerais \u00e9changer avec vous ici ou sur les r\u00e9seaux.<\/b><\/p>\t\t\t\t\t\t\t\t<\/div>\n\t\t\t\t<\/div>\n\t\t\t\t<\/div>\n\t\t\t\t<\/div>\n\t\t<div class=\"elementor-element elementor-element-3cf41298 e-con-full e-flex e-con e-child\" data-id=\"3cf41298\" data-element_type=\"container\">\n\t\t\t\t<div class=\"elementor-element elementor-element-67acaf80 elementor-widget elementor-widget-image\" data-id=\"67acaf80\" data-element_type=\"widget\" data-widget_type=\"image.default\">\n\t\t\t\t<div class=\"elementor-widget-container\">\n\t\t\t\t\t\t\t\t\t\t\t\t\t\t\t<img loading=\"lazy\" decoding=\"async\" width=\"300\" height=\"300\" src=\"https:\/\/www.hypnoseetpierres-sebastienlanotte.com\/wp-content\/uploads\/2025\/02\/HYPNOSE-ET-PIERRES_LOGO-V3_DECLI-06-300x300.png\" class=\"attachment-medium size-medium wp-image-1952\" alt=\"\" srcset=\"https:\/\/www.hypnoseetpierres-sebastienlanotte.com\/wp-content\/uploads\/2025\/02\/HYPNOSE-ET-PIERRES_LOGO-V3_DECLI-06-300x300.png 300w, https:\/\/www.hypnoseetpierres-sebastienlanotte.com\/wp-content\/uploads\/2025\/02\/HYPNOSE-ET-PIERRES_LOGO-V3_DECLI-06-1024x1024.png 1024w, https:\/\/www.hypnoseetpierres-sebastienlanotte.com\/wp-content\/uploads\/2025\/02\/HYPNOSE-ET-PIERRES_LOGO-V3_DECLI-06-150x150.png 150w, https:\/\/www.hypnoseetpierres-sebastienlanotte.com\/wp-content\/uploads\/2025\/02\/HYPNOSE-ET-PIERRES_LOGO-V3_DECLI-06-768x768.png 768w, https:\/\/www.hypnoseetpierres-sebastienlanotte.com\/wp-content\/uploads\/2025\/02\/HYPNOSE-ET-PIERRES_LOGO-V3_DECLI-06.png 1338w\" sizes=\"(max-width: 300px) 100vw, 300px\" \/>\t\t\t\t\t\t\t\t\t\t\t\t\t\t\t<\/div>\n\t\t\t\t<\/div>\n\t\t\t\t<div class=\"elementor-element elementor-element-1c039955 elementor-align-center elementor-widget elementor-widget-button\" data-id=\"1c039955\" data-element_type=\"widget\" data-widget_type=\"button.default\">\n\t\t\t\t<div class=\"elementor-widget-container\">\n\t\t\t\t\t\t\t\t\t<div class=\"elementor-button-wrapper\">\n\t\t\t\t\t<a class=\"elementor-button elementor-button-link elementor-size-sm\" href=\"https:\/\/www.resalib.fr\/praticien\/56232-sebastien-lanotte-hypnotherapeute-etival-clairefontaine\" target=\"_blank\">\n\t\t\t\t\t\t<span class=\"elementor-button-content-wrapper\">\n\t\t\t\t\t\t\t\t\t<span class=\"elementor-button-text\">Prenez rendez-vous<\/span>\n\t\t\t\t\t<\/span>\n\t\t\t\t\t<\/a>\n\t\t\t\t<\/div>\n\t\t\t\t\t\t\t\t<\/div>\n\t\t\t\t<\/div>\n\t\t\t\t<div class=\"elementor-element elementor-element-76a054c6 elementor-widget elementor-widget-text-editor\" data-id=\"76a054c6\" data-element_type=\"widget\" data-widget_type=\"text-editor.default\">\n\t\t\t\t<div class=\"elementor-widget-container\">\n\t\t\t\t\t\t\t\t\t<p>S\u00e9ances d\u2019hypnose moderne, sur rendez-vous \u00e0 mon cabinet, \u00c9tival-Clairefontaine, pr\u00e8s de Saint-Di\u00e9-des-Vosges, ou en visioconf\u00e9rence<\/p>\t\t\t\t\t\t\t\t<\/div>\n\t\t\t\t<\/div>\n\t\t\t\t<\/div>\n\t\t\t\t\t<\/div>\n\t\t\t\t<\/div>\n\t\t<div class=\"elementor-element elementor-element-fd3397c e-flex e-con-boxed e-con e-parent\" data-id=\"fd3397c\" data-element_type=\"container\">\n\t\t\t\t\t<div class=\"e-con-inner\">\n\t\t\t\t<div class=\"elementor-element elementor-element-3680795 elementor-widget elementor-widget-image\" data-id=\"3680795\" data-element_type=\"widget\" data-widget_type=\"image.default\">\n\t\t\t\t<div class=\"elementor-widget-container\">\n\t\t\t\t\t\t\t\t\t\t\t\t\t\t\t<img decoding=\"async\" width=\"800\" height=\"40\" src=\"https:\/\/www.hypnoseetpierres-sebastienlanotte.com\/wp-content\/uploads\/2025\/02\/cristaux-separateur.png\" class=\"attachment-large size-large wp-image-1313\" alt=\"\" srcset=\"https:\/\/www.hypnoseetpierres-sebastienlanotte.com\/wp-content\/uploads\/2025\/02\/cristaux-separateur.png 1000w, https:\/\/www.hypnoseetpierres-sebastienlanotte.com\/wp-content\/uploads\/2025\/02\/cristaux-separateur-300x15.png 300w, https:\/\/www.hypnoseetpierres-sebastienlanotte.com\/wp-content\/uploads\/2025\/02\/cristaux-separateur-768x38.png 768w\" sizes=\"(max-width: 800px) 100vw, 800px\" \/>\t\t\t\t\t\t\t\t\t\t\t\t\t\t\t<\/div>\n\t\t\t\t<\/div>\n\t\t\t\t\t<\/div>\n\t\t\t\t<\/div>\n\t\t<div class=\"elementor-element elementor-element-7d8129dd e-con-full e-flex e-con e-child\" data-id=\"7d8129dd\" data-element_type=\"container\" data-settings=\"{&quot;background_background&quot;:&quot;classic&quot;}\">\n\t\t\t\t<div class=\"elementor-element elementor-element-69872cd elementor-widget__width-initial elementor-widget elementor-widget-text-editor\" data-id=\"69872cd\" data-element_type=\"widget\" data-widget_type=\"text-editor.default\">\n\t\t\t\t<div class=\"elementor-widget-container\">\n\t\t\t\t\t\t\t\t\t<p>Comme je le dis toujours, choisir une pierre est une histoire de c\u0153ur plus que de raison. Laissez-vous guider par votre ressenti, votre intuition, votre attirance naturelle. Mais si je devais sugg\u00e9rer quelques pierres pour apaiser les col\u00e8res trop intenses, je vous orienterais vers la douceur du Quartz rose, l\u2019apaisante Am\u00e9thyste ou encore la lumineuse S\u00e9l\u00e9nite. \u00c0 l&rsquo;inverse, si vous avez du mal \u00e0 r\u00e9guler votre col\u00e8re, je vous d\u00e9conseille de porter des pierres comme les Grenats fonc\u00e9s ou l\u2019\u0152il de tigre, qui pourraient accentuer le c\u00f4t\u00e9 explosif de cette \u00e9motion puissante.<br \/>Lien vers l&rsquo;article : <a href=\"https:\/\/www.hypnoseetpierres-sebastienlanotte.com\/index.php\/2025\/02\/18\/harmoniser-ces-emotions-avec-les-pierres\/\">harmoniser ses \u00e9motions avec les pierres.<\/a><\/p>\t\t\t\t\t\t\t\t<\/div>\n\t\t\t\t<\/div>\n\t\t\t\t<div class=\"elementor-element elementor-element-5a3dfdf elementor-widget elementor-widget-image\" data-id=\"5a3dfdf\" data-element_type=\"widget\" data-widget_type=\"image.default\">\n\t\t\t\t<div class=\"elementor-widget-container\">\n\t\t\t\t\t\t\t\t\t\t\t\t\t\t\t<img loading=\"lazy\" decoding=\"async\" width=\"500\" height=\"500\" src=\"https:\/\/www.hypnoseetpierres-sebastienlanotte.com\/wp-content\/uploads\/2025\/02\/amethhsnet1.png\" class=\"attachment-large size-large wp-image-1549\" alt=\"am\u00e9thys, l&#039;avatar intuitif et m\u00e9ditatif du blog, inspir\u00e9 d&#039;une am\u00e9thyste, vaporeuse, f\u00e9minine, flottante violette\" srcset=\"https:\/\/www.hypnoseetpierres-sebastienlanotte.com\/wp-content\/uploads\/2025\/02\/amethhsnet1.png 500w, https:\/\/www.hypnoseetpierres-sebastienlanotte.com\/wp-content\/uploads\/2025\/02\/amethhsnet1-300x300.png 300w, https:\/\/www.hypnoseetpierres-sebastienlanotte.com\/wp-content\/uploads\/2025\/02\/amethhsnet1-150x150.png 150w\" sizes=\"(max-width: 500px) 100vw, 500px\" \/>\t\t\t\t\t\t\t\t\t\t\t\t\t\t\t<\/div>\n\t\t\t\t<\/div>\n\t\t\t\t<\/div>\n\t\t<div class=\"elementor-element elementor-element-1b33b1c e-flex e-con-boxed e-con e-parent\" data-id=\"1b33b1c\" data-element_type=\"container\">\n\t\t\t\t\t<div class=\"e-con-inner\">\n\t\t\t\t<div class=\"elementor-element elementor-element-ecd6afe elementor-widget elementor-widget-image\" data-id=\"ecd6afe\" data-element_type=\"widget\" data-widget_type=\"image.default\">\n\t\t\t\t<div class=\"elementor-widget-container\">\n\t\t\t\t\t\t\t\t\t\t\t\t\t\t\t<img decoding=\"async\" width=\"800\" height=\"40\" src=\"https:\/\/www.hypnoseetpierres-sebastienlanotte.com\/wp-content\/uploads\/2025\/02\/cristaux-separateur.png\" class=\"attachment-large size-large wp-image-1313\" alt=\"\" srcset=\"https:\/\/www.hypnoseetpierres-sebastienlanotte.com\/wp-content\/uploads\/2025\/02\/cristaux-separateur.png 1000w, https:\/\/www.hypnoseetpierres-sebastienlanotte.com\/wp-content\/uploads\/2025\/02\/cristaux-separateur-300x15.png 300w, https:\/\/www.hypnoseetpierres-sebastienlanotte.com\/wp-content\/uploads\/2025\/02\/cristaux-separateur-768x38.png 768w\" sizes=\"(max-width: 800px) 100vw, 800px\" \/>\t\t\t\t\t\t\t\t\t\t\t\t\t\t\t<\/div>\n\t\t\t\t<\/div>\n\t\t\t\t\t<\/div>\n\t\t\t\t<\/div>\n\t\t<div class=\"elementor-element elementor-element-4f765378 e-con-full e-flex e-con e-child\" data-id=\"4f765378\" data-element_type=\"container\" data-settings=\"{&quot;background_background&quot;:&quot;classic&quot;}\">\n\t\t\t\t<div class=\"elementor-element elementor-element-6b0e77b elementor-widget elementor-widget-heading\" data-id=\"6b0e77b\" data-element_type=\"widget\" data-widget_type=\"heading.default\">\n\t\t\t\t<div class=\"elementor-widget-container\">\n\t\t\t\t\t<h4 class=\"elementor-heading-title elementor-size-default\">Bilbiographie de cet article sur la col\u00e8re<\/h4>\t\t\t\t<\/div>\n\t\t\t\t<\/div>\n\t\t\t\t<div class=\"elementor-element elementor-element-024aa1e elementor-widget elementor-widget-text-editor\" data-id=\"024aa1e\" data-element_type=\"widget\" data-widget_type=\"text-editor.default\">\n\t\t\t\t<div class=\"elementor-widget-container\">\n\t\t\t\t\t\t\t\t\t<ul><li data-start=\"201\" data-end=\"392\"><p data-start=\"203\" data-end=\"392\"><strong data-start=\"203\" data-end=\"230\">Damasio, Antonio (1995)<\/strong>, <em data-start=\"232\" data-end=\"280\">L\u2019Erreur de Descartes : La raison des \u00e9motions<\/em>, Odile Jacob.<br data-start=\"294\" data-end=\"297\" \/><em data-start=\"299\" data-end=\"392\">(\u00c9motions et prise de d\u00e9cision, r\u00f4le de la col\u00e8re et autres \u00e9motions dans le comportement.)<\/em><\/p><\/li><li data-start=\"394\" data-end=\"546\"><p data-start=\"396\" data-end=\"546\"><strong data-start=\"396\" data-end=\"426\">Filliozat, Isabelle (1999)<\/strong>, <em data-start=\"428\" data-end=\"462\">Au c\u0153ur des \u00e9motions de l\u2019enfant<\/em>, Marabout.<br data-start=\"473\" data-end=\"476\" \/><em data-start=\"478\" data-end=\"546\">(Comprendre et accompagner la gestion \u00e9motionnelle chez l\u2019enfant.)<\/em><\/p><\/li><li data-start=\"548\" data-end=\"691\"><p data-start=\"550\" data-end=\"691\"><strong data-start=\"550\" data-end=\"579\">Gueguen, Catherine (2014)<\/strong>, <em data-start=\"581\" data-end=\"608\">Pour une enfance heureuse<\/em>, Pocket.<br data-start=\"617\" data-end=\"620\" \/><em data-start=\"622\" data-end=\"691\">(Neurosciences affectives et d\u00e9veloppement \u00e9motionnel des enfants.)<\/em><\/p><\/li><li data-start=\"693\" data-end=\"831\"><p data-start=\"695\" data-end=\"831\"><strong data-start=\"695\" data-end=\"719\">Levine, Peter (2014)<\/strong>, <em data-start=\"721\" data-end=\"747\">Gu\u00e9rir par-del\u00e0 les mots<\/em>, InterEditions.<br data-start=\"763\" data-end=\"766\" \/><em data-start=\"768\" data-end=\"831\">(Expression et lib\u00e9ration corporelle des \u00e9motions refoul\u00e9es.)<\/em><\/p><\/li><li data-start=\"833\" data-end=\"996\"><p data-start=\"835\" data-end=\"996\"><strong data-start=\"835\" data-end=\"881\">Siegel, Daniel &amp; Bryson, Tina Payne (2015)<\/strong>, <em data-start=\"883\" data-end=\"911\">Le cerveau de votre enfant<\/em>, Les Ar\u00e8nes.<br data-start=\"924\" data-end=\"927\" \/><em data-start=\"929\" data-end=\"996\">(Fonctionnement c\u00e9r\u00e9bral et r\u00e9gulation \u00e9motionnelle de l\u2019enfant.)<\/em><\/p><\/li><li data-start=\"998\" data-end=\"1136\"><p data-start=\"1000\" data-end=\"1136\"><strong data-start=\"1000\" data-end=\"1031\">Van der Kolk, Bessel (2018)<\/strong>, <em data-start=\"1033\" data-end=\"1057\">Le corps n\u2019oublie rien<\/em>, Albin Michel.<br data-start=\"1072\" data-end=\"1075\" \/><em data-start=\"1077\" data-end=\"1136\">(Cons\u00e9quences des traumatismes \u00e9motionnels et physiques.)<\/em><\/p><\/li><li data-start=\"1138\" data-end=\"1280\"><p data-start=\"1140\" data-end=\"1280\"><strong data-start=\"1140\" data-end=\"1186\">Erickson, Milton &amp; Lockert, Olivier (2001)<\/strong>, <em data-start=\"1188\" data-end=\"1207\">Hypnose humaniste<\/em>, IFHE \u00c9ditions.<br data-start=\"1223\" data-end=\"1226\" \/><em data-start=\"1228\" data-end=\"1280\">(Approche th\u00e9rapeutique symbolique par l\u2019hypnose.)<\/em><\/p><\/li><\/ul>\t\t\t\t\t\t\t\t<\/div>\n\t\t\t\t<\/div>\n\t\t\t\t<div class=\"elementor-element elementor-element-9acfa50 elementor-widget elementor-widget-image\" data-id=\"9acfa50\" data-element_type=\"widget\" data-widget_type=\"image.default\">\n\t\t\t\t<div class=\"elementor-widget-container\">\n\t\t\t\t\t\t\t\t\t\t\t\t\t\t\t<img loading=\"lazy\" decoding=\"async\" width=\"150\" height=\"150\" src=\"https:\/\/www.hypnoseetpierres-sebastienlanotte.com\/wp-content\/uploads\/2025\/02\/cubs-lis-un-livre-150x150.png\" class=\"attachment-thumbnail size-thumbnail wp-image-1806\" alt=\"cubs avatar inspir\u00e9 de la pyrite lis un livre\" srcset=\"https:\/\/www.hypnoseetpierres-sebastienlanotte.com\/wp-content\/uploads\/2025\/02\/cubs-lis-un-livre-150x150.png 150w, https:\/\/www.hypnoseetpierres-sebastienlanotte.com\/wp-content\/uploads\/2025\/02\/cubs-lis-un-livre-300x300.png 300w, https:\/\/www.hypnoseetpierres-sebastienlanotte.com\/wp-content\/uploads\/2025\/02\/cubs-lis-un-livre-768x768.png 768w, https:\/\/www.hypnoseetpierres-sebastienlanotte.com\/wp-content\/uploads\/2025\/02\/cubs-lis-un-livre.png 1024w\" sizes=\"(max-width: 150px) 100vw, 150px\" \/>\t\t\t\t\t\t\t\t\t\t\t\t\t\t\t<\/div>\n\t\t\t\t<\/div>\n\t\t\t\t<\/div>\n\t\t<div class=\"elementor-element elementor-element-eebce43 e-flex e-con-boxed e-con e-parent\" data-id=\"eebce43\" data-element_type=\"container\">\n\t\t\t\t\t<div class=\"e-con-inner\">\n\t\t\t\t\t<\/div>\n\t\t\t\t<\/div>\n\t\t<div class=\"elementor-element elementor-element-b9885de e-flex e-con-boxed e-con e-parent\" data-id=\"b9885de\" data-element_type=\"container\">\n\t\t\t\t\t<div class=\"e-con-inner\">\n\t\t<div class=\"elementor-element elementor-element-1c07c75 e-con-full e-flex e-con e-child\" data-id=\"1c07c75\" data-element_type=\"container\">\n\t\t\t\t<div class=\"elementor-element elementor-element-edd745e elementor-widget elementor-widget-text-editor\" data-id=\"edd745e\" data-element_type=\"widget\" data-widget_type=\"text-editor.default\">\n\t\t\t\t<div class=\"elementor-widget-container\">\n\t\t\t\t\t\t\t\t\t<p><a href=\"https:\/\/www.hypnoseetpierres-sebastienlanotte.com\/index.php\/hypnose-et-pierres-le-blog\/\">Ce blog<\/a> est un <strong>espace d\u2019exploration et de transmission<\/strong>, o\u00f9 je partage des r\u00e9flexions, des outils et des perspectives <strong>pour mieux se comprendre et \u00e9voluer vers plus d\u2019harmonie et de paix int\u00e9rieure.<\/strong><\/p><p>Chaque article est<a href=\"https:\/\/www.hypnoseetpierres-sebastienlanotte.com\/index.php\/2025\/02\/12\/un-voyage-a-travers-la-matiere\/\"> <strong>le fruit de mon propre cheminement<\/strong>,<\/a> m\u00ealant <strong><a href=\"https:\/\/www.hypnoseetpierres-sebastienlanotte.com\/\">mon exp\u00e9rience d\u2019accompagnant,<\/a> ma qu\u00eate en tant qu\u2019humain dans ce 21\u1d49 si\u00e8cle<\/strong>, et <strong>l\u2019appui de l\u2019intelligence artificielle comme un partenaire cr\u00e9atif.<\/strong> L\u2019IA m\u2019aide \u00e0 <strong>structurer, approfondir et affiner mes id\u00e9es<\/strong>, mais <strong>chaque mot ici est pens\u00e9, ressenti et \u00e9crit avec mon intention.<\/strong><\/p><p><strong>Mon objectif ?<\/strong> Partager <strong>mes apprentissages, mes r\u00e9flexions et mes d\u00e9couvertes<\/strong>, offrir <strong>des cl\u00e9s de compr\u00e9hension et d\u2019exploration int\u00e9rieure<\/strong>, <strong>toujours dans une approche humaine, incarn\u00e9e et authentique.<\/strong><\/p><p>\u00a0<\/p>\t\t\t\t\t\t\t\t<\/div>\n\t\t\t\t<\/div>\n\t\t\t\t<\/div>\n\t\t<div class=\"elementor-element elementor-element-674673c e-con-full e-flex e-con e-child\" data-id=\"674673c\" data-element_type=\"container\">\n\t\t\t\t<div class=\"elementor-element elementor-element-5a4af5d elementor-widget elementor-widget-global elementor-global-1622 elementor-widget-text-editor\" data-id=\"5a4af5d\" data-element_type=\"widget\" data-widget_type=\"text-editor.default\">\n\t\t\t\t<div class=\"elementor-widget-container\">\n\t\t\t\t\t\t\t\t\t<p data-start=\"1056\" data-end=\"1344\">\ud83d\udd39 <strong data-start=\"1059\" data-end=\"1091\"><a href=\"https:\/\/www.hypnoseetpierres-sebastienlanotte.com\/index.php\/2025\/01\/31\/nous-ne-sommes-pas-nos-emotions\/\" rel=\"noopener\" data-start=\"1061\" data-end=\"1089\">Comprendre ses \u00e9motions<\/a><\/strong> : Comment notre corps nous parle et pourquoi l\u2019\u00e9couter.<br data-start=\"1147\" data-end=\"1150\" \/>\ud83d\udd39 <strong data-start=\"1153\" data-end=\"1203\"><a href=\"https:\/\/www.hypnoseetpierres-sebastienlanotte.com\/\" rel=\"noopener\" data-start=\"1155\" data-end=\"1201\">L\u2019hypnose et la transformation int\u00e9rieure<\/a><\/strong> : Explorer son inconscient pour avancer.<br data-start=\"1244\" data-end=\"1247\" \/>\ud83d\udd39 <strong data-start=\"1250\" data-end=\"1271\"><a href=\"https:\/\/www.hypnoseetpierres-sebastienlanotte.com\/index.php\/ma-pratique-de-lhypnose\/\" rel=\"noopener\" data-start=\"1252\" data-end=\"1269\">Mon approche<\/a><\/strong> : D\u00e9couvrir comment je vous accompagne vers plus de clart\u00e9 int\u00e9rieure.<\/p><p data-start=\"1346\" data-end=\"1590\">\ud83d\udce9 <strong data-start=\"1349\" data-end=\"1370\">Ne manquez rien !<\/strong> Recevez mes prochaines publications directement dans votre bo\u00eete mail en vous inscrivant \u00e0 ma <strong data-start=\"1465\" data-end=\"1484\"><a href=\"https:\/\/www.hypnoseetpierres-sebastienlanotte.com\/index.php\/newsletters\/\" rel=\"noopener\" data-start=\"1467\" data-end=\"1482\">newsletter<\/a><\/strong>.<br data-start=\"1485\" data-end=\"1488\" \/>\ud83d\udcf2 <strong data-start=\"1491\" data-end=\"1532\">Rejoignez-moi sur les r\u00e9seaux sociaux<\/strong> (liens ci-dessus) pour plus de contenus et d\u2019\u00e9changes.<\/p><p data-start=\"1592\" data-end=\"1723\">\ud83d\udcac <strong data-start=\"1595\" data-end=\"1625\">Cet article vous a parl\u00e9 ?<\/strong> Laissez un commentaire ou partagez-le autour de vous ! Chaque \u00e9change enrichit la r\u00e9flexion<\/p>\t\t\t\t\t\t\t\t<\/div>\n\t\t\t\t<\/div>\n\t\t\t\t<\/div>\n\t\t\t\t\t<\/div>\n\t\t\t\t<\/div>\n\t\t<div class=\"elementor-element elementor-element-b3ef319 e-flex e-con-boxed e-con e-parent\" data-id=\"b3ef319\" data-element_type=\"container\">\n\t\t\t\t\t<div class=\"e-con-inner\">\n\t\t\t\t<div class=\"elementor-element elementor-element-37c851a elementor-widget elementor-widget-facebook-comments\" data-id=\"37c851a\" data-element_type=\"widget\" data-widget_type=\"facebook-comments.default\">\n\t\t\t\t<div class=\"elementor-widget-container\">\n\t\t\t\t\t\t\t<div class=\"elementor-facebook-widget fb-comments\" data-href=\"https:\/\/www.hypnoseetpierres-sebastienlanotte.com?p=2138\" data-width=\"100%\" data-numposts=\"10\" data-order-by=\"social\" style=\"min-height: 1px\"><\/div>\n\t\t\t\t\t\t<\/div>\n\t\t\t\t<\/div>\n\t\t\t\t<div class=\"elementor-element elementor-element-be661cd elementor-widget elementor-widget-image\" data-id=\"be661cd\" data-element_type=\"widget\" data-widget_type=\"image.default\">\n\t\t\t\t<div class=\"elementor-widget-container\">\n\t\t\t\t\t\t\t\t\t\t\t\t\t\t\t<img loading=\"lazy\" decoding=\"async\" width=\"250\" height=\"250\" src=\"https:\/\/www.hypnoseetpierres-sebastienlanotte.com\/wp-content\/uploads\/2025\/02\/Sans-titre-250-\u00d7-250-px.png\" class=\"attachment-large size-large wp-image-1959\" alt=\"\" srcset=\"https:\/\/www.hypnoseetpierres-sebastienlanotte.com\/wp-content\/uploads\/2025\/02\/Sans-titre-250-\u00d7-250-px.png 250w, https:\/\/www.hypnoseetpierres-sebastienlanotte.com\/wp-content\/uploads\/2025\/02\/Sans-titre-250-\u00d7-250-px-150x150.png 150w\" sizes=\"(max-width: 250px) 100vw, 250px\" \/>\t\t\t\t\t\t\t\t\t\t\t\t\t\t\t<\/div>\n\t\t\t\t<\/div>\n\t\t\t\t<div class=\"elementor-element elementor-element-1a4bd2d elementor-share-buttons--color-custom elementor-share-buttons--view-icon-text elementor-share-buttons--skin-gradient elementor-share-buttons--shape-square elementor-grid-0 elementor-widget elementor-widget-global elementor-global-1591 elementor-widget-share-buttons\" data-id=\"1a4bd2d\" data-element_type=\"widget\" data-widget_type=\"share-buttons.default\">\n\t\t\t\t<div class=\"elementor-widget-container\">\n\t\t\t\t\t\t\t<div class=\"elementor-grid\">\n\t\t\t\t\t\t\t\t<div class=\"elementor-grid-item\">\n\t\t\t\t\t\t<div\n\t\t\t\t\t\t\tclass=\"elementor-share-btn elementor-share-btn_facebook\"\n\t\t\t\t\t\t\trole=\"button\"\n\t\t\t\t\t\t\ttabindex=\"0\"\n\t\t\t\t\t\t\taria-label=\"Partager sur facebook\"\n\t\t\t\t\t\t>\n\t\t\t\t\t\t\t\t\t\t\t\t\t\t\t<span class=\"elementor-share-btn__icon\">\n\t\t\t\t\t\t\t\t<svg class=\"e-font-icon-svg e-fab-facebook\" viewBox=\"0 0 512 512\" xmlns=\"http:\/\/www.w3.org\/2000\/svg\"><path d=\"M504 256C504 119 393 8 256 8S8 119 8 256c0 123.78 90.69 226.38 209.25 245V327.69h-63V256h63v-54.64c0-62.15 37-96.48 93.67-96.48 27.14 0 55.52 4.84 55.52 4.84v61h-31.28c-30.8 0-40.41 19.12-40.41 38.73V256h68.78l-11 71.69h-57.78V501C413.31 482.38 504 379.78 504 256z\"><\/path><\/svg>\t\t\t\t\t\t\t<\/span>\n\t\t\t\t\t\t\t\t\t\t\t\t\t\t\t\t\t\t\t\t\t\t<div class=\"elementor-share-btn__text\">\n\t\t\t\t\t\t\t\t\t\t\t\t\t\t\t\t\t\t\t<span class=\"elementor-share-btn__title\">\n\t\t\t\t\t\t\t\t\t\tFacebook\t\t\t\t\t\t\t\t\t<\/span>\n\t\t\t\t\t\t\t\t\t\t\t\t\t\t\t\t\t<\/div>\n\t\t\t\t\t\t\t\t\t\t\t\t\t<\/div>\n\t\t\t\t\t<\/div>\n\t\t\t\t\t\t\t\t\t<div class=\"elementor-grid-item\">\n\t\t\t\t\t\t<div\n\t\t\t\t\t\t\tclass=\"elementor-share-btn elementor-share-btn_twitter\"\n\t\t\t\t\t\t\trole=\"button\"\n\t\t\t\t\t\t\ttabindex=\"0\"\n\t\t\t\t\t\t\taria-label=\"Partager sur twitter\"\n\t\t\t\t\t\t>\n\t\t\t\t\t\t\t\t\t\t\t\t\t\t\t<span class=\"elementor-share-btn__icon\">\n\t\t\t\t\t\t\t\t<svg class=\"e-font-icon-svg e-fab-twitter\" viewBox=\"0 0 512 512\" xmlns=\"http:\/\/www.w3.org\/2000\/svg\"><path d=\"M459.37 151.716c.325 4.548.325 9.097.325 13.645 0 138.72-105.583 298.558-298.558 298.558-59.452 0-114.68-17.219-161.137-47.106 8.447.974 16.568 1.299 25.34 1.299 49.055 0 94.213-16.568 130.274-44.832-46.132-.975-84.792-31.188-98.112-72.772 6.498.974 12.995 1.624 19.818 1.624 9.421 0 18.843-1.3 27.614-3.573-48.081-9.747-84.143-51.98-84.143-102.985v-1.299c13.969 7.797 30.214 12.67 47.431 13.319-28.264-18.843-46.781-51.005-46.781-87.391 0-19.492 5.197-37.36 14.294-52.954 51.655 63.675 129.3 105.258 216.365 109.807-1.624-7.797-2.599-15.918-2.599-24.04 0-57.828 46.782-104.934 104.934-104.934 30.213 0 57.502 12.67 76.67 33.137 23.715-4.548 46.456-13.32 66.599-25.34-7.798 24.366-24.366 44.833-46.132 57.827 21.117-2.273 41.584-8.122 60.426-16.243-14.292 20.791-32.161 39.308-52.628 54.253z\"><\/path><\/svg>\t\t\t\t\t\t\t<\/span>\n\t\t\t\t\t\t\t\t\t\t\t\t\t\t\t\t\t\t\t\t\t\t<div class=\"elementor-share-btn__text\">\n\t\t\t\t\t\t\t\t\t\t\t\t\t\t\t\t\t\t\t<span class=\"elementor-share-btn__title\">\n\t\t\t\t\t\t\t\t\t\tTwitter\t\t\t\t\t\t\t\t\t<\/span>\n\t\t\t\t\t\t\t\t\t\t\t\t\t\t\t\t\t<\/div>\n\t\t\t\t\t\t\t\t\t\t\t\t\t<\/div>\n\t\t\t\t\t<\/div>\n\t\t\t\t\t\t\t\t\t<div class=\"elementor-grid-item\">\n\t\t\t\t\t\t<div\n\t\t\t\t\t\t\tclass=\"elementor-share-btn elementor-share-btn_linkedin\"\n\t\t\t\t\t\t\trole=\"button\"\n\t\t\t\t\t\t\ttabindex=\"0\"\n\t\t\t\t\t\t\taria-label=\"Partager sur linkedin\"\n\t\t\t\t\t\t>\n\t\t\t\t\t\t\t\t\t\t\t\t\t\t\t<span class=\"elementor-share-btn__icon\">\n\t\t\t\t\t\t\t\t<svg class=\"e-font-icon-svg e-fab-linkedin\" viewBox=\"0 0 448 512\" xmlns=\"http:\/\/www.w3.org\/2000\/svg\"><path d=\"M416 32H31.9C14.3 32 0 46.5 0 64.3v383.4C0 465.5 14.3 480 31.9 480H416c17.6 0 32-14.5 32-32.3V64.3c0-17.8-14.4-32.3-32-32.3zM135.4 416H69V202.2h66.5V416zm-33.2-243c-21.3 0-38.5-17.3-38.5-38.5S80.9 96 102.2 96c21.2 0 38.5 17.3 38.5 38.5 0 21.3-17.2 38.5-38.5 38.5zm282.1 243h-66.4V312c0-24.8-.5-56.7-34.5-56.7-34.6 0-39.9 27-39.9 54.9V416h-66.4V202.2h63.7v29.2h.9c8.9-16.8 30.6-34.5 62.9-34.5 67.2 0 79.7 44.3 79.7 101.9V416z\"><\/path><\/svg>\t\t\t\t\t\t\t<\/span>\n\t\t\t\t\t\t\t\t\t\t\t\t\t\t\t\t\t\t\t\t\t\t<div class=\"elementor-share-btn__text\">\n\t\t\t\t\t\t\t\t\t\t\t\t\t\t\t\t\t\t\t<span class=\"elementor-share-btn__title\">\n\t\t\t\t\t\t\t\t\t\tLinkedIn\t\t\t\t\t\t\t\t\t<\/span>\n\t\t\t\t\t\t\t\t\t\t\t\t\t\t\t\t\t<\/div>\n\t\t\t\t\t\t\t\t\t\t\t\t\t<\/div>\n\t\t\t\t\t<\/div>\n\t\t\t\t\t\t<\/div>\n\t\t\t\t\t\t<\/div>\n\t\t\t\t<\/div>\n\t\t\t\t<div class=\"elementor-element elementor-element-cdc963a elementor-shape-rounded elementor-grid-0 e-grid-align-center elementor-widget elementor-widget-global elementor-global-1106 elementor-widget-social-icons\" data-id=\"cdc963a\" data-element_type=\"widget\" data-widget_type=\"social-icons.default\">\n\t\t\t\t<div class=\"elementor-widget-container\">\n\t\t\t\t\t\t\t<div class=\"elementor-social-icons-wrapper elementor-grid\">\n\t\t\t\t\t\t\t<span class=\"elementor-grid-item\">\n\t\t\t\t\t<a class=\"elementor-icon elementor-social-icon elementor-social-icon-facebook elementor-repeater-item-dedff90\" href=\"https:\/\/www.facebook.com\/sebhypnoseetpierre?locale=fr_FR\" target=\"_blank\">\n\t\t\t\t\t\t<span class=\"elementor-screen-only\">Facebook<\/span>\n\t\t\t\t\t\t<svg class=\"e-font-icon-svg e-fab-facebook\" viewBox=\"0 0 512 512\" xmlns=\"http:\/\/www.w3.org\/2000\/svg\"><path d=\"M504 256C504 119 393 8 256 8S8 119 8 256c0 123.78 90.69 226.38 209.25 245V327.69h-63V256h63v-54.64c0-62.15 37-96.48 93.67-96.48 27.14 0 55.52 4.84 55.52 4.84v61h-31.28c-30.8 0-40.41 19.12-40.41 38.73V256h68.78l-11 71.69h-57.78V501C413.31 482.38 504 379.78 504 256z\"><\/path><\/svg>\t\t\t\t\t<\/a>\n\t\t\t\t<\/span>\n\t\t\t\t\t\t\t<span class=\"elementor-grid-item\">\n\t\t\t\t\t<a class=\"elementor-icon elementor-social-icon elementor-social-icon-youtube elementor-repeater-item-93f1281\" href=\"https:\/\/www.youtube.com\/@Mebah31\" target=\"_blank\">\n\t\t\t\t\t\t<span class=\"elementor-screen-only\">Youtube<\/span>\n\t\t\t\t\t\t<svg class=\"e-font-icon-svg e-fab-youtube\" viewBox=\"0 0 576 512\" xmlns=\"http:\/\/www.w3.org\/2000\/svg\"><path d=\"M549.655 124.083c-6.281-23.65-24.787-42.276-48.284-48.597C458.781 64 288 64 288 64S117.22 64 74.629 75.486c-23.497 6.322-42.003 24.947-48.284 48.597-11.412 42.867-11.412 132.305-11.412 132.305s0 89.438 11.412 132.305c6.281 23.65 24.787 41.5 48.284 47.821C117.22 448 288 448 288 448s170.78 0 213.371-11.486c23.497-6.321 42.003-24.171 48.284-47.821 11.412-42.867 11.412-132.305 11.412-132.305s0-89.438-11.412-132.305zm-317.51 213.508V175.185l142.739 81.205-142.739 81.201z\"><\/path><\/svg>\t\t\t\t\t<\/a>\n\t\t\t\t<\/span>\n\t\t\t\t\t\t\t<span class=\"elementor-grid-item\">\n\t\t\t\t\t<a class=\"elementor-icon elementor-social-icon elementor-social-icon-instagram elementor-repeater-item-21e065d\" href=\"https:\/\/www.instagram.com\/hypnoseetpierres\/\" target=\"_blank\">\n\t\t\t\t\t\t<span class=\"elementor-screen-only\">Instagram<\/span>\n\t\t\t\t\t\t<svg class=\"e-font-icon-svg e-fab-instagram\" viewBox=\"0 0 448 512\" xmlns=\"http:\/\/www.w3.org\/2000\/svg\"><path d=\"M224.1 141c-63.6 0-114.9 51.3-114.9 114.9s51.3 114.9 114.9 114.9S339 319.5 339 255.9 287.7 141 224.1 141zm0 189.6c-41.1 0-74.7-33.5-74.7-74.7s33.5-74.7 74.7-74.7 74.7 33.5 74.7 74.7-33.6 74.7-74.7 74.7zm146.4-194.3c0 14.9-12 26.8-26.8 26.8-14.9 0-26.8-12-26.8-26.8s12-26.8 26.8-26.8 26.8 12 26.8 26.8zm76.1 27.2c-1.7-35.9-9.9-67.7-36.2-93.9-26.2-26.2-58-34.4-93.9-36.2-37-2.1-147.9-2.1-184.9 0-35.8 1.7-67.6 9.9-93.9 36.1s-34.4 58-36.2 93.9c-2.1 37-2.1 147.9 0 184.9 1.7 35.9 9.9 67.7 36.2 93.9s58 34.4 93.9 36.2c37 2.1 147.9 2.1 184.9 0 35.9-1.7 67.7-9.9 93.9-36.2 26.2-26.2 34.4-58 36.2-93.9 2.1-37 2.1-147.8 0-184.8zM398.8 388c-7.8 19.6-22.9 34.7-42.6 42.6-29.5 11.7-99.5 9-132.1 9s-102.7 2.6-132.1-9c-19.6-7.8-34.7-22.9-42.6-42.6-11.7-29.5-9-99.5-9-132.1s-2.6-102.7 9-132.1c7.8-19.6 22.9-34.7 42.6-42.6 29.5-11.7 99.5-9 132.1-9s102.7-2.6 132.1 9c19.6 7.8 34.7 22.9 42.6 42.6 11.7 29.5 9 99.5 9 132.1s2.7 102.7-9 132.1z\"><\/path><\/svg>\t\t\t\t\t<\/a>\n\t\t\t\t<\/span>\n\t\t\t\t\t<\/div>\n\t\t\t\t\t\t<\/div>\n\t\t\t\t<\/div>\n\t\t\t\t\t<\/div>\n\t\t\t\t<\/div>\n\t\t<div class=\"elementor-element elementor-element-f08cb09 e-flex e-con-boxed e-con e-parent\" data-id=\"f08cb09\" data-element_type=\"container\">\n\t\t\t\t\t<div class=\"e-con-inner\">\n\t\t<div class=\"elementor-element elementor-element-7c8db1e e-con-full e-flex e-con e-child\" data-id=\"7c8db1e\" data-element_type=\"container\">\n\t\t\t\t<\/div>\n\t\t\t\t\t<\/div>\n\t\t\t\t<\/div>\n\t\t<div class=\"elementor-element elementor-element-df80539 e-flex e-con-boxed e-con e-parent\" data-id=\"df80539\" data-element_type=\"container\">\n\t\t\t\t\t<div class=\"e-con-inner\">\n\t\t\t\t\t<\/div>\n\t\t\t\t<\/div>\n\t\t\t\t<\/div>\n\t\t","protected":false},"excerpt":{"rendered":"<p>Col\u00e8re, que me veux-tu ? S\u2019il y a bien une \u00e9motion mal aim\u00e9e, c\u2019est la col\u00e8re. Cela m\u2019a frapp\u00e9 dans ma pratique en cabinet : beaucoup de personnes expriment plus facilement la tristesse ou la peur que la col\u00e8re. Comme si elle \u00e9tait interdite, dangereuse, inacceptable. Mais pourquoi ? \u00a0 Pourquoi la col\u00e8re d\u00e9range-t-elle autant [&hellip;]<\/p>\n","protected":false},"author":1,"featured_media":2140,"comment_status":"open","ping_status":"open","sticky":false,"template":"","format":"standard","meta":{"footnotes":""},"categories":[14,12],"tags":[20],"class_list":["post-2138","post","type-post","status-publish","format-standard","has-post-thumbnail","hentry","category-methode-experience","category-psyche-emotion","tag-approfondissement"],"yoast_head":"<!-- This site is optimized with the Yoast SEO plugin v24.3 - https:\/\/yoast.com\/wordpress\/plugins\/seo\/ -->\n<title>Col\u00e8re qui es tu, que veux tu? &#8226; Racines Min\u00e9rales<\/title>\n<meta name=\"robots\" content=\"index, follow, max-snippet:-1, max-image-preview:large, max-video-preview:-1\" \/>\n<link rel=\"canonical\" href=\"https:\/\/www.hypnoseetpierres-sebastienlanotte.com\/index.php\/2025\/02\/23\/colere-qui-es-tu-que-veux-tu\/\" \/>\n<meta property=\"og:locale\" content=\"fr_FR\" \/>\n<meta property=\"og:type\" content=\"article\" \/>\n<meta property=\"og:title\" content=\"Col\u00e8re qui es tu, que veux tu? &#8226; Racines Min\u00e9rales\" \/>\n<meta property=\"og:description\" content=\"Col\u00e8re, que me veux-tu ? S\u2019il y a bien une \u00e9motion mal aim\u00e9e, c\u2019est la col\u00e8re. Cela m\u2019a frapp\u00e9 dans ma pratique en cabinet : beaucoup de personnes expriment plus facilement la tristesse ou la peur que la col\u00e8re. Comme si elle \u00e9tait interdite, dangereuse, inacceptable. Mais pourquoi ? \u00a0 Pourquoi la col\u00e8re d\u00e9range-t-elle autant [&hellip;]\" \/>\n<meta property=\"og:url\" content=\"https:\/\/www.hypnoseetpierres-sebastienlanotte.com\/index.php\/2025\/02\/23\/colere-qui-es-tu-que-veux-tu\/\" \/>\n<meta property=\"og:site_name\" content=\"Racines Min\u00e9rales\" \/>\n<meta property=\"article:publisher\" content=\"https:\/\/www.facebook.com\/sebhypnoseetpierre\/\" \/>\n<meta property=\"article:published_time\" content=\"2025-02-23T19:57:20+00:00\" \/>\n<meta property=\"article:modified_time\" content=\"2025-02-24T10:45:36+00:00\" \/>\n<meta property=\"og:image\" content=\"https:\/\/www.hypnoseetpierres-sebastienlanotte.com\/wp-content\/uploads\/2025\/02\/Cest-irrationnel-pourquoi-detruit-il-tout-comme-cela-3.png\" \/>\n\t<meta property=\"og:image:width\" content=\"1640\" \/>\n\t<meta property=\"og:image:height\" content=\"856\" \/>\n\t<meta property=\"og:image:type\" content=\"image\/png\" \/>\n<meta name=\"author\" content=\"admin7779\" \/>\n<meta name=\"twitter:card\" content=\"summary_large_image\" \/>\n<meta name=\"twitter:label1\" content=\"\u00c9crit par\" \/>\n\t<meta name=\"twitter:data1\" content=\"admin7779\" \/>\n\t<meta name=\"twitter:label2\" content=\"Dur\u00e9e de lecture estim\u00e9e\" \/>\n\t<meta name=\"twitter:data2\" content=\"35 minutes\" \/>\n<script type=\"application\/ld+json\" class=\"yoast-schema-graph\">{\"@context\":\"https:\/\/schema.org\",\"@graph\":[{\"@type\":\"Article\",\"@id\":\"https:\/\/www.hypnoseetpierres-sebastienlanotte.com\/index.php\/2025\/02\/23\/colere-qui-es-tu-que-veux-tu\/#article\",\"isPartOf\":{\"@id\":\"https:\/\/www.hypnoseetpierres-sebastienlanotte.com\/index.php\/2025\/02\/23\/colere-qui-es-tu-que-veux-tu\/\"},\"author\":{\"name\":\"admin7779\",\"@id\":\"https:\/\/www.hypnoseetpierres-sebastienlanotte.com\/#\/schema\/person\/de65a744df6ea82df4b3bf6f80742f22\"},\"headline\":\"Col\u00e8re qui es tu, que veux tu?\",\"datePublished\":\"2025-02-23T19:57:20+00:00\",\"dateModified\":\"2025-02-24T10:45:36+00:00\",\"mainEntityOfPage\":{\"@id\":\"https:\/\/www.hypnoseetpierres-sebastienlanotte.com\/index.php\/2025\/02\/23\/colere-qui-es-tu-que-veux-tu\/\"},\"wordCount\":4517,\"commentCount\":0,\"publisher\":{\"@id\":\"https:\/\/www.hypnoseetpierres-sebastienlanotte.com\/#organization\"},\"image\":{\"@id\":\"https:\/\/www.hypnoseetpierres-sebastienlanotte.com\/index.php\/2025\/02\/23\/colere-qui-es-tu-que-veux-tu\/#primaryimage\"},\"thumbnailUrl\":\"https:\/\/www.hypnoseetpierres-sebastienlanotte.com\/wp-content\/uploads\/2025\/02\/Cest-irrationnel-pourquoi-detruit-il-tout-comme-cela-3.png\",\"keywords\":[\"Approfondissement\"],\"articleSection\":[\"M\u00e9thodes et exp\u00e9riences\",\"Psych\u00e9 et \u00e9motions\"],\"inLanguage\":\"fr-FR\",\"potentialAction\":[{\"@type\":\"CommentAction\",\"name\":\"Comment\",\"target\":[\"https:\/\/www.hypnoseetpierres-sebastienlanotte.com\/index.php\/2025\/02\/23\/colere-qui-es-tu-que-veux-tu\/#respond\"]}]},{\"@type\":\"WebPage\",\"@id\":\"https:\/\/www.hypnoseetpierres-sebastienlanotte.com\/index.php\/2025\/02\/23\/colere-qui-es-tu-que-veux-tu\/\",\"url\":\"https:\/\/www.hypnoseetpierres-sebastienlanotte.com\/index.php\/2025\/02\/23\/colere-qui-es-tu-que-veux-tu\/\",\"name\":\"Col\u00e8re qui es tu, que veux tu? &#8226; Racines Min\u00e9rales\",\"isPartOf\":{\"@id\":\"https:\/\/www.hypnoseetpierres-sebastienlanotte.com\/#website\"},\"primaryImageOfPage\":{\"@id\":\"https:\/\/www.hypnoseetpierres-sebastienlanotte.com\/index.php\/2025\/02\/23\/colere-qui-es-tu-que-veux-tu\/#primaryimage\"},\"image\":{\"@id\":\"https:\/\/www.hypnoseetpierres-sebastienlanotte.com\/index.php\/2025\/02\/23\/colere-qui-es-tu-que-veux-tu\/#primaryimage\"},\"thumbnailUrl\":\"https:\/\/www.hypnoseetpierres-sebastienlanotte.com\/wp-content\/uploads\/2025\/02\/Cest-irrationnel-pourquoi-detruit-il-tout-comme-cela-3.png\",\"datePublished\":\"2025-02-23T19:57:20+00:00\",\"dateModified\":\"2025-02-24T10:45:36+00:00\",\"breadcrumb\":{\"@id\":\"https:\/\/www.hypnoseetpierres-sebastienlanotte.com\/index.php\/2025\/02\/23\/colere-qui-es-tu-que-veux-tu\/#breadcrumb\"},\"inLanguage\":\"fr-FR\",\"potentialAction\":[{\"@type\":\"ReadAction\",\"target\":[\"https:\/\/www.hypnoseetpierres-sebastienlanotte.com\/index.php\/2025\/02\/23\/colere-qui-es-tu-que-veux-tu\/\"]}]},{\"@type\":\"ImageObject\",\"inLanguage\":\"fr-FR\",\"@id\":\"https:\/\/www.hypnoseetpierres-sebastienlanotte.com\/index.php\/2025\/02\/23\/colere-qui-es-tu-que-veux-tu\/#primaryimage\",\"url\":\"https:\/\/www.hypnoseetpierres-sebastienlanotte.com\/wp-content\/uploads\/2025\/02\/Cest-irrationnel-pourquoi-detruit-il-tout-comme-cela-3.png\",\"contentUrl\":\"https:\/\/www.hypnoseetpierres-sebastienlanotte.com\/wp-content\/uploads\/2025\/02\/Cest-irrationnel-pourquoi-detruit-il-tout-comme-cela-3.png\",\"width\":1640,\"height\":856,\"caption\":\"l'ours en col\u00e8re d\u00e9truit les arbres morts,c ubs et am\u00e9thyste s'interroge sur la nature de la colere\"},{\"@type\":\"BreadcrumbList\",\"@id\":\"https:\/\/www.hypnoseetpierres-sebastienlanotte.com\/index.php\/2025\/02\/23\/colere-qui-es-tu-que-veux-tu\/#breadcrumb\",\"itemListElement\":[{\"@type\":\"ListItem\",\"position\":1,\"name\":\"Accueil\",\"item\":\"https:\/\/www.hypnoseetpierres-sebastienlanotte.com\/\"},{\"@type\":\"ListItem\",\"position\":2,\"name\":\"Col\u00e8re qui es tu, que veux tu?\"}]},{\"@type\":\"WebSite\",\"@id\":\"https:\/\/www.hypnoseetpierres-sebastienlanotte.com\/#website\",\"url\":\"https:\/\/www.hypnoseetpierres-sebastienlanotte.com\/\",\"name\":\"Racines Min\u00e9rales - Hypnose et Pierres - S\u00e9bastien Lanotte\",\"description\":\"Prendre le temps de l&#039;\u00e9merveillement\",\"publisher\":{\"@id\":\"https:\/\/www.hypnoseetpierres-sebastienlanotte.com\/#organization\"},\"potentialAction\":[{\"@type\":\"SearchAction\",\"target\":{\"@type\":\"EntryPoint\",\"urlTemplate\":\"https:\/\/www.hypnoseetpierres-sebastienlanotte.com\/?s={search_term_string}\"},\"query-input\":{\"@type\":\"PropertyValueSpecification\",\"valueRequired\":true,\"valueName\":\"search_term_string\"}}],\"inLanguage\":\"fr-FR\"},{\"@type\":\"Organization\",\"@id\":\"https:\/\/www.hypnoseetpierres-sebastienlanotte.com\/#organization\",\"name\":\"Racines Min\u00e9rales S\u00e9bastien Lanotte EI\",\"url\":\"https:\/\/www.hypnoseetpierres-sebastienlanotte.com\/\",\"logo\":{\"@type\":\"ImageObject\",\"inLanguage\":\"fr-FR\",\"@id\":\"https:\/\/www.hypnoseetpierres-sebastienlanotte.com\/#\/schema\/logo\/image\/\",\"url\":\"https:\/\/www.hypnoseetpierres-sebastienlanotte.com\/wp-content\/uploads\/2025\/01\/Copie-de-Racines-minerales-1000-x-1000-px.png\",\"contentUrl\":\"https:\/\/www.hypnoseetpierres-sebastienlanotte.com\/wp-content\/uploads\/2025\/01\/Copie-de-Racines-minerales-1000-x-1000-px.png\",\"width\":1000,\"height\":1000,\"caption\":\"Racines Min\u00e9rales S\u00e9bastien Lanotte EI\"},\"image\":{\"@id\":\"https:\/\/www.hypnoseetpierres-sebastienlanotte.com\/#\/schema\/logo\/image\/\"},\"sameAs\":[\"https:\/\/www.facebook.com\/sebhypnoseetpierre\/\"]},{\"@type\":\"Person\",\"@id\":\"https:\/\/www.hypnoseetpierres-sebastienlanotte.com\/#\/schema\/person\/de65a744df6ea82df4b3bf6f80742f22\",\"name\":\"admin7779\",\"image\":{\"@type\":\"ImageObject\",\"inLanguage\":\"fr-FR\",\"@id\":\"https:\/\/www.hypnoseetpierres-sebastienlanotte.com\/#\/schema\/person\/image\/\",\"url\":\"https:\/\/secure.gravatar.com\/avatar\/e7111615dcae53a1ad2e60a6d7120729565fbf77145d05007fcdf933db46f5e7?s=96&d=mm&r=g\",\"contentUrl\":\"https:\/\/secure.gravatar.com\/avatar\/e7111615dcae53a1ad2e60a6d7120729565fbf77145d05007fcdf933db46f5e7?s=96&d=mm&r=g\",\"caption\":\"admin7779\"},\"sameAs\":[\"http:\/\/hypnosc.cluster031.hosting.ovh.net\"],\"url\":\"https:\/\/www.hypnoseetpierres-sebastienlanotte.com\/index.php\/author\/admin7779\/\"}]}<\/script>\n<!-- \/ Yoast SEO plugin. -->","yoast_head_json":{"title":"Col\u00e8re qui es tu, que veux tu? &#8226; Racines Min\u00e9rales","robots":{"index":"index","follow":"follow","max-snippet":"max-snippet:-1","max-image-preview":"max-image-preview:large","max-video-preview":"max-video-preview:-1"},"canonical":"https:\/\/www.hypnoseetpierres-sebastienlanotte.com\/index.php\/2025\/02\/23\/colere-qui-es-tu-que-veux-tu\/","og_locale":"fr_FR","og_type":"article","og_title":"Col\u00e8re qui es tu, que veux tu? &#8226; Racines Min\u00e9rales","og_description":"Col\u00e8re, que me veux-tu ? S\u2019il y a bien une \u00e9motion mal aim\u00e9e, c\u2019est la col\u00e8re. Cela m\u2019a frapp\u00e9 dans ma pratique en cabinet : beaucoup de personnes expriment plus facilement la tristesse ou la peur que la col\u00e8re. Comme si elle \u00e9tait interdite, dangereuse, inacceptable. Mais pourquoi ? \u00a0 Pourquoi la col\u00e8re d\u00e9range-t-elle autant [&hellip;]","og_url":"https:\/\/www.hypnoseetpierres-sebastienlanotte.com\/index.php\/2025\/02\/23\/colere-qui-es-tu-que-veux-tu\/","og_site_name":"Racines Min\u00e9rales","article_publisher":"https:\/\/www.facebook.com\/sebhypnoseetpierre\/","article_published_time":"2025-02-23T19:57:20+00:00","article_modified_time":"2025-02-24T10:45:36+00:00","og_image":[{"width":1640,"height":856,"url":"https:\/\/www.hypnoseetpierres-sebastienlanotte.com\/wp-content\/uploads\/2025\/02\/Cest-irrationnel-pourquoi-detruit-il-tout-comme-cela-3.png","type":"image\/png"}],"author":"admin7779","twitter_card":"summary_large_image","twitter_misc":{"\u00c9crit par":"admin7779","Dur\u00e9e de lecture estim\u00e9e":"35 minutes"},"schema":{"@context":"https:\/\/schema.org","@graph":[{"@type":"Article","@id":"https:\/\/www.hypnoseetpierres-sebastienlanotte.com\/index.php\/2025\/02\/23\/colere-qui-es-tu-que-veux-tu\/#article","isPartOf":{"@id":"https:\/\/www.hypnoseetpierres-sebastienlanotte.com\/index.php\/2025\/02\/23\/colere-qui-es-tu-que-veux-tu\/"},"author":{"name":"admin7779","@id":"https:\/\/www.hypnoseetpierres-sebastienlanotte.com\/#\/schema\/person\/de65a744df6ea82df4b3bf6f80742f22"},"headline":"Col\u00e8re qui es tu, que veux tu?","datePublished":"2025-02-23T19:57:20+00:00","dateModified":"2025-02-24T10:45:36+00:00","mainEntityOfPage":{"@id":"https:\/\/www.hypnoseetpierres-sebastienlanotte.com\/index.php\/2025\/02\/23\/colere-qui-es-tu-que-veux-tu\/"},"wordCount":4517,"commentCount":0,"publisher":{"@id":"https:\/\/www.hypnoseetpierres-sebastienlanotte.com\/#organization"},"image":{"@id":"https:\/\/www.hypnoseetpierres-sebastienlanotte.com\/index.php\/2025\/02\/23\/colere-qui-es-tu-que-veux-tu\/#primaryimage"},"thumbnailUrl":"https:\/\/www.hypnoseetpierres-sebastienlanotte.com\/wp-content\/uploads\/2025\/02\/Cest-irrationnel-pourquoi-detruit-il-tout-comme-cela-3.png","keywords":["Approfondissement"],"articleSection":["M\u00e9thodes et exp\u00e9riences","Psych\u00e9 et \u00e9motions"],"inLanguage":"fr-FR","potentialAction":[{"@type":"CommentAction","name":"Comment","target":["https:\/\/www.hypnoseetpierres-sebastienlanotte.com\/index.php\/2025\/02\/23\/colere-qui-es-tu-que-veux-tu\/#respond"]}]},{"@type":"WebPage","@id":"https:\/\/www.hypnoseetpierres-sebastienlanotte.com\/index.php\/2025\/02\/23\/colere-qui-es-tu-que-veux-tu\/","url":"https:\/\/www.hypnoseetpierres-sebastienlanotte.com\/index.php\/2025\/02\/23\/colere-qui-es-tu-que-veux-tu\/","name":"Col\u00e8re qui es tu, que veux tu? &#8226; Racines Min\u00e9rales","isPartOf":{"@id":"https:\/\/www.hypnoseetpierres-sebastienlanotte.com\/#website"},"primaryImageOfPage":{"@id":"https:\/\/www.hypnoseetpierres-sebastienlanotte.com\/index.php\/2025\/02\/23\/colere-qui-es-tu-que-veux-tu\/#primaryimage"},"image":{"@id":"https:\/\/www.hypnoseetpierres-sebastienlanotte.com\/index.php\/2025\/02\/23\/colere-qui-es-tu-que-veux-tu\/#primaryimage"},"thumbnailUrl":"https:\/\/www.hypnoseetpierres-sebastienlanotte.com\/wp-content\/uploads\/2025\/02\/Cest-irrationnel-pourquoi-detruit-il-tout-comme-cela-3.png","datePublished":"2025-02-23T19:57:20+00:00","dateModified":"2025-02-24T10:45:36+00:00","breadcrumb":{"@id":"https:\/\/www.hypnoseetpierres-sebastienlanotte.com\/index.php\/2025\/02\/23\/colere-qui-es-tu-que-veux-tu\/#breadcrumb"},"inLanguage":"fr-FR","potentialAction":[{"@type":"ReadAction","target":["https:\/\/www.hypnoseetpierres-sebastienlanotte.com\/index.php\/2025\/02\/23\/colere-qui-es-tu-que-veux-tu\/"]}]},{"@type":"ImageObject","inLanguage":"fr-FR","@id":"https:\/\/www.hypnoseetpierres-sebastienlanotte.com\/index.php\/2025\/02\/23\/colere-qui-es-tu-que-veux-tu\/#primaryimage","url":"https:\/\/www.hypnoseetpierres-sebastienlanotte.com\/wp-content\/uploads\/2025\/02\/Cest-irrationnel-pourquoi-detruit-il-tout-comme-cela-3.png","contentUrl":"https:\/\/www.hypnoseetpierres-sebastienlanotte.com\/wp-content\/uploads\/2025\/02\/Cest-irrationnel-pourquoi-detruit-il-tout-comme-cela-3.png","width":1640,"height":856,"caption":"l'ours en col\u00e8re d\u00e9truit les arbres morts,c ubs et am\u00e9thyste s'interroge sur la nature de la colere"},{"@type":"BreadcrumbList","@id":"https:\/\/www.hypnoseetpierres-sebastienlanotte.com\/index.php\/2025\/02\/23\/colere-qui-es-tu-que-veux-tu\/#breadcrumb","itemListElement":[{"@type":"ListItem","position":1,"name":"Accueil","item":"https:\/\/www.hypnoseetpierres-sebastienlanotte.com\/"},{"@type":"ListItem","position":2,"name":"Col\u00e8re qui es tu, que veux tu?"}]},{"@type":"WebSite","@id":"https:\/\/www.hypnoseetpierres-sebastienlanotte.com\/#website","url":"https:\/\/www.hypnoseetpierres-sebastienlanotte.com\/","name":"Racines Min\u00e9rales - Hypnose et Pierres - S\u00e9bastien Lanotte","description":"Prendre le temps de l&#039;\u00e9merveillement","publisher":{"@id":"https:\/\/www.hypnoseetpierres-sebastienlanotte.com\/#organization"},"potentialAction":[{"@type":"SearchAction","target":{"@type":"EntryPoint","urlTemplate":"https:\/\/www.hypnoseetpierres-sebastienlanotte.com\/?s={search_term_string}"},"query-input":{"@type":"PropertyValueSpecification","valueRequired":true,"valueName":"search_term_string"}}],"inLanguage":"fr-FR"},{"@type":"Organization","@id":"https:\/\/www.hypnoseetpierres-sebastienlanotte.com\/#organization","name":"Racines Min\u00e9rales S\u00e9bastien Lanotte EI","url":"https:\/\/www.hypnoseetpierres-sebastienlanotte.com\/","logo":{"@type":"ImageObject","inLanguage":"fr-FR","@id":"https:\/\/www.hypnoseetpierres-sebastienlanotte.com\/#\/schema\/logo\/image\/","url":"https:\/\/www.hypnoseetpierres-sebastienlanotte.com\/wp-content\/uploads\/2025\/01\/Copie-de-Racines-minerales-1000-x-1000-px.png","contentUrl":"https:\/\/www.hypnoseetpierres-sebastienlanotte.com\/wp-content\/uploads\/2025\/01\/Copie-de-Racines-minerales-1000-x-1000-px.png","width":1000,"height":1000,"caption":"Racines Min\u00e9rales S\u00e9bastien Lanotte EI"},"image":{"@id":"https:\/\/www.hypnoseetpierres-sebastienlanotte.com\/#\/schema\/logo\/image\/"},"sameAs":["https:\/\/www.facebook.com\/sebhypnoseetpierre\/"]},{"@type":"Person","@id":"https:\/\/www.hypnoseetpierres-sebastienlanotte.com\/#\/schema\/person\/de65a744df6ea82df4b3bf6f80742f22","name":"admin7779","image":{"@type":"ImageObject","inLanguage":"fr-FR","@id":"https:\/\/www.hypnoseetpierres-sebastienlanotte.com\/#\/schema\/person\/image\/","url":"https:\/\/secure.gravatar.com\/avatar\/e7111615dcae53a1ad2e60a6d7120729565fbf77145d05007fcdf933db46f5e7?s=96&d=mm&r=g","contentUrl":"https:\/\/secure.gravatar.com\/avatar\/e7111615dcae53a1ad2e60a6d7120729565fbf77145d05007fcdf933db46f5e7?s=96&d=mm&r=g","caption":"admin7779"},"sameAs":["http:\/\/hypnosc.cluster031.hosting.ovh.net"],"url":"https:\/\/www.hypnoseetpierres-sebastienlanotte.com\/index.php\/author\/admin7779\/"}]}},"_links":{"self":[{"href":"https:\/\/www.hypnoseetpierres-sebastienlanotte.com\/index.php\/wp-json\/wp\/v2\/posts\/2138","targetHints":{"allow":["GET"]}}],"collection":[{"href":"https:\/\/www.hypnoseetpierres-sebastienlanotte.com\/index.php\/wp-json\/wp\/v2\/posts"}],"about":[{"href":"https:\/\/www.hypnoseetpierres-sebastienlanotte.com\/index.php\/wp-json\/wp\/v2\/types\/post"}],"author":[{"embeddable":true,"href":"https:\/\/www.hypnoseetpierres-sebastienlanotte.com\/index.php\/wp-json\/wp\/v2\/users\/1"}],"replies":[{"embeddable":true,"href":"https:\/\/www.hypnoseetpierres-sebastienlanotte.com\/index.php\/wp-json\/wp\/v2\/comments?post=2138"}],"version-history":[{"count":97,"href":"https:\/\/www.hypnoseetpierres-sebastienlanotte.com\/index.php\/wp-json\/wp\/v2\/posts\/2138\/revisions"}],"predecessor-version":[{"id":2276,"href":"https:\/\/www.hypnoseetpierres-sebastienlanotte.com\/index.php\/wp-json\/wp\/v2\/posts\/2138\/revisions\/2276"}],"wp:featuredmedia":[{"embeddable":true,"href":"https:\/\/www.hypnoseetpierres-sebastienlanotte.com\/index.php\/wp-json\/wp\/v2\/media\/2140"}],"wp:attachment":[{"href":"https:\/\/www.hypnoseetpierres-sebastienlanotte.com\/index.php\/wp-json\/wp\/v2\/media?parent=2138"}],"wp:term":[{"taxonomy":"category","embeddable":true,"href":"https:\/\/www.hypnoseetpierres-sebastienlanotte.com\/index.php\/wp-json\/wp\/v2\/categories?post=2138"},{"taxonomy":"post_tag","embeddable":true,"href":"https:\/\/www.hypnoseetpierres-sebastienlanotte.com\/index.php\/wp-json\/wp\/v2\/tags?post=2138"}],"curies":[{"name":"wp","href":"https:\/\/api.w.org\/{rel}","templated":true}]}}