{"id":2449,"date":"2025-03-21T18:55:43","date_gmt":"2025-03-21T17:55:43","guid":{"rendered":"https:\/\/www.hypnoseetpierres-sebastienlanotte.com\/?p=2449"},"modified":"2025-03-21T20:10:56","modified_gmt":"2025-03-21T19:10:56","slug":"trauma-et-therapie-les-approches-corps-esprit-pour-soigner-le-stress-post-traumatique","status":"publish","type":"post","link":"https:\/\/www.hypnoseetpierres-sebastienlanotte.com\/index.php\/2025\/03\/21\/trauma-et-therapie-les-approches-corps-esprit-pour-soigner-le-stress-post-traumatique\/","title":{"rendered":"Trauma et th\u00e9rapie : les approches corps-esprit pour soigner le stress post-traumatique\u00a0\u00bb"},"content":{"rendered":"\t\t<div data-elementor-type=\"wp-post\" data-elementor-id=\"2449\" class=\"elementor elementor-2449\" data-elementor-post-type=\"post\">\n\t\t\t\t<div class=\"elementor-element elementor-element-7abf7e0 e-flex e-con-boxed e-con e-parent\" data-id=\"7abf7e0\" data-element_type=\"container\">\n\t\t\t\t\t<div class=\"e-con-inner\">\n\t\t\t\t<div class=\"elementor-element elementor-element-07a085a elementor-widget elementor-widget-heading\" data-id=\"07a085a\" data-element_type=\"widget\" data-widget_type=\"heading.default\">\n\t\t\t\t<div class=\"elementor-widget-container\">\n\t\t\t\t\t<h2 class=\"elementor-heading-title elementor-size-default\">La neurobiologie du psychotraumatisme\n<\/h2>\t\t\t\t<\/div>\n\t\t\t\t<\/div>\n\t\t\t\t<div class=\"elementor-element elementor-element-7dd55c7 elementor-toc--minimized-on-tablet elementor-widget elementor-widget-table-of-contents\" data-id=\"7dd55c7\" data-element_type=\"widget\" data-settings=\"{&quot;exclude_headings_by_selector&quot;:[],&quot;no_headings_message&quot;:&quot;Aucun titre n\\u2019a \\u00e9t\\u00e9 trouv\\u00e9 sur cette page.&quot;,&quot;headings_by_tags&quot;:[&quot;h2&quot;,&quot;h3&quot;,&quot;h4&quot;,&quot;h5&quot;,&quot;h6&quot;],&quot;marker_view&quot;:&quot;numbers&quot;,&quot;minimize_box&quot;:&quot;yes&quot;,&quot;minimized_on&quot;:&quot;tablet&quot;,&quot;hierarchical_view&quot;:&quot;yes&quot;,&quot;min_height&quot;:{&quot;unit&quot;:&quot;px&quot;,&quot;size&quot;:&quot;&quot;,&quot;sizes&quot;:[]},&quot;min_height_tablet&quot;:{&quot;unit&quot;:&quot;px&quot;,&quot;size&quot;:&quot;&quot;,&quot;sizes&quot;:[]},&quot;min_height_mobile&quot;:{&quot;unit&quot;:&quot;px&quot;,&quot;size&quot;:&quot;&quot;,&quot;sizes&quot;:[]}}\" data-widget_type=\"table-of-contents.default\">\n\t\t\t\t<div class=\"elementor-widget-container\">\n\t\t\t\t\t\t\t<div class=\"elementor-toc__header\">\n\t\t\t<h4 class=\"elementor-toc__header-title\">\n\t\t\t\tTable des mati\u00e8res\t\t\t<\/h4>\n\t\t\t\t\t\t\t<div class=\"elementor-toc__toggle-button elementor-toc__toggle-button--expand\" role=\"button\" tabindex=\"0\" aria-controls=\"elementor-toc__7dd55c7\" aria-expanded=\"true\" aria-label=\"Ouvrir la table des mati\u00e8res\"><svg aria-hidden=\"true\" class=\"e-font-icon-svg e-fas-chevron-down\" viewBox=\"0 0 448 512\" xmlns=\"http:\/\/www.w3.org\/2000\/svg\"><path d=\"M207.029 381.476L12.686 187.132c-9.373-9.373-9.373-24.569 0-33.941l22.667-22.667c9.357-9.357 24.522-9.375 33.901-.04L224 284.505l154.745-154.021c9.379-9.335 24.544-9.317 33.901.04l22.667 22.667c9.373 9.373 9.373 24.569 0 33.941L240.971 381.476c-9.373 9.372-24.569 9.372-33.942 0z\"><\/path><\/svg><\/div>\n\t\t\t\t<div class=\"elementor-toc__toggle-button elementor-toc__toggle-button--collapse\" role=\"button\" tabindex=\"0\" aria-controls=\"elementor-toc__7dd55c7\" aria-expanded=\"true\" aria-label=\"Fermer la table des mati\u00e8res\"><svg aria-hidden=\"true\" class=\"e-font-icon-svg e-fas-chevron-up\" viewBox=\"0 0 448 512\" xmlns=\"http:\/\/www.w3.org\/2000\/svg\"><path d=\"M240.971 130.524l194.343 194.343c9.373 9.373 9.373 24.569 0 33.941l-22.667 22.667c-9.357 9.357-24.522 9.375-33.901.04L224 227.495 69.255 381.516c-9.379 9.335-24.544 9.317-33.901-.04l-22.667-22.667c-9.373-9.373-9.373-24.569 0-33.941L207.03 130.525c9.372-9.373 24.568-9.373 33.941-.001z\"><\/path><\/svg><\/div>\n\t\t\t\t\t<\/div>\n\t\t<div id=\"elementor-toc__7dd55c7\" class=\"elementor-toc__body\">\n\t\t\t<div class=\"elementor-toc__spinner-container\">\n\t\t\t\t<svg class=\"elementor-toc__spinner eicon-animation-spin e-font-icon-svg e-eicon-loading\" aria-hidden=\"true\" viewBox=\"0 0 1000 1000\" xmlns=\"http:\/\/www.w3.org\/2000\/svg\"><path d=\"M500 975V858C696 858 858 696 858 500S696 142 500 142 142 304 142 500H25C25 237 238 25 500 25S975 237 975 500 763 975 500 975Z\"><\/path><\/svg>\t\t\t<\/div>\n\t\t<\/div>\n\t\t\t\t\t\t<\/div>\n\t\t\t\t<\/div>\n\t\t\t\t<div class=\"elementor-element elementor-element-a978055 elementor-widget elementor-widget-text-editor\" data-id=\"a978055\" data-element_type=\"widget\" data-widget_type=\"text-editor.default\">\n\t\t\t\t<div class=\"elementor-widget-container\">\n\t\t\t\t\t\t\t\t\t<p>\u00a0<span style=\"font-weight: 400;\">Nous commen\u00e7ons \u00e0 comprendre de mieux en mieux les causes et les cons\u00e9quences des psychotraumatismes, mais dire que nous avons tout compris serait pr\u00e9somptueux.<\/span><\/p><p><span style=\"font-weight: 400;\">Comme expliqu\u00e9 dans l&rsquo;article pr\u00e9c\u00e9dent, <strong>nous ne sommes pas \u00e9gaux face au traumatisme,<\/strong> et un \u00e9v\u00e9nement traumatog\u00e8ne ne cr\u00e9e pas forc\u00e9ment un trouble de stress post-traumatique.<\/span><\/p><p><span style=\"font-weight: 400;\">Le trauma na\u00eet, d&rsquo;apr\u00e8s ce que l&rsquo;on comprend aujourd&rsquo;hui, du fait que l&rsquo;\u00eatre humain n&rsquo;est pas capable d&rsquo;int\u00e9grer psychologiquement et physiologiquement l&rsquo;\u00e9v\u00e9nement de mani\u00e8re ordinaire, ce qui d\u00e9r\u00e8gle profond\u00e9ment sa physiologie et sa psych\u00e9.\u00a0<\/span><\/p><p><span style=\"font-weight: 400;\">Ce d\u00e9r\u00e8glement affecte notamment le syst\u00e8me nerveux autonome et le nerf vague, responsables de la gestion des r\u00e9actions au stress (sympathique et parasympathique). Il impacte \u00e9galement l&rsquo;amygdale, qui g\u00e8re les r\u00e9ponses \u00e9motionnelles et l&rsquo;alerte face au danger, ainsi que l&rsquo;hippocampe, impliqu\u00e9 dans la m\u00e9moire et la contextualisation des exp\u00e9riences.<\/span><\/p><p><span style=\"font-weight: 400;\"><strong>L&rsquo;objectif th\u00e9rapeutique va donc \u00eatre de permettre \u00e0 ces structures c\u00e9r\u00e9brales et nerveuses de retrouver un fonctionnement \u00e9quilibr\u00e9.<\/strong> Pour cela, il existe diverses approches th\u00e9rapeutiques qui peuvent souvent se combiner pour obtenir de meilleurs r\u00e9sultats.<\/span><\/p>\t\t\t\t\t\t\t\t<\/div>\n\t\t\t\t<\/div>\n\t\t\t\t\t<\/div>\n\t\t\t\t<\/div>\n\t\t<div class=\"elementor-element elementor-element-855178f e-flex e-con-boxed e-con e-parent\" data-id=\"855178f\" data-element_type=\"container\">\n\t\t\t\t\t<div class=\"e-con-inner\">\n\t\t<div class=\"elementor-element elementor-element-f64e5a0 e-con-full e-flex e-con e-child\" data-id=\"f64e5a0\" data-element_type=\"container\">\n\t\t\t\t<div class=\"elementor-element elementor-element-3175e3c elementor-widget elementor-widget-heading\" data-id=\"3175e3c\" data-element_type=\"widget\" data-widget_type=\"heading.default\">\n\t\t\t\t<div class=\"elementor-widget-container\">\n\t\t\t\t\t<h2 class=\"elementor-heading-title elementor-size-default\">Les rythmes et leur r\u00f4le th\u00e9rapeutique<\/h2>\t\t\t\t<\/div>\n\t\t\t\t<\/div>\n\t\t\t\t<div class=\"elementor-element elementor-element-3369bae elementor-widget elementor-widget-heading\" data-id=\"3369bae\" data-element_type=\"widget\" data-widget_type=\"heading.default\">\n\t\t\t\t<div class=\"elementor-widget-container\">\n\t\t\t\t\t<h3 class=\"elementor-heading-title elementor-size-default\">Des rythmes partout autour de nous<\/h3>\t\t\t\t<\/div>\n\t\t\t\t<\/div>\n\t\t\t\t<div class=\"elementor-element elementor-element-f82fec8 elementor-widget elementor-widget-text-editor\" data-id=\"f82fec8\" data-element_type=\"widget\" data-widget_type=\"text-editor.default\">\n\t\t\t\t<div class=\"elementor-widget-container\">\n\t\t\t\t\t\t\t\t\t<p data-start=\"156\" data-end=\"333\">Qu&rsquo;est-ce qu&rsquo;un rythme exactement ? C&rsquo;est un mouvement r\u00e9gulier, une r\u00e9p\u00e9tition, une cadence. Et quand on y pr\u00eate attention, on s&rsquo;aper\u00e7oit que notre monde est rempli de rythmes.<\/p><p data-start=\"335\" data-end=\"645\"><strong>Les rythmes naturels nous entourent :<\/strong> les ann\u00e9es qui passent, les saisons qui se succ\u00e8dent, le jour et la nuit qui alternent. M\u00eame la lumi\u00e8re, qui marque le passage des journ\u00e9es et des saisons, est en r\u00e9alit\u00e9 compos\u00e9e d&rsquo;ondes qui vibrent \u00e0 diff\u00e9rentes fr\u00e9quences \u2013 et une fr\u00e9quence, c&rsquo;est simplement un rythme.<\/p><p data-start=\"647\" data-end=\"711\"><strong>Notre corps lui-m\u00eame fonctionne comme une symphonie de rythmes :<\/strong><\/p><ul data-start=\"712\" data-end=\"946\"><li data-start=\"712\" data-end=\"742\">Les battements de notre c\u0153ur<\/li><li data-start=\"743\" data-end=\"790\">Notre respiration qui se soul\u00e8ve et s&rsquo;abaisse<\/li><li data-start=\"791\" data-end=\"822\">Nos pas lorsque nous marchons<\/li><li data-start=\"823\" data-end=\"905\">La production d&rsquo;hormones qui suit des cycles pr\u00e9cis (appel\u00e9s rythmes circadiens)<\/li><li data-start=\"906\" data-end=\"946\">L&rsquo;activit\u00e9 \u00e9lectrique de notre cerveau<\/li><\/ul><p data-start=\"6077\" data-end=\"6273\">\u00a0<\/p>\t\t\t\t\t\t\t\t<\/div>\n\t\t\t\t<\/div>\n\t\t\t\t<\/div>\n\t\t<div class=\"elementor-element elementor-element-e3aba7c e-con-full e-flex e-con e-child\" data-id=\"e3aba7c\" data-element_type=\"container\">\n\t\t\t\t<div class=\"elementor-element elementor-element-6da3d1c elementor-widget elementor-widget-image\" data-id=\"6da3d1c\" data-element_type=\"widget\" data-widget_type=\"image.default\">\n\t\t\t\t<div class=\"elementor-widget-container\">\n\t\t\t\t\t\t\t\t\t\t\t\t\t\t\t<img fetchpriority=\"high\" decoding=\"async\" width=\"585\" height=\"1024\" src=\"https:\/\/www.hypnoseetpierres-sebastienlanotte.com\/wp-content\/uploads\/2025\/03\/meditation_illustration_vertical-585x1024.jpg\" class=\"attachment-large size-large wp-image-2461\" alt=\"\" srcset=\"https:\/\/www.hypnoseetpierres-sebastienlanotte.com\/wp-content\/uploads\/2025\/03\/meditation_illustration_vertical-585x1024.jpg 585w, https:\/\/www.hypnoseetpierres-sebastienlanotte.com\/wp-content\/uploads\/2025\/03\/meditation_illustration_vertical-171x300.jpg 171w, https:\/\/www.hypnoseetpierres-sebastienlanotte.com\/wp-content\/uploads\/2025\/03\/meditation_illustration_vertical-768x1344.jpg 768w, https:\/\/www.hypnoseetpierres-sebastienlanotte.com\/wp-content\/uploads\/2025\/03\/meditation_illustration_vertical-878x1536.jpg 878w, https:\/\/www.hypnoseetpierres-sebastienlanotte.com\/wp-content\/uploads\/2025\/03\/meditation_illustration_vertical.jpg 1024w\" sizes=\"(max-width: 585px) 100vw, 585px\" \/>\t\t\t\t\t\t\t\t\t\t\t\t\t\t\t<\/div>\n\t\t\t\t<\/div>\n\t\t\t\t<\/div>\n\t\t\t\t\t<\/div>\n\t\t\t\t<\/div>\n\t\t<div class=\"elementor-element elementor-element-ee6e174 e-flex e-con-boxed e-con e-parent\" data-id=\"ee6e174\" data-element_type=\"container\">\n\t\t\t\t\t<div class=\"e-con-inner\">\n\t\t\t\t<div class=\"elementor-element elementor-element-877f5d6 elementor-widget elementor-widget-heading\" data-id=\"877f5d6\" data-element_type=\"widget\" data-widget_type=\"heading.default\">\n\t\t\t\t<div class=\"elementor-widget-container\">\n\t\t\t\t\t<h3 class=\"elementor-heading-title elementor-size-default\">Pourquoi les rythmes sont importants pour notre \u00e9quilibre<\/h3>\t\t\t\t<\/div>\n\t\t\t\t<\/div>\n\t\t\t\t<div class=\"elementor-element elementor-element-551048e elementor-widget elementor-widget-text-editor\" data-id=\"551048e\" data-element_type=\"widget\" data-widget_type=\"text-editor.default\">\n\t\t\t\t<div class=\"elementor-widget-container\">\n\t\t\t\t\t\t\t\t\t<p data-start=\"1016\" data-end=\"1189\">Dans tout le vivant, les rythmes jouent un r\u00f4le crucial de r\u00e9gulateur. Notre bien-\u00eatre physique et mental d\u00e9pend en grande partie de l&rsquo;harmonie entre ces diff\u00e9rents rythmes.<\/p><p data-start=\"1191\" data-end=\"1519\">Lors d&rsquo;un traumatisme psychologique, certains de ces rythmes naturels peuvent \u00eatre perturb\u00e9s. Le syst\u00e8me nerveux autonome, qui contr\u00f4le nos r\u00e9ponses au stress, peut se d\u00e9r\u00e9gler. Des structures c\u00e9r\u00e9brales comme l&rsquo;amygdale (centre de nos \u00e9motions) et l&rsquo;hippocampe (impliqu\u00e9 dans la m\u00e9moire) peuvent fonctionner de fa\u00e7on chaotique.<\/p><p data-start=\"1521\" data-end=\"1582\">C&rsquo;est l\u00e0 qu&rsquo;interviennent <strong>les th\u00e9rapies bas\u00e9es sur le rythme.<\/strong><\/p><p data-start=\"6077\" data-end=\"6273\">\u00a0<\/p>\t\t\t\t\t\t\t\t<\/div>\n\t\t\t\t<\/div>\n\t\t\t\t\t<\/div>\n\t\t\t\t<\/div>\n\t\t<div class=\"elementor-element elementor-element-ad192af e-flex e-con-boxed e-con e-parent\" data-id=\"ad192af\" data-element_type=\"container\">\n\t\t\t\t\t<div class=\"e-con-inner\">\n\t\t<div class=\"elementor-element elementor-element-dd2b9d4 e-con-full e-flex e-con e-child\" data-id=\"dd2b9d4\" data-element_type=\"container\">\n\t\t\t\t<div class=\"elementor-element elementor-element-d2f4ef7 elementor-widget elementor-widget-heading\" data-id=\"d2f4ef7\" data-element_type=\"widget\" data-widget_type=\"heading.default\">\n\t\t\t\t<div class=\"elementor-widget-container\">\n\t\t\t\t\t<h3 class=\"elementor-heading-title elementor-size-default\">Des th\u00e9rapies qui utilisent le pouvoir du rythme<\/h3>\t\t\t\t<\/div>\n\t\t\t\t<\/div>\n\t\t\t\t<div class=\"elementor-element elementor-element-7c62447 elementor-widget elementor-widget-heading\" data-id=\"7c62447\" data-element_type=\"widget\" data-widget_type=\"heading.default\">\n\t\t\t\t<div class=\"elementor-widget-container\">\n\t\t\t\t\t<h4 class=\"elementor-heading-title elementor-size-default\">L'EFT : tapoter pour se lib\u00e9rer<\/h4>\t\t\t\t<\/div>\n\t\t\t\t<\/div>\n\t\t\t\t<div class=\"elementor-element elementor-element-fd14007 elementor-widget elementor-widget-text-editor\" data-id=\"fd14007\" data-element_type=\"widget\" data-widget_type=\"text-editor.default\">\n\t\t\t\t<div class=\"elementor-widget-container\">\n\t\t\t\t\t\t\t\t\t<p data-start=\"1680\" data-end=\"1944\">L&rsquo;EFT (Techniques de Lib\u00e9ration \u00c9motionnelle) consiste \u00e0 tapoter rythmiquement avec les doigts sur certains points du corps, souvent les m\u00eames que ceux utilis\u00e9s en acupuncture. Pendant ces tapotements, on \u00e9voque les \u00e9motions difficiles ou les souvenirs douloureux.<\/p><p data-start=\"1946\" data-end=\"2184\">Cette m\u00e9thode, bien que relativement r\u00e9cente dans la recherche scientifique et pas encore aussi document\u00e9e que l\u2019EMDR, compte de nombreux t\u00e9moignages positifs. <strong>Elle aide \u00e0 diminuer l&rsquo;intensit\u00e9 \u00e9motionnelle li\u00e9e aux souvenirs traumatiques.<\/strong><\/p><p data-start=\"6077\" data-end=\"6273\">\u00a0<\/p>\t\t\t\t\t\t\t\t<\/div>\n\t\t\t\t<\/div>\n\t\t\t\t<\/div>\n\t\t<div class=\"elementor-element elementor-element-ac02a8b e-con-full e-flex e-con e-child\" data-id=\"ac02a8b\" data-element_type=\"container\">\n\t\t\t\t<div class=\"elementor-element elementor-element-9b48799 elementor-widget elementor-widget-image\" data-id=\"9b48799\" data-element_type=\"widget\" data-widget_type=\"image.default\">\n\t\t\t\t<div class=\"elementor-widget-container\">\n\t\t\t\t\t\t\t\t\t\t\t\t\t\t\t<img decoding=\"async\" width=\"800\" height=\"800\" src=\"https:\/\/www.hypnoseetpierres-sebastienlanotte.com\/wp-content\/uploads\/2025\/03\/eft_session_illustration.jpg\" class=\"attachment-large size-large wp-image-2462\" alt=\"\" srcset=\"https:\/\/www.hypnoseetpierres-sebastienlanotte.com\/wp-content\/uploads\/2025\/03\/eft_session_illustration.jpg 1024w, https:\/\/www.hypnoseetpierres-sebastienlanotte.com\/wp-content\/uploads\/2025\/03\/eft_session_illustration-300x300.jpg 300w, https:\/\/www.hypnoseetpierres-sebastienlanotte.com\/wp-content\/uploads\/2025\/03\/eft_session_illustration-150x150.jpg 150w, https:\/\/www.hypnoseetpierres-sebastienlanotte.com\/wp-content\/uploads\/2025\/03\/eft_session_illustration-768x768.jpg 768w\" sizes=\"(max-width: 800px) 100vw, 800px\" \/>\t\t\t\t\t\t\t\t\t\t\t\t\t\t\t<\/div>\n\t\t\t\t<\/div>\n\t\t\t\t<\/div>\n\t\t<div class=\"elementor-element elementor-element-a0e3eee e-con-full e-flex e-con e-child\" data-id=\"a0e3eee\" data-element_type=\"container\">\n\t\t\t\t<div class=\"elementor-element elementor-element-6fca326 elementor-widget elementor-widget-image\" data-id=\"6fca326\" data-element_type=\"widget\" data-widget_type=\"image.default\">\n\t\t\t\t<div class=\"elementor-widget-container\">\n\t\t\t\t\t\t\t\t\t\t\t\t\t\t\t<img decoding=\"async\" width=\"800\" height=\"800\" src=\"https:\/\/www.hypnoseetpierres-sebastienlanotte.com\/wp-content\/uploads\/2025\/03\/therapy_session_illustration.jpg\" class=\"attachment-large size-large wp-image-2466\" alt=\"\" srcset=\"https:\/\/www.hypnoseetpierres-sebastienlanotte.com\/wp-content\/uploads\/2025\/03\/therapy_session_illustration.jpg 1024w, https:\/\/www.hypnoseetpierres-sebastienlanotte.com\/wp-content\/uploads\/2025\/03\/therapy_session_illustration-300x300.jpg 300w, https:\/\/www.hypnoseetpierres-sebastienlanotte.com\/wp-content\/uploads\/2025\/03\/therapy_session_illustration-150x150.jpg 150w, https:\/\/www.hypnoseetpierres-sebastienlanotte.com\/wp-content\/uploads\/2025\/03\/therapy_session_illustration-768x768.jpg 768w\" sizes=\"(max-width: 800px) 100vw, 800px\" \/>\t\t\t\t\t\t\t\t\t\t\t\t\t\t\t<\/div>\n\t\t\t\t<\/div>\n\t\t\t\t<\/div>\n\t\t<div class=\"elementor-element elementor-element-93cc971 e-con-full e-flex e-con e-child\" data-id=\"93cc971\" data-element_type=\"container\">\n\t\t\t\t<div class=\"elementor-element elementor-element-a203e40 elementor-widget elementor-widget-heading\" data-id=\"a203e40\" data-element_type=\"widget\" data-widget_type=\"heading.default\">\n\t\t\t\t<div class=\"elementor-widget-container\">\n\t\t\t\t\t<h4 class=\"elementor-heading-title elementor-size-default\">L'EMDR et le Rythmo : stimuler pour retraiter<\/h4>\t\t\t\t<\/div>\n\t\t\t\t<\/div>\n\t\t\t\t<div class=\"elementor-element elementor-element-9d1f6e3 elementor-widget elementor-widget-text-editor\" data-id=\"9d1f6e3\" data-element_type=\"widget\" data-widget_type=\"text-editor.default\">\n\t\t\t\t<div class=\"elementor-widget-container\">\n\t\t\t\t\t\t\t\t\t<p data-start=\"2237\" data-end=\"2469\">L&rsquo;EMDR (D\u00e9sensibilisation et Retraitement par les Mouvements Oculaires) utilise des mouvements rythmiques des yeux de gauche \u00e0 droite. Pendant que la personne suit ces mouvements, elle se rem\u00e9more l\u00e9g\u00e8rement l&rsquo;\u00e9v\u00e9nement traumatique.<\/p><p data-start=\"2471\" data-end=\"2632\">Le Rythmo, quant \u00e0 lui, fonctionne sur des principes similaires \u00e0 l&rsquo;EMDR mais utilise des sons ou des tapotements rythmiques plut\u00f4t que des mouvements oculaires.<\/p><p data-start=\"2634\" data-end=\"2783\">Ces deux m\u00e9thodes sont bien document\u00e9es scientifiquement, bien que le Rythmo soit plus r\u00e9cent et moins document\u00e9, les approches sont tr\u00e8s similaires.<\/p><p data-start=\"2785\" data-end=\"3153\"><strong>Elles aident le cerveau \u00e0 \u00ab\u00a0retraiter\u00a0\u00bb les souvenirs traumatiques, c&rsquo;est-\u00e0-dire \u00e0 les ranger dans la m\u00e9moire d&rsquo;une fa\u00e7on plus saine,<\/strong> moins charg\u00e9e \u00e9motionnellement. Tous les processus mis en jeu dans ces pratiques ne sont pas encore totalement compris et sont encore \u00e0 l\u2019\u00e9tude, mais leur efficacit\u00e9 est bien montr\u00e9e par de nombreuses \u00e9tudes, en particulier pour l\u2019EMDR.<\/p><p data-start=\"6077\" data-end=\"6273\">\u00a0<\/p>\t\t\t\t\t\t\t\t<\/div>\n\t\t\t\t<\/div>\n\t\t\t\t<\/div>\n\t\t\t\t\t<\/div>\n\t\t\t\t<\/div>\n\t\t<div class=\"elementor-element elementor-element-badefe7 e-flex e-con-boxed e-con e-parent\" data-id=\"badefe7\" data-element_type=\"container\">\n\t\t\t\t\t<div class=\"e-con-inner\">\n\t\t<div class=\"elementor-element elementor-element-7aa771f e-con-full e-flex e-con e-child\" data-id=\"7aa771f\" data-element_type=\"container\">\n\t\t\t\t<div class=\"elementor-element elementor-element-a69f9b5 elementor-widget elementor-widget-heading\" data-id=\"a69f9b5\" data-element_type=\"widget\" data-widget_type=\"heading.default\">\n\t\t\t\t<div class=\"elementor-widget-container\">\n\t\t\t\t\t<h4 class=\"elementor-heading-title elementor-size-default\">La respiration : le rythme que nous pouvons contr\u00f4ler<\/h4>\t\t\t\t<\/div>\n\t\t\t\t<\/div>\n\t\t\t\t<div class=\"elementor-element elementor-element-d908f6c elementor-widget elementor-widget-text-editor\" data-id=\"d908f6c\" data-element_type=\"widget\" data-widget_type=\"text-editor.default\">\n\t\t\t\t<div class=\"elementor-widget-container\">\n\t\t\t\t\t\t\t\t\t<p data-start=\"3214\" data-end=\"3419\">Parmi tous les rythmes de notre corps, la respiration occupe une place sp\u00e9ciale. C&rsquo;est le seul processus vital sur lequel nous avons un contr\u00f4le direct et qui influence de nombreux autres rythmes internes.<\/p><p data-start=\"3421\" data-end=\"3614\"><strong>Habituellement, nous respirons sans y penser. Notre respiration refl\u00e8te alors notre \u00e9tat int\u00e9rieur : rapide et saccad\u00e9e quand nous sommes stress\u00e9s, lente et profonde quand nous sommes d\u00e9tendus.<\/strong><\/p><p data-start=\"3616\" data-end=\"3730\">Mais \u00e0 tout moment, nous pouvons choisir de respirer consciemment. En contr\u00f4lant notre respiration, nous pouvons :<\/p><ul data-start=\"3731\" data-end=\"3865\"><li data-start=\"3731\" data-end=\"3761\"><strong>Calmer notre syst\u00e8me nerveux<\/strong><\/li><li data-start=\"3762\" data-end=\"3801\"><strong>R\u00e9duire notre stress et notre anxi\u00e9t\u00e9<\/strong><\/li><li data-start=\"3802\" data-end=\"3833\"><strong>Am\u00e9liorer notre concentration<\/strong><\/li><li data-start=\"3834\" data-end=\"3865\"><strong>Favoriser un meilleur sommeil<\/strong><\/li><\/ul><p data-start=\"3867\" data-end=\"4096\">\u00a0<\/p><p data-start=\"3867\" data-end=\"4096\"><strong>Les bienfaits de la respiration sont vraiment nombreux.<\/strong> Il existe de nombreuses techniques, faciles \u00e0 trouver sur le net. L\u2019important, c&rsquo;est de trouver la\/les techniques qui nous conviennent le mieux et de respirer en conscience.<\/p><p data-start=\"4098\" data-end=\"4353\">De nombreuses traditions (yoga, m\u00e9ditation, tai-chi) utilisent la respiration comme outil principal. Aujourd&rsquo;hui, la science confirme ce que ces pratiques savaient depuis longtemps : respirer consciemment transforme notre physiologie et notre psychologie.<\/p><p data-start=\"6077\" data-end=\"6273\">\u00a0<\/p>\t\t\t\t\t\t\t\t<\/div>\n\t\t\t\t<\/div>\n\t\t\t\t<\/div>\n\t\t<div class=\"elementor-element elementor-element-78cc011 e-con-full e-flex e-con e-child\" data-id=\"78cc011\" data-element_type=\"container\">\n\t\t\t\t<div class=\"elementor-element elementor-element-5a87bb8 elementor-widget elementor-widget-image\" data-id=\"5a87bb8\" data-element_type=\"widget\" data-widget_type=\"image.default\">\n\t\t\t\t<div class=\"elementor-widget-container\">\n\t\t\t\t\t\t\t\t\t\t\t\t\t\t\t<img loading=\"lazy\" decoding=\"async\" width=\"800\" height=\"800\" src=\"https:\/\/www.hypnoseetpierres-sebastienlanotte.com\/wp-content\/uploads\/2025\/02\/lhomme-qui-respire-1024x1024.jpg\" class=\"attachment-large size-large wp-image-2299\" alt=\"\" srcset=\"https:\/\/www.hypnoseetpierres-sebastienlanotte.com\/wp-content\/uploads\/2025\/02\/lhomme-qui-respire-1024x1024.jpg 1024w, https:\/\/www.hypnoseetpierres-sebastienlanotte.com\/wp-content\/uploads\/2025\/02\/lhomme-qui-respire-300x300.jpg 300w, https:\/\/www.hypnoseetpierres-sebastienlanotte.com\/wp-content\/uploads\/2025\/02\/lhomme-qui-respire-150x150.jpg 150w, https:\/\/www.hypnoseetpierres-sebastienlanotte.com\/wp-content\/uploads\/2025\/02\/lhomme-qui-respire-768x768.jpg 768w, https:\/\/www.hypnoseetpierres-sebastienlanotte.com\/wp-content\/uploads\/2025\/02\/lhomme-qui-respire-1536x1536.jpg 1536w, https:\/\/www.hypnoseetpierres-sebastienlanotte.com\/wp-content\/uploads\/2025\/02\/lhomme-qui-respire.jpg 1792w\" sizes=\"(max-width: 800px) 100vw, 800px\" \/>\t\t\t\t\t\t\t\t\t\t\t\t\t\t\t<\/div>\n\t\t\t\t<\/div>\n\t\t\t\t<\/div>\n\t\t<div class=\"elementor-element elementor-element-fe22f25 e-con-full e-flex e-con e-child\" data-id=\"fe22f25\" data-element_type=\"container\">\n\t\t\t\t<div class=\"elementor-element elementor-element-8b8f256 elementor-widget elementor-widget-image\" data-id=\"8b8f256\" data-element_type=\"widget\" data-widget_type=\"image.default\">\n\t\t\t\t<div class=\"elementor-widget-container\">\n\t\t\t\t\t\t\t\t\t\t\t\t\t\t\t<img loading=\"lazy\" decoding=\"async\" width=\"800\" height=\"800\" src=\"https:\/\/www.hypnoseetpierres-sebastienlanotte.com\/wp-content\/uploads\/2025\/03\/countryside_walk_illustration.jpg\" class=\"attachment-large size-large wp-image-2467\" alt=\"un homme marche la long d&#039;une riviere en pleine nature pour apaiser son anxi\u00e9t\u00e9\" srcset=\"https:\/\/www.hypnoseetpierres-sebastienlanotte.com\/wp-content\/uploads\/2025\/03\/countryside_walk_illustration.jpg 1024w, https:\/\/www.hypnoseetpierres-sebastienlanotte.com\/wp-content\/uploads\/2025\/03\/countryside_walk_illustration-300x300.jpg 300w, https:\/\/www.hypnoseetpierres-sebastienlanotte.com\/wp-content\/uploads\/2025\/03\/countryside_walk_illustration-150x150.jpg 150w, https:\/\/www.hypnoseetpierres-sebastienlanotte.com\/wp-content\/uploads\/2025\/03\/countryside_walk_illustration-768x768.jpg 768w\" sizes=\"(max-width: 800px) 100vw, 800px\" \/>\t\t\t\t\t\t\t\t\t\t\t\t\t\t\t<\/div>\n\t\t\t\t<\/div>\n\t\t\t\t<\/div>\n\t\t<div class=\"elementor-element elementor-element-f5f1327 e-con-full e-flex e-con e-child\" data-id=\"f5f1327\" data-element_type=\"container\">\n\t\t\t\t<div class=\"elementor-element elementor-element-e1b9f1d elementor-widget elementor-widget-heading\" data-id=\"e1b9f1d\" data-element_type=\"widget\" data-widget_type=\"heading.default\">\n\t\t\t\t<div class=\"elementor-widget-container\">\n\t\t\t\t\t<h4 class=\"elementor-heading-title elementor-size-default\">La marche : un rythme naturel qui gu\u00e9rit<\/h4>\t\t\t\t<\/div>\n\t\t\t\t<\/div>\n\t\t\t\t<div class=\"elementor-element elementor-element-7485cc2 elementor-widget elementor-widget-text-editor\" data-id=\"7485cc2\" data-element_type=\"widget\" data-widget_type=\"text-editor.default\">\n\t\t\t\t<div class=\"elementor-widget-container\">\n\t\t\t\t\t\t\t\t\t<p data-start=\"4401\" data-end=\"4577\">Marcher est l&rsquo;une des activit\u00e9s rythmiques les plus simples et les plus accessibles. Chaque pas cr\u00e9e un mouvement r\u00e9gulier qui peut avoir des effets th\u00e9rapeutiques surprenants.<\/p><p data-start=\"4579\" data-end=\"4590\">La marche :<\/p><ul data-start=\"4591\" data-end=\"4726\"><li data-start=\"4591\" data-end=\"4611\"><strong>Active notre corps<\/strong><\/li><li data-start=\"4612\" data-end=\"4642\"><strong>R\u00e9gularise notre respiration<\/strong><\/li><li data-start=\"4643\" data-end=\"4678\"><strong>Nous reconnecte au moment pr\u00e9sent<\/strong><\/li><li data-start=\"4679\" data-end=\"4726\"><strong>Stimule la production d&rsquo;hormones du bien-\u00eatre<\/strong><\/li><\/ul><p data-start=\"4728\" data-end=\"4980\">\u00a0<\/p><p data-start=\"4728\" data-end=\"4980\">Pour en tirer tous les b\u00e9n\u00e9fices, essayez de marcher en \u00e9tant attentif \u00e0 vos sensations corporelles et en respirant consciemment. L\u2019exercice physique et la marche en particulier sont d\u2019excellents compl\u00e9ments \u00e0 une th\u00e9rapie et \u00e0 notre \u00e9quilibre g\u00e9n\u00e9ral.<\/p><p data-start=\"6077\" data-end=\"6273\">\u00a0<\/p>\t\t\t\t\t\t\t\t<\/div>\n\t\t\t\t<\/div>\n\t\t\t\t<\/div>\n\t\t\t\t\t<\/div>\n\t\t\t\t<\/div>\n\t\t<div class=\"elementor-element elementor-element-4290760 e-flex e-con-boxed e-con e-parent\" data-id=\"4290760\" data-element_type=\"container\">\n\t\t\t\t\t<div class=\"e-con-inner\">\n\t\t\t\t<div class=\"elementor-element elementor-element-346ced8 elementor-widget elementor-widget-heading\" data-id=\"346ced8\" data-element_type=\"widget\" data-widget_type=\"heading.default\">\n\t\t\t\t<div class=\"elementor-widget-container\">\n\t\t\t\t\t<h3 class=\"elementor-heading-title elementor-size-default\">Rythmes et m\u00e9moire : remodeler nos souvenirs<\/h3>\t\t\t\t<\/div>\n\t\t\t\t<\/div>\n\t\t\t\t<div class=\"elementor-element elementor-element-fa2e57a elementor-widget elementor-widget-text-editor\" data-id=\"fa2e57a\" data-element_type=\"widget\" data-widget_type=\"text-editor.default\">\n\t\t\t\t<div class=\"elementor-widget-container\">\n\t\t\t\t\t\t\t\t\t<p data-start=\"5032\" data-end=\"5270\">Un aspect fascinant des th\u00e9rapies bas\u00e9es sur le rythme est leur capacit\u00e9 \u00e0 influencer la fa\u00e7on dont notre cerveau stocke les souvenirs. Contrairement \u00e0 ce qu&rsquo;on pourrait croire, notre m\u00e9moire n&rsquo;est pas fig\u00e9e comme un enregistrement vid\u00e9o.<\/p><p data-start=\"5272\" data-end=\"5568\">Chaque fois que nous nous souvenons d&rsquo;un \u00e9v\u00e9nement, notre cerveau le \u00ab\u00a0r\u00e9\u00e9crit\u00a0\u00bb l\u00e9g\u00e8rement. Les th\u00e9rapies rythmiques profitent de cette mall\u00e9abilit\u00e9 pour aider le cerveau \u00e0 r\u00e9organiser les souvenirs traumatiques. Les \u00e9motions intenses li\u00e9es \u00e0 ces souvenirs<strong> peuvent ainsi s&rsquo;apaiser progressivement.<\/strong><\/p><p data-start=\"6077\" data-end=\"6273\">\u00a0<\/p>\t\t\t\t\t\t\t\t<\/div>\n\t\t\t\t<\/div>\n\t\t\t\t<div class=\"elementor-element elementor-element-da7443b elementor-widget elementor-widget-heading\" data-id=\"da7443b\" data-element_type=\"widget\" data-widget_type=\"heading.default\">\n\t\t\t\t<div class=\"elementor-widget-container\">\n\t\t\t\t\t<h3 class=\"elementor-heading-title elementor-size-default\">Conclusion : de rythmes pour retrouver l'\u00e9quilibre apr\u00e8s un trauma<\/h3>\t\t\t\t<\/div>\n\t\t\t\t<\/div>\n\t\t\t\t<div class=\"elementor-element elementor-element-e14760e elementor-widget elementor-widget-text-editor\" data-id=\"e14760e\" data-element_type=\"widget\" data-widget_type=\"text-editor.default\">\n\t\t\t\t<div class=\"elementor-widget-container\">\n\t\t\t\t\t\t\t\t\t<p data-start=\"5590\" data-end=\"5814\">Les rythmes sont v\u00e9ritablement au c\u0153ur de notre existence. Lorsque nous traversons des p\u00e9riodes difficiles, notamment apr\u00e8s un traumatisme, retrouver des rythmes sains et naturels peut nous aider \u00e0 retrouver notre \u00e9quilibre.<\/p><p data-start=\"5816\" data-end=\"6075\">Que ce soit par des th\u00e9rapies sp\u00e9cifiques comme l&rsquo;EMDR ou l&rsquo;EFT, ou simplement par la respiration consciente et la marche r\u00e9guli\u00e8re, les approches rythmiques offrent des outils pr\u00e9cieux pour apaiser notre syst\u00e8me nerveux et retraiter nos souvenirs douloureux.<\/p><p>Et si nous parlons de rythme, nous devons aussi prendre en compte qu&rsquo;il y a des rythmes \u00e0 un chemin de r\u00e9silience, que pour se r\u00e9\u00e9quilibrer notre corps et notre psych\u00e9 \u00e0 parfois besoin de temps. Prendre en compte se rythme est aussi tr\u00e8s important.<\/p><p data-start=\"6077\" data-end=\"6273\"><strong>La prochaine fois que vous vous sentirez stress\u00e9 ou anxieux, essayez de porter attention \u00e0 votre respiration. Ce simple geste pourrait \u00eatre le premier pas vers un rythme int\u00e9rieur plus harmonieux.<\/strong><\/p>\t\t\t\t\t\t\t\t<\/div>\n\t\t\t\t<\/div>\n\t\t\t\t\t<\/div>\n\t\t\t\t<\/div>\n\t\t<div class=\"elementor-element elementor-element-d529433 e-flex e-con-boxed e-con e-parent\" data-id=\"d529433\" data-element_type=\"container\">\n\t\t\t\t\t<div class=\"e-con-inner\">\n\t\t<div class=\"elementor-element elementor-element-4f5c234 e-con-full e-flex e-con e-child\" data-id=\"4f5c234\" data-element_type=\"container\">\n\t\t\t\t<div class=\"elementor-element elementor-element-2bbab87 elementor-widget elementor-widget-heading\" data-id=\"2bbab87\" data-element_type=\"widget\" data-widget_type=\"heading.default\">\n\t\t\t\t<div class=\"elementor-widget-container\">\n\t\t\t\t\t<h2 class=\"elementor-heading-title elementor-size-default\">Revenir au corps<\/h2>\t\t\t\t<\/div>\n\t\t\t\t<\/div>\n\t\t\t\t<div class=\"elementor-element elementor-element-3d93d14 elementor-widget elementor-widget-text-editor\" data-id=\"3d93d14\" data-element_type=\"widget\" data-widget_type=\"text-editor.default\">\n\t\t\t\t<div class=\"elementor-widget-container\">\n\t\t\t\t\t\t\t\t\t<p data-start=\"67\" data-end=\"370\">\u00a0etNous vivons dans une soci\u00e9t\u00e9 fortement centr\u00e9e sur la pens\u00e9e et la cognition, au point d&rsquo;avoir quelque peu n\u00e9glig\u00e9 le corps. Les \u00e9tudes sur le psychotrauma montrent que, lors de troubles de stress post-traumatique, des processus physiologiques sont perturb\u00e9s par une ou plusieurs exp\u00e9riences choquantes.<\/p><p data-start=\"372\" data-end=\"709\">Ces perturbations affectent la mani\u00e8re <strong>dont les \u00e9motions sont trait\u00e9es et lib\u00e9r\u00e9es.<\/strong> Nous savons aujourd&rsquo;hui que les \u00e9motions ont une r\u00e9alit\u00e9 somatique ; elles activent des sensations dans le corps. Par exemple, une \u00e9motion intense peut se manifester sous forme de tension musculaire, de respiration courte ou d&rsquo;une sensation de chaleur.<\/p><p data-start=\"711\" data-end=\"1310\">Nous savons \u00e9galement que nos \u00e9motions ont une dur\u00e9e de vie : elles chargent le corps, poussent \u00e0 l&rsquo;action et, normalement, se d\u00e9chargent. <strong>Ce processus de d\u00e9charge se fait naturellement, souvent par des gestes, des pleurs, des cris, ou une prise de recul \u00e9motionnel.<\/strong> Cependant, nous avons tendance \u00e0 bloquer ce processus de d\u00e9charge en raison de multiples conditionnements, souvent issus de notre \u00e9ducation. En particulier dans le cas du psychotrauma, et dans d&rsquo;autres situations de stress intense, cette d\u00e9charge \u00e9motionnelle n&rsquo;a pas pu avoir lieu, et les \u00e9motions restent \u00ab\u00a0bloqu\u00e9es\u00a0\u00bb dans le corps.<\/p><p data-start=\"1312\" data-end=\"1635\">Revenir au corps par des techniques sp\u00e9cifiques, que je vais d\u00e9crire succinctement par la suite, <strong>permet de r\u00e9guler et d\u2019apaiser le stress.<\/strong> Ces techniques aident \u00e0 r\u00e9\u00e9quilibrer nos syst\u00e8mes physiologiques, affectifs et cognitifs, favorisant ainsi une d\u00e9charge \u00e9motionnelle saine et un retraitement de l&rsquo;information traumatique permettant une r\u00e9cup\u00e9ration apr\u00e8s un choc.<\/p>\t\t\t\t\t\t\t\t<\/div>\n\t\t\t\t<\/div>\n\t\t\t\t<\/div>\n\t\t<div class=\"elementor-element elementor-element-9e37171 e-con-full e-flex e-con e-child\" data-id=\"9e37171\" data-element_type=\"container\">\n\t\t\t\t<div class=\"elementor-element elementor-element-3c3fa3a elementor-widget elementor-widget-image\" data-id=\"3c3fa3a\" data-element_type=\"widget\" data-widget_type=\"image.default\">\n\t\t\t\t<div class=\"elementor-widget-container\">\n\t\t\t\t\t\t\t\t\t\t\t\t\t\t\t<img loading=\"lazy\" decoding=\"async\" width=\"768\" height=\"768\" src=\"https:\/\/www.hypnoseetpierres-sebastienlanotte.com\/wp-content\/uploads\/2025\/03\/memoires_traumatique_dans_le_corps-768x768.jpg\" class=\"attachment-medium_large size-medium_large wp-image-2552\" alt=\"am\u00e9thys nous explique que le conscience corporelle est la voie de la gu\u00e9rison des traumas.\" srcset=\"https:\/\/www.hypnoseetpierres-sebastienlanotte.com\/wp-content\/uploads\/2025\/03\/memoires_traumatique_dans_le_corps-768x768.jpg 768w, https:\/\/www.hypnoseetpierres-sebastienlanotte.com\/wp-content\/uploads\/2025\/03\/memoires_traumatique_dans_le_corps-300x300.jpg 300w, https:\/\/www.hypnoseetpierres-sebastienlanotte.com\/wp-content\/uploads\/2025\/03\/memoires_traumatique_dans_le_corps-150x150.jpg 150w, https:\/\/www.hypnoseetpierres-sebastienlanotte.com\/wp-content\/uploads\/2025\/03\/memoires_traumatique_dans_le_corps.jpg 896w\" sizes=\"(max-width: 768px) 100vw, 768px\" \/>\t\t\t\t\t\t\t\t\t\t\t\t\t\t\t<\/div>\n\t\t\t\t<\/div>\n\t\t\t\t<\/div>\n\t\t\t\t\t<\/div>\n\t\t\t\t<\/div>\n\t\t<div class=\"elementor-element elementor-element-6c08add3 e-con-full e-flex e-con e-child\" data-id=\"6c08add3\" data-element_type=\"container\" data-settings=\"{&quot;background_background&quot;:&quot;classic&quot;}\">\n\t\t\t\t<div class=\"elementor-element elementor-element-0ce9bff elementor-widget elementor-widget-heading\" data-id=\"0ce9bff\" data-element_type=\"widget\" data-widget_type=\"heading.default\">\n\t\t\t\t<div class=\"elementor-widget-container\">\n\t\t\t\t\t<h3 class=\"elementor-heading-title elementor-size-default\">Les fondements de l'approche somato-affective<\/h3>\t\t\t\t<\/div>\n\t\t\t\t<\/div>\n\t\t\t\t<div class=\"elementor-element elementor-element-145aa22 elementor-widget elementor-widget-text-editor\" data-id=\"145aa22\" data-element_type=\"widget\" data-widget_type=\"text-editor.default\">\n\t\t\t\t<div class=\"elementor-widget-container\">\n\t\t\t\t\t\t\t\t\t<p>\u00a0<span style=\"font-weight: 400;\">L\u2019approche somatique repose sur plusieurs principes fondamentaux :<\/span><\/p><ul><li style=\"font-weight: 400;\" aria-level=\"1\"><p><b>Unit\u00e9 corps-esprit<\/b><span style=\"font-weight: 400;\"> : Le corps et l\u2019esprit ne sont pas s\u00e9par\u00e9s mais forment une unit\u00e9 indissociable.<\/span><\/p><\/li><li style=\"font-weight: 400;\" aria-level=\"1\"><p><b>Intelligence corporelle<\/b><span style=\"font-weight: 400;\"> : Le corps poss\u00e8de sa propre intelligence et sagesse, au-del\u00e0 de la pens\u00e9e rationnelle.<\/span><\/p><\/li><li style=\"font-weight: 400;\" aria-level=\"1\"><p><b>M\u00e9moire somatique<\/b><span style=\"font-weight: 400;\"> : Nos exp\u00e9riences, particuli\u00e8rement traumatiques, sont stock\u00e9es dans notre corps sous forme de sensations, de tensions et de sch\u00e9mas de mouvement.<\/span><\/p><\/li><li style=\"font-weight: 400;\" aria-level=\"1\"><p><b>Autor\u00e9gulation<\/b><span style=\"font-weight: 400;\"> : Le corps tend naturellement vers l\u2019\u00e9quilibre et la gu\u00e9rison lorsqu\u2019on lui permet d\u2019achever ses processus naturels.<\/span><\/p><\/li><\/ul>\t\t\t\t\t\t\t\t<\/div>\n\t\t\t\t<\/div>\n\t\t\t\t<\/div>\n\t\t<div class=\"elementor-element elementor-element-a9fb9c4 e-flex e-con-boxed e-con e-parent\" data-id=\"a9fb9c4\" data-element_type=\"container\">\n\t\t\t\t\t<div class=\"e-con-inner\">\n\t\t\t\t<div class=\"elementor-element elementor-element-4bd92ca elementor-widget elementor-widget-heading\" data-id=\"4bd92ca\" data-element_type=\"widget\" data-widget_type=\"heading.default\">\n\t\t\t\t<div class=\"elementor-widget-container\">\n\t\t\t\t\t<h2 class=\"elementor-heading-title elementor-size-default\">Corps et \u00e9motions : les m\u00e9thodes th\u00e9rapeutiques bas\u00e9es sur l\u2019approche somatoaffective<\/h2>\t\t\t\t<\/div>\n\t\t\t\t<\/div>\n\t\t\t\t\t<\/div>\n\t\t\t\t<\/div>\n\t\t<div class=\"elementor-element elementor-element-367625e e-flex e-con-boxed e-con e-parent\" data-id=\"367625e\" data-element_type=\"container\">\n\t\t\t\t\t<div class=\"e-con-inner\">\n\t\t<div class=\"elementor-element elementor-element-88e5d3d e-con-full e-flex e-con e-child\" data-id=\"88e5d3d\" data-element_type=\"container\">\n\t\t\t\t<div class=\"elementor-element elementor-element-574a196 elementor-widget elementor-widget-heading\" data-id=\"574a196\" data-element_type=\"widget\" data-widget_type=\"heading.default\">\n\t\t\t\t<div class=\"elementor-widget-container\">\n\t\t\t\t\t<h3 class=\"elementor-heading-title elementor-size-default\">L'exp\u00e9rience somatique de Peter Levine<\/h3>\t\t\t\t<\/div>\n\t\t\t\t<\/div>\n\t\t\t\t<div class=\"elementor-element elementor-element-833f219 elementor-widget elementor-widget-text-editor\" data-id=\"833f219\" data-element_type=\"widget\" data-widget_type=\"text-editor.default\">\n\t\t\t\t<div class=\"elementor-widget-container\">\n\t\t\t\t\t\t\t\t\t<p data-start=\"3493\" data-end=\"3940\">La <strong data-start=\"3496\" data-end=\"3525\">Somatic Experiencing (SE)<\/strong>, d\u00e9velopp\u00e9e par <strong data-start=\"3542\" data-end=\"3558\">Peter Levine<\/strong>, est une approche th\u00e9rapeutique qui permet de gu\u00e9rir les traumatismes en s\u2019appuyant sur <strong data-start=\"3647\" data-end=\"3677\">les sensations corporelles<\/strong>. Plut\u00f4t que de se focaliser uniquement sur le r\u00e9cit verbal, elle part du principe que le trauma <strong data-start=\"3774\" data-end=\"3799\">s\u2019ancre dans le corps<\/strong>, entra\u00eenant des r\u00e9actions physiologiques souvent inconscientes (tensions musculaires, troubles du rythme cardiaque, hypervigilance, etc.).<\/p><p data-start=\"3947\" data-end=\"4323\">Gr\u00e2ce \u00e0 des <strong data-start=\"3959\" data-end=\"4041\">techniques douces de conscience corporelle et de r\u00e9gulation du syst\u00e8me nerveux<\/strong>, la SE aide \u00e0 rel\u00e2cher progressivement ces tensions accumul\u00e9es. Le th\u00e9rapeute guide la personne en l\u2019amenant \u00e0 observer ses ressentis corporels (respiration, sensations musculaires, micro-mouvements), lui permettant ainsi de retrouver un <strong data-start=\"4280\" data-end=\"4320\">sentiment de s\u00e9curit\u00e9 et de contr\u00f4le<\/strong>.<\/p><p data-start=\"4330\" data-end=\"4681\">Cette m\u00e9thode est particuli\u00e8rement efficace dans le traitement du <strong data-start=\"4396\" data-end=\"4472\">stress post-traumatique, des troubles anxieux et des douleurs chroniques<\/strong>, mais elle s\u2019av\u00e8re aussi pr\u00e9cieuse pour mieux r\u00e9guler les \u00e9motions et restaurer un <strong data-start=\"4556\" data-end=\"4576\">\u00e9quilibre global<\/strong>. En respectant le <strong data-start=\"4595\" data-end=\"4613\">rythme naturel<\/strong> de chacun, la SE offre un chemin de gu\u00e9rison progressif et profond.<\/p>\t\t\t\t\t\t\t\t<\/div>\n\t\t\t\t<\/div>\n\t\t\t\t<\/div>\n\t\t<div class=\"elementor-element elementor-element-0546437 e-con-full e-flex e-con e-child\" data-id=\"0546437\" data-element_type=\"container\">\n\t\t\t\t<div class=\"elementor-element elementor-element-8776ca5 elementor-widget elementor-widget-image\" data-id=\"8776ca5\" data-element_type=\"widget\" data-widget_type=\"image.default\">\n\t\t\t\t<div class=\"elementor-widget-container\">\n\t\t\t\t\t\t\t\t\t\t\t\t\t\t\t<img loading=\"lazy\" decoding=\"async\" width=\"800\" height=\"800\" src=\"https:\/\/www.hypnoseetpierres-sebastienlanotte.com\/wp-content\/uploads\/2025\/02\/HYPNOSE-ET-PIERRES_LOGO-V3_DECLI-06-1024x1024.png\" class=\"attachment-large size-large wp-image-1952\" alt=\"\" srcset=\"https:\/\/www.hypnoseetpierres-sebastienlanotte.com\/wp-content\/uploads\/2025\/02\/HYPNOSE-ET-PIERRES_LOGO-V3_DECLI-06-1024x1024.png 1024w, https:\/\/www.hypnoseetpierres-sebastienlanotte.com\/wp-content\/uploads\/2025\/02\/HYPNOSE-ET-PIERRES_LOGO-V3_DECLI-06-300x300.png 300w, https:\/\/www.hypnoseetpierres-sebastienlanotte.com\/wp-content\/uploads\/2025\/02\/HYPNOSE-ET-PIERRES_LOGO-V3_DECLI-06-150x150.png 150w, https:\/\/www.hypnoseetpierres-sebastienlanotte.com\/wp-content\/uploads\/2025\/02\/HYPNOSE-ET-PIERRES_LOGO-V3_DECLI-06-768x768.png 768w, https:\/\/www.hypnoseetpierres-sebastienlanotte.com\/wp-content\/uploads\/2025\/02\/HYPNOSE-ET-PIERRES_LOGO-V3_DECLI-06.png 1338w\" sizes=\"(max-width: 800px) 100vw, 800px\" \/>\t\t\t\t\t\t\t\t\t\t\t\t\t\t\t<\/div>\n\t\t\t\t<\/div>\n\t\t\t\t<\/div>\n\t\t\t\t\t<\/div>\n\t\t\t\t<\/div>\n\t\t<div class=\"elementor-element elementor-element-27610c6 e-flex e-con-boxed e-con e-parent\" data-id=\"27610c6\" data-element_type=\"container\">\n\t\t\t\t\t<div class=\"e-con-inner\">\n\t\t\t\t<div class=\"elementor-element elementor-element-d27f021 elementor-widget elementor-widget-heading\" data-id=\"d27f021\" data-element_type=\"widget\" data-widget_type=\"heading.default\">\n\t\t\t\t<div class=\"elementor-widget-container\">\n\t\t\t\t\t<h2 class=\"elementor-heading-title elementor-size-default\">La th\u00e9ories polyvagales de Stephen Porges<\/h2>\t\t\t\t<\/div>\n\t\t\t\t<\/div>\n\t\t\t\t<div class=\"elementor-element elementor-element-3a812f0 elementor-widget elementor-widget-text-editor\" data-id=\"3a812f0\" data-element_type=\"widget\" data-widget_type=\"text-editor.default\">\n\t\t\t\t<div class=\"elementor-widget-container\">\n\t\t\t\t\t\t\t\t\t<p data-start=\"98\" data-end=\"462\"><strong data-start=\"98\" data-end=\"460\">S<\/strong>tephen Porges, neuroscientifique am\u00e9ricain, est connu pour sa th\u00e9orie polyvagale, <strong data-start=\"98\" data-end=\"460\">qui r\u00e9volutionne la compr\u00e9hension du syst\u00e8me nerveux autonome et de son r\u00f4le dans la r\u00e9gulation du stress et des \u00e9motions. <\/strong>Contrairement au mod\u00e8le traditionnel qui divise le syst\u00e8me autonome en deux (sympathique et parasympathique), Porges identifie trois circuits distincts.<\/p><p data-start=\"464\" data-end=\"874\">Le <strong data-start=\"467\" data-end=\"492\">syst\u00e8me vagal ventral<\/strong>, associ\u00e9 \u00e0 la <strong data-start=\"507\" data-end=\"545\">connexion sociale et \u00e0 la s\u00e9curit\u00e9<\/strong>, permet l\u2019engagement relationnel et l\u2019apaisement. Le <strong data-start=\"599\" data-end=\"622\">syst\u00e8me sympathique<\/strong>, activ\u00e9 face \u00e0 un danger, d\u00e9clenche une r\u00e9ponse de <strong data-start=\"674\" data-end=\"695\">lutte ou de fuite<\/strong>. Enfin, le <strong data-start=\"707\" data-end=\"731\">syst\u00e8me vagal dorsal<\/strong>, en cas de menace extr\u00eame, provoque un \u00e9tat de <strong data-start=\"779\" data-end=\"808\">sid\u00e9ration ou de figement<\/strong>, une r\u00e9action souvent observ\u00e9e chez les personnes traumatis\u00e9es.<\/p><p data-start=\"876\" data-end=\"1289\">Cette th\u00e9orie a profond\u00e9ment influenc\u00e9 les approches th\u00e9rapeutiques centr\u00e9es sur le corps, comme la <strong data-start=\"976\" data-end=\"1000\">Somatic Experiencing<\/strong> de Peter Levine, en mettant en \u00e9vidence l\u2019importance de la <strong data-start=\"1060\" data-end=\"1093\">r\u00e9gulation du syst\u00e8me nerveux<\/strong> dans le traitement des traumatismes. En favorisant un <strong data-start=\"1148\" data-end=\"1179\">\u00e9tat de s\u00e9curit\u00e9 int\u00e9rieure<\/strong>, il devient possible de sortir des sch\u00e9mas de <strong data-start=\"1226\" data-end=\"1246\">stress chronique<\/strong> et d\u2019acc\u00e9der \u00e0 un mieux-\u00eatre \u00e9motionnel.<\/p><p data-start=\"1291\" data-end=\"1747\">Concr\u00e8tement, les th\u00e9rapeutes utilisent cette th\u00e9orie pour aider les patients \u00e0 <strong data-start=\"1371\" data-end=\"1416\">identifier leurs \u00e9tats du syst\u00e8me nerveux<\/strong> et \u00e0 pratiquer des <strong data-start=\"1436\" data-end=\"1513\">exercices de co-r\u00e9gulation, de respiration profonde ou de mouvements doux<\/strong>, favorisant ainsi le retour \u00e0 un <strong data-start=\"1547\" data-end=\"1585\">\u00e9tat vagal ventral plus s\u00e9curisant<\/strong>. Cette approche est d\u00e9sormais int\u00e9gr\u00e9e en <strong data-start=\"1628\" data-end=\"1677\">psychologie, hypnose et th\u00e9rapies corporelles<\/strong> pour restaurer un <strong data-start=\"1696\" data-end=\"1744\">\u00e9quilibre profond entre le corps et l\u2019esprit<\/strong>.<\/p><p data-start=\"1749\" data-end=\"2024\">Bien que la th\u00e9orie polyvagale ait ouvert de <strong data-start=\"1801\" data-end=\"1827\">nouvelles perspectives<\/strong>, elle continue d\u2019\u00e9voluer. Certains chercheurs questionnent encore la <strong data-start=\"1897\" data-end=\"1974\">pr\u00e9cision des liens entre \u00e9tats physiologiques et exp\u00e9riences subjectives<\/strong>, ce qui nourrit un d\u00e9bat scientifique en cours.<\/p>\t\t\t\t\t\t\t\t<\/div>\n\t\t\t\t<\/div>\n\t\t\t\t\t<\/div>\n\t\t\t\t<\/div>\n\t\t<div class=\"elementor-element elementor-element-877a94c e-flex e-con-boxed e-con e-parent\" data-id=\"877a94c\" data-element_type=\"container\">\n\t\t\t\t\t<div class=\"e-con-inner\">\n\t\t<div class=\"elementor-element elementor-element-2425c0c e-con-full e-flex e-con e-child\" data-id=\"2425c0c\" data-element_type=\"container\">\n\t\t\t\t<div class=\"elementor-element elementor-element-6c2a2de elementor-widget elementor-widget-heading\" data-id=\"6c2a2de\" data-element_type=\"widget\" data-widget_type=\"heading.default\">\n\t\t\t\t<div class=\"elementor-widget-container\">\n\t\t\t\t\t<h2 class=\"elementor-heading-title elementor-size-default\">Les approches th\u00e9rapeutiques bas\u00e9e sur l'approche somatoaffective<\/h2>\t\t\t\t<\/div>\n\t\t\t\t<\/div>\n\t\t\t\t<div class=\"elementor-element elementor-element-c4aa6ec elementor-widget elementor-widget-text-editor\" data-id=\"c4aa6ec\" data-element_type=\"widget\" data-widget_type=\"text-editor.default\">\n\t\t\t\t<div class=\"elementor-widget-container\">\n\t\t\t\t\t\t\t\t\t<p data-sourcepos=\"3:1-3:299\">Les avanc\u00e9es en neurosciences, psychologie et biologie permettent aujourd\u2019hui d\u2019\u00e9tablir plus pr\u00e9cis\u00e9ment le lien entre les \u00e9motions (stress, humeur) et le corps. Cela a donn\u00e9 naissance \u00e0 de nombreuses approches th\u00e9rapeutiques. En voici quelques-unes, d\u00e9couvertes lors de mes recherches sur ce sujet.<\/p><ul data-sourcepos=\"5:1-14:0\"><li data-sourcepos=\"5:1-5:221\"><strong>Bio\u00e9nergie (Alexander Lowen) :<\/strong> Associe exercices corporels, respiration et analyse des postures pour lib\u00e9rer les \u00ab\u00a0armures\u00a0\u00bb corporelles, ces tensions \u00e9motionnelles qui bloquent l&rsquo;expression, et restaurer la vitalit\u00e9.<\/li><li data-sourcepos=\"6:1-6:207\"><strong>Psychoth\u00e9rapie Corporelle (inspir\u00e9e de Reich et Lowen) :<\/strong> Int\u00e8gre dialogue, mouvements et toucher th\u00e9rapeutique pour explorer les diff\u00e9rentes couches de tensions du corps et reconnecter corps et esprit.<\/li><li data-sourcepos=\"7:1-7:168\"><strong>Hakomi (Ron Kurtz) :<\/strong> Th\u00e9rapie bas\u00e9e sur la pleine conscience et le dialogue int\u00e9rieur, permettant d&rsquo;explorer les m\u00e9moires corporelles et les sch\u00e9mas inconscients.<\/li><li data-sourcepos=\"8:1-8:92\"><strong>Danse-Th\u00e9rapie :<\/strong> Utilise le mouvement pour exprimer et lib\u00e9rer les \u00e9motions profondes.<\/li><li data-sourcepos=\"9:1-9:130\"><strong>Yoga Th\u00e9rapeutique :<\/strong> Associe postures, respiration et m\u00e9ditation pour r\u00e9duire le stress et favoriser l\u2019\u00e9quilibre \u00e9motionnel.<\/li><li data-sourcepos=\"10:1-10:142\"><strong>M\u00e9thode Feldenkrais :<\/strong> Am\u00e9liore la conscience corporelle par des mouvements doux, aidant \u00e0 rel\u00e2cher les tensions et am\u00e9liorer la posture.<\/li><li data-sourcepos=\"11:1-11:116\"><strong>Toucher Th\u00e9rapeutique :<\/strong> Technique \u00e9nerg\u00e9tique visant \u00e0 harmoniser les flux corporels et soulager les tensions.<\/li><li data-sourcepos=\"12:1-12:271\"><strong>Th\u00e9rapie Sensorimotrice (Pat Ogden) :<\/strong> Aide \u00e0 traiter les traumatismes en identifiant et en compl\u00e9tant les r\u00e9ponses corporelles bloqu\u00e9es (fuite, lutte, figement) par l&rsquo;exploration des sensations et des mouvements, compl\u00e9tant ainsi les r\u00e9ponses de d\u00e9fense inachev\u00e9es.<\/li><li data-sourcepos=\"13:1-14:0\"><strong>Gestalt-Th\u00e9rapie :<\/strong> Approche holistique qui favorise la prise de conscience et l\u2019expression corporelle dans le \u00ab\u00a0ici et maintenant\u00a0\u00bb pour mieux comprendre et r\u00e9soudre les conflits \u00e9motionnels.<\/li><\/ul><p data-sourcepos=\"15:1-15:195\">\u00a0<\/p><p data-sourcepos=\"15:1-15:195\">Ces m\u00e9thodes ont pour objectif commun de r\u00e9int\u00e9grer le corps dans le processus th\u00e9rapeutique, favorisant ainsi une meilleure r\u00e9gulation \u00e9motionnelle et un \u00e9quilibre profond entre corps et esprit.<\/p>\t\t\t\t\t\t\t\t<\/div>\n\t\t\t\t<\/div>\n\t\t\t\t<\/div>\n\t\t<div class=\"elementor-element elementor-element-92b7586 e-con-full e-flex e-con e-child\" data-id=\"92b7586\" data-element_type=\"container\">\n\t\t\t\t<div class=\"elementor-element elementor-element-8edab18 elementor-widget elementor-widget-image\" data-id=\"8edab18\" data-element_type=\"widget\" data-widget_type=\"image.default\">\n\t\t\t\t<div class=\"elementor-widget-container\">\n\t\t\t\t\t\t\t\t\t\t\t\t\t\t\t<img loading=\"lazy\" decoding=\"async\" width=\"800\" height=\"800\" src=\"https:\/\/www.hypnoseetpierres-sebastienlanotte.com\/wp-content\/uploads\/2025\/03\/Cubs-cette-pierre-garde-lempreinte-dun-vieux-trauma.-Elle-vibre-dune-facon.-particuliere.png\" class=\"attachment-large size-large wp-image-2559\" alt=\"am\u00e9thys m\u00e9dite avec un cristal d&#039;am\u00e9thyste\" srcset=\"https:\/\/www.hypnoseetpierres-sebastienlanotte.com\/wp-content\/uploads\/2025\/03\/Cubs-cette-pierre-garde-lempreinte-dun-vieux-trauma.-Elle-vibre-dune-facon.-particuliere.png 1024w, https:\/\/www.hypnoseetpierres-sebastienlanotte.com\/wp-content\/uploads\/2025\/03\/Cubs-cette-pierre-garde-lempreinte-dun-vieux-trauma.-Elle-vibre-dune-facon.-particuliere-300x300.png 300w, https:\/\/www.hypnoseetpierres-sebastienlanotte.com\/wp-content\/uploads\/2025\/03\/Cubs-cette-pierre-garde-lempreinte-dun-vieux-trauma.-Elle-vibre-dune-facon.-particuliere-150x150.png 150w, https:\/\/www.hypnoseetpierres-sebastienlanotte.com\/wp-content\/uploads\/2025\/03\/Cubs-cette-pierre-garde-lempreinte-dun-vieux-trauma.-Elle-vibre-dune-facon.-particuliere-768x768.png 768w\" sizes=\"(max-width: 800px) 100vw, 800px\" \/>\t\t\t\t\t\t\t\t\t\t\t\t\t\t\t<\/div>\n\t\t\t\t<\/div>\n\t\t\t\t<div class=\"elementor-element elementor-element-8543f45 elementor-widget elementor-widget-image\" data-id=\"8543f45\" data-element_type=\"widget\" data-widget_type=\"image.default\">\n\t\t\t\t<div class=\"elementor-widget-container\">\n\t\t\t\t\t\t\t\t\t\t\t\t\t\t\t<img loading=\"lazy\" decoding=\"async\" width=\"800\" height=\"800\" src=\"https:\/\/www.hypnoseetpierres-sebastienlanotte.com\/wp-content\/uploads\/2025\/03\/Dapres-ma-classification-des-vibrations-cest-une-resonance-traumatique-B-12\u2026-Probablement-jurassique-tardif.png\" class=\"attachment-large size-large wp-image-2563\" alt=\"\" srcset=\"https:\/\/www.hypnoseetpierres-sebastienlanotte.com\/wp-content\/uploads\/2025\/03\/Dapres-ma-classification-des-vibrations-cest-une-resonance-traumatique-B-12\u2026-Probablement-jurassique-tardif.png 1024w, https:\/\/www.hypnoseetpierres-sebastienlanotte.com\/wp-content\/uploads\/2025\/03\/Dapres-ma-classification-des-vibrations-cest-une-resonance-traumatique-B-12\u2026-Probablement-jurassique-tardif-300x300.png 300w, https:\/\/www.hypnoseetpierres-sebastienlanotte.com\/wp-content\/uploads\/2025\/03\/Dapres-ma-classification-des-vibrations-cest-une-resonance-traumatique-B-12\u2026-Probablement-jurassique-tardif-150x150.png 150w, https:\/\/www.hypnoseetpierres-sebastienlanotte.com\/wp-content\/uploads\/2025\/03\/Dapres-ma-classification-des-vibrations-cest-une-resonance-traumatique-B-12\u2026-Probablement-jurassique-tardif-768x768.png 768w\" sizes=\"(max-width: 800px) 100vw, 800px\" \/>\t\t\t\t\t\t\t\t\t\t\t\t\t\t\t<\/div>\n\t\t\t\t<\/div>\n\t\t\t\t<\/div>\n\t\t\t\t\t<\/div>\n\t\t\t\t<\/div>\n\t\t<div class=\"elementor-element elementor-element-afdf2c4 e-flex e-con-boxed e-con e-parent\" data-id=\"afdf2c4\" data-element_type=\"container\">\n\t\t\t\t\t<div class=\"e-con-inner\">\n\t\t\t\t<div class=\"elementor-element elementor-element-f7a99e4 elementor-widget elementor-widget-heading\" data-id=\"f7a99e4\" data-element_type=\"widget\" data-widget_type=\"heading.default\">\n\t\t\t\t<div class=\"elementor-widget-container\">\n\t\t\t\t\t<h3 class=\"elementor-heading-title elementor-size-default\">Revenir au corps : une cl\u00e9 essentielle<\/h3>\t\t\t\t<\/div>\n\t\t\t\t<\/div>\n\t\t\t\t<div class=\"elementor-element elementor-element-f02dc38 elementor-widget elementor-widget-text-editor\" data-id=\"f02dc38\" data-element_type=\"widget\" data-widget_type=\"text-editor.default\">\n\t\t\t\t<div class=\"elementor-widget-container\">\n\t\t\t\t\t\t\t\t\t<p>\u00a0<span style=\"font-weight: 400;\">Revenir au corps, r\u00e9int\u00e9grer pleinement sa pr\u00e9sence dans le corps, est essentiel, que ce soit dans le chemin de r\u00e9silience apr\u00e8s un psychotraumatisme ou simplement dans la vie quotidienne. Comme si ce qui dit \u00ab\u00a0je\u00a0\u00bb, \u00ab\u00a0moi\u00a0\u00bb, pouvait r\u00e9ellement se replacer dans ce corps et s\u2019y ancrer.<\/span><\/p><p><span style=\"font-weight: 400;\">Accorder de l\u2019attention aux sensations corporelles, aussi souvent que possible, est un geste simple mais puissant. Cela permet de se reconnecter \u00e0 soi, d\u2019habiter son corps avec plus de pr\u00e9sence et de retrouver un ancrage naturel dans le moment pr\u00e9sent. Cette pratique change profond\u00e9ment notre perception du monde : elle modifie notre rythme, notre rapport \u00e0 l\u2019environnement et \u00e0 nous-m\u00eames.<\/span><\/p><p>\u00a0<\/p>\t\t\t\t\t\t\t\t<\/div>\n\t\t\t\t<\/div>\n\t\t\t\t<div class=\"elementor-element elementor-element-d049776 elementor-widget elementor-widget-image\" data-id=\"d049776\" data-element_type=\"widget\" data-widget_type=\"image.default\">\n\t\t\t\t<div class=\"elementor-widget-container\">\n\t\t\t\t\t\t\t\t\t\t\t\t\t\t\t<img loading=\"lazy\" decoding=\"async\" width=\"800\" height=\"450\" src=\"https:\/\/www.hypnoseetpierres-sebastienlanotte.com\/wp-content\/uploads\/2025\/03\/Tes-vraiment-fascinant-Accompagne-les-psychotraumas-ca-demande-surtout-de-lempathie-1024x576.png\" class=\"attachment-large size-large wp-image-2571\" alt=\"cubs et am\u00e9thys se chamaille sur la fa\u00e7on d&#039;accompagner le psychautroma, am\u00e9thys parle d&#039;empathie, cubs de connaissances solides\" srcset=\"https:\/\/www.hypnoseetpierres-sebastienlanotte.com\/wp-content\/uploads\/2025\/03\/Tes-vraiment-fascinant-Accompagne-les-psychotraumas-ca-demande-surtout-de-lempathie-1024x576.png 1024w, https:\/\/www.hypnoseetpierres-sebastienlanotte.com\/wp-content\/uploads\/2025\/03\/Tes-vraiment-fascinant-Accompagne-les-psychotraumas-ca-demande-surtout-de-lempathie-300x169.png 300w, https:\/\/www.hypnoseetpierres-sebastienlanotte.com\/wp-content\/uploads\/2025\/03\/Tes-vraiment-fascinant-Accompagne-les-psychotraumas-ca-demande-surtout-de-lempathie-768x432.png 768w, https:\/\/www.hypnoseetpierres-sebastienlanotte.com\/wp-content\/uploads\/2025\/03\/Tes-vraiment-fascinant-Accompagne-les-psychotraumas-ca-demande-surtout-de-lempathie-1536x864.png 1536w, https:\/\/www.hypnoseetpierres-sebastienlanotte.com\/wp-content\/uploads\/2025\/03\/Tes-vraiment-fascinant-Accompagne-les-psychotraumas-ca-demande-surtout-de-lempathie.png 1920w\" sizes=\"(max-width: 800px) 100vw, 800px\" \/>\t\t\t\t\t\t\t\t\t\t\t\t\t\t\t<\/div>\n\t\t\t\t<\/div>\n\t\t\t\t<div class=\"elementor-element elementor-element-eccb0df elementor-widget elementor-widget-heading\" data-id=\"eccb0df\" data-element_type=\"widget\" data-widget_type=\"heading.default\">\n\t\t\t\t<div class=\"elementor-widget-container\">\n\t\t\t\t\t<h4 class=\"elementor-heading-title elementor-size-default\">Un impact direct sur les troubles psychosomatiques<\/h4>\t\t\t\t<\/div>\n\t\t\t\t<\/div>\n\t\t\t\t<div class=\"elementor-element elementor-element-7b670f5 elementor-widget elementor-widget-text-editor\" data-id=\"7b670f5\" data-element_type=\"widget\" data-widget_type=\"text-editor.default\">\n\t\t\t\t<div class=\"elementor-widget-container\">\n\t\t\t\t\t\t\t\t\t<p>\u00a0<span style=\"font-weight: 400;\">Cette conscience corporelle, en plus des approches th\u00e9rapeutiques bas\u00e9es sur cette relatiuoin corps psych\u00e9, a \u00e9galement un effet b\u00e9n\u00e9fique sur les troubles psychosomatiques. En \u00e9tant plus attentif \u00e0 son corps, il devient possible d\u2019observer <\/span><b>quand et comment<\/b><span style=\"font-weight: 400;\"> les sympt\u00f4mes s\u2019activent. Plut\u00f4t que de les subir passivement, on peut apprendre \u00e0 les r\u00e9guler avec plus de facilit\u00e9. Cette prise de conscience change la relation que l&rsquo;on entretient avec ces manifestations physiques et permet de mieux g\u00e9rer les tensions et les inconforts.<\/span><\/p><p>\u00a0<\/p>\t\t\t\t\t\t\t\t<\/div>\n\t\t\t\t<\/div>\n\t\t\t\t\t<\/div>\n\t\t\t\t<\/div>\n\t\t<div class=\"elementor-element elementor-element-f2d5c96 e-flex e-con-boxed e-con e-parent\" data-id=\"f2d5c96\" data-element_type=\"container\">\n\t\t\t\t\t<div class=\"e-con-inner\">\n\t\t\t\t<div class=\"elementor-element elementor-element-832fb3f elementor-widget elementor-widget-image\" data-id=\"832fb3f\" data-element_type=\"widget\" data-widget_type=\"image.default\">\n\t\t\t\t<div class=\"elementor-widget-container\">\n\t\t\t\t\t\t\t\t\t\t\t\t\t\t\t<img loading=\"lazy\" decoding=\"async\" width=\"800\" height=\"450\" src=\"https:\/\/www.hypnoseetpierres-sebastienlanotte.com\/wp-content\/uploads\/2025\/03\/Pendant-que-tu-analysais-jai-deja-etabli-une-connexion-profonde-avec-son-energie.-Elle-me-raconte-une-histoire-de-guerison-pas-de-chiffres-1024x576.png\" class=\"attachment-large size-large wp-image-2575\" alt=\"\" srcset=\"https:\/\/www.hypnoseetpierres-sebastienlanotte.com\/wp-content\/uploads\/2025\/03\/Pendant-que-tu-analysais-jai-deja-etabli-une-connexion-profonde-avec-son-energie.-Elle-me-raconte-une-histoire-de-guerison-pas-de-chiffres-1024x576.png 1024w, https:\/\/www.hypnoseetpierres-sebastienlanotte.com\/wp-content\/uploads\/2025\/03\/Pendant-que-tu-analysais-jai-deja-etabli-une-connexion-profonde-avec-son-energie.-Elle-me-raconte-une-histoire-de-guerison-pas-de-chiffres-300x169.png 300w, https:\/\/www.hypnoseetpierres-sebastienlanotte.com\/wp-content\/uploads\/2025\/03\/Pendant-que-tu-analysais-jai-deja-etabli-une-connexion-profonde-avec-son-energie.-Elle-me-raconte-une-histoire-de-guerison-pas-de-chiffres-768x432.png 768w, https:\/\/www.hypnoseetpierres-sebastienlanotte.com\/wp-content\/uploads\/2025\/03\/Pendant-que-tu-analysais-jai-deja-etabli-une-connexion-profonde-avec-son-energie.-Elle-me-raconte-une-histoire-de-guerison-pas-de-chiffres-1536x864.png 1536w, https:\/\/www.hypnoseetpierres-sebastienlanotte.com\/wp-content\/uploads\/2025\/03\/Pendant-que-tu-analysais-jai-deja-etabli-une-connexion-profonde-avec-son-energie.-Elle-me-raconte-une-histoire-de-guerison-pas-de-chiffres.png 1920w\" sizes=\"(max-width: 800px) 100vw, 800px\" \/>\t\t\t\t\t\t\t\t\t\t\t\t\t\t\t<\/div>\n\t\t\t\t<\/div>\n\t\t\t\t\t<\/div>\n\t\t\t\t<\/div>\n\t\t<div class=\"elementor-element elementor-element-e040c2d e-flex e-con-boxed e-con e-parent\" data-id=\"e040c2d\" data-element_type=\"container\">\n\t\t\t\t\t<div class=\"e-con-inner\">\n\t\t<div class=\"elementor-element elementor-element-e2af53e e-con-full e-flex e-con e-child\" data-id=\"e2af53e\" data-element_type=\"container\">\n\t\t\t\t<div class=\"elementor-element elementor-element-735f8cf elementor-widget elementor-widget-image\" data-id=\"735f8cf\" data-element_type=\"widget\" data-widget_type=\"image.default\">\n\t\t\t\t<div class=\"elementor-widget-container\">\n\t\t\t\t\t\t\t\t\t\t\t\t\t\t\t<img loading=\"lazy\" decoding=\"async\" width=\"800\" height=\"800\" src=\"https:\/\/www.hypnoseetpierres-sebastienlanotte.com\/wp-content\/uploads\/2025\/03\/Et-cest-exactement-comme-ca-quon-aborde-les-psychotraumas-toi-avec-ton-cerveau-moi-avec-mon-ame.-Ensemble-on-fait-une-therapie-complete-1.png\" class=\"attachment-large size-large wp-image-2586\" alt=\"am\u00e9thys dit qu&#039;il faut de la logique et de l&#039;empathiep our accomapagner le psychotrauma vers la r\u00e9silience.\" srcset=\"https:\/\/www.hypnoseetpierres-sebastienlanotte.com\/wp-content\/uploads\/2025\/03\/Et-cest-exactement-comme-ca-quon-aborde-les-psychotraumas-toi-avec-ton-cerveau-moi-avec-mon-ame.-Ensemble-on-fait-une-therapie-complete-1.png 1024w, https:\/\/www.hypnoseetpierres-sebastienlanotte.com\/wp-content\/uploads\/2025\/03\/Et-cest-exactement-comme-ca-quon-aborde-les-psychotraumas-toi-avec-ton-cerveau-moi-avec-mon-ame.-Ensemble-on-fait-une-therapie-complete-1-300x300.png 300w, https:\/\/www.hypnoseetpierres-sebastienlanotte.com\/wp-content\/uploads\/2025\/03\/Et-cest-exactement-comme-ca-quon-aborde-les-psychotraumas-toi-avec-ton-cerveau-moi-avec-mon-ame.-Ensemble-on-fait-une-therapie-complete-1-150x150.png 150w, https:\/\/www.hypnoseetpierres-sebastienlanotte.com\/wp-content\/uploads\/2025\/03\/Et-cest-exactement-comme-ca-quon-aborde-les-psychotraumas-toi-avec-ton-cerveau-moi-avec-mon-ame.-Ensemble-on-fait-une-therapie-complete-1-768x768.png 768w\" sizes=\"(max-width: 800px) 100vw, 800px\" \/>\t\t\t\t\t\t\t\t\t\t\t\t\t\t\t<\/div>\n\t\t\t\t<\/div>\n\t\t\t\t<\/div>\n\t\t<div class=\"elementor-element elementor-element-0b8d341 e-con-full e-flex e-con e-child\" data-id=\"0b8d341\" data-element_type=\"container\">\n\t\t\t\t<div class=\"elementor-element elementor-element-eb6599c elementor-widget elementor-widget-heading\" data-id=\"eb6599c\" data-element_type=\"widget\" data-widget_type=\"heading.default\">\n\t\t\t\t<div class=\"elementor-widget-container\">\n\t\t\t\t\t<h4 class=\"elementor-heading-title elementor-size-default\">Des exercices simples pour une transformation en douceur<\/h4>\t\t\t\t<\/div>\n\t\t\t\t<\/div>\n\t\t\t\t<div class=\"elementor-element elementor-element-4d9ed09 elementor-widget elementor-widget-text-editor\" data-id=\"4d9ed09\" data-element_type=\"widget\" data-widget_type=\"text-editor.default\">\n\t\t\t\t<div class=\"elementor-widget-container\">\n\t\t\t\t\t\t\t\t\t<p><span style=\"font-weight: 400;\">De nombreux exercices accessibles \u00e0 tous permettent de cultiver cette pr\u00e9sence corporelle. Par exemple :<\/span><\/p><ul><li style=\"font-weight: 400;\" aria-level=\"1\"><b>Marcher pieds nus<\/b><span style=\"font-weight: 400;\"> pour ressentir pleinement le contact avec le sol.<\/span><\/li><li style=\"font-weight: 400;\" aria-level=\"1\"><b>Respirer consciemment<\/b><span style=\"font-weight: 400;\">, en portant attention aux mouvements de l\u2019air dans le corps.<\/span><\/li><li style=\"font-weight: 400;\" aria-level=\"1\"><b>Prendre conscience de sa posture et de ses points d\u2019appui<\/b><span style=\"font-weight: 400;\"> : la sensation des pieds au sol quand on est debout, des fessiers et du dos dans d\u2019autres positions.<\/span><\/li><li style=\"font-weight: 400;\" aria-level=\"1\"><b>Explorer l\u2019espace autour de soi<\/b><span style=\"font-weight: 400;\">, ressentir les distances, les volumes, l\u2019air qui nous entoure.<\/span><\/li><\/ul><p><span style=\"font-weight: 400;\">Ces gestes simples, r\u00e9p\u00e9t\u00e9s r\u00e9guli\u00e8rement, transforment progressivement notre rapport au corps et au monde. \u00c0 force d\u2019exp\u00e9rience, cette attention corporelle devient aussi naturelle que parler, penser ou marcher.Ce qui permet un rapport \u00e0 soi et au monde plus apais\u00e9, plus serein.<\/span><\/p><p><span style=\"font-weight: 400;\">l<\/span><\/p>\t\t\t\t\t\t\t\t<\/div>\n\t\t\t\t<\/div>\n\t\t\t\t<\/div>\n\t\t\t\t\t<\/div>\n\t\t\t\t<\/div>\n\t\t<div class=\"elementor-element elementor-element-393d094 e-flex e-con-boxed e-con e-parent\" data-id=\"393d094\" data-element_type=\"container\">\n\t\t\t\t\t<div class=\"e-con-inner\">\n\t\t<div class=\"elementor-element elementor-element-2de7277 e-con-full e-flex e-con e-child\" data-id=\"2de7277\" data-element_type=\"container\">\n\t\t\t\t<div class=\"elementor-element elementor-element-da19870 elementor-widget elementor-widget-heading\" data-id=\"da19870\" data-element_type=\"widget\" data-widget_type=\"heading.default\">\n\t\t\t\t<div class=\"elementor-widget-container\">\n\t\t\t\t\t<h2 class=\"elementor-heading-title elementor-size-default\">L\u2019hypnose pour apaiser les cons\u00e9quences d\u2019un psychotrauma\n<\/h2>\t\t\t\t<\/div>\n\t\t\t\t<\/div>\n\t\t\t\t<div class=\"elementor-element elementor-element-006990a elementor-widget elementor-widget-heading\" data-id=\"006990a\" data-element_type=\"widget\" data-widget_type=\"heading.default\">\n\t\t\t\t<div class=\"elementor-widget-container\">\n\t\t\t\t\t<h3 class=\"elementor-heading-title elementor-size-default\">Hypnose et m\u00e9moires traumatiques : un acc\u00e8s s\u00e9curis\u00e9 pour la transformation<\/h3>\t\t\t\t<\/div>\n\t\t\t\t<\/div>\n\t\t\t\t<div class=\"elementor-element elementor-element-123a87e elementor-widget elementor-widget-text-editor\" data-id=\"123a87e\" data-element_type=\"widget\" data-widget_type=\"text-editor.default\">\n\t\t\t\t<div class=\"elementor-widget-container\">\n\t\t\t\t\t\t\t\t\t<p>L\u2019hypnose, gr\u00e2ce aux \u00e9tats modifi\u00e9s de conscience, permet un acc\u00e8s aux m\u00e9moires traumatiques tout en offrant un cadre s\u00e9curisant pour retraiter les \u00e9motions et les informations perturb\u00e9es.<\/p><p>L\u2019un des ph\u00e9nom\u00e8nes que l\u2019hypnose peut mobiliser est la <b>dissociation<\/b>, un \u00e9tat dans lequel on prend une certaine distance avec ses ressentis et ses \u00e9motions. Cette capacit\u00e9 est une <b>r\u00e9action naturelle du cerveau<\/b> face \u00e0 un choc violent ou une \u00e9motion trop intense : se couper du ressenti, se mettre \u00e0 distance, et parfois m\u00eame provoquer une amn\u00e9sie sont des m\u00e9canismes de protection instinctifs.<\/p><p>En hypnose, cette dissociation est utilis\u00e9e de mani\u00e8re contr\u00f4l\u00e9e et s\u00e9curis\u00e9e pour permettre <b>une mise \u00e0 distance temporaire<\/b>, offrant ainsi un nouvel espace d&rsquo;exploration des souvenirs. Contrairement \u00e0 la dissociation traumatique qui fige et enferme, <b>l\u2019hypnose permet de r\u00e9int\u00e9grer progressivement ces fragments du pass\u00e9<\/b>, en les rendant plus accessibles et moins envahissants.<\/p><p>Un autre grand atout de l\u2019hypnose est sa <b>capacit\u00e9 \u00e0 potentialiser d\u2019autres approches th\u00e9rapeutiques<\/b> : elle amplifie leur efficacit\u00e9 en s\u2019appuyant sur l\u2019\u00e9tat hypnotique et en les combinant avec des techniques sp\u00e9cifiques. C\u2019est pourquoi elle est souvent un outil pr\u00e9cieux dans le chemin de r\u00e9silience apr\u00e8s un trauma.<\/p><p>\u26a0\ufe0f <b>Attention toutefois<\/b> : les psychotraumas sont complexes et n\u00e9cessitent une prise en charge adapt\u00e9e. Selon leur intensit\u00e9, un accompagnement sp\u00e9cialis\u00e9 est essentiel. Une formation ad\u00e9quate des praticiens ainsi qu\u2019un suivi m\u00e9dical avec un m\u00e9decin ou un professionnel de la sant\u00e9 mentale peuvent \u00eatre n\u00e9cessaires en fonction des troubles.<\/p>\t\t\t\t\t\t\t\t<\/div>\n\t\t\t\t<\/div>\n\t\t\t\t<\/div>\n\t\t<div class=\"elementor-element elementor-element-93c5023 e-con-full e-flex e-con e-child\" data-id=\"93c5023\" data-element_type=\"container\">\n\t\t\t\t<div class=\"elementor-element elementor-element-eb69d89 elementor-widget elementor-widget-image\" data-id=\"eb69d89\" data-element_type=\"widget\" data-widget_type=\"image.default\">\n\t\t\t\t<div class=\"elementor-widget-container\">\n\t\t\t\t\t\t\t\t\t\t\t\t\t\t\t<img loading=\"lazy\" decoding=\"async\" width=\"800\" height=\"800\" src=\"https:\/\/www.hypnoseetpierres-sebastienlanotte.com\/wp-content\/uploads\/2025\/03\/Titre-1.png\" class=\"attachment-large size-large wp-image-2590\" alt=\"\" srcset=\"https:\/\/www.hypnoseetpierres-sebastienlanotte.com\/wp-content\/uploads\/2025\/03\/Titre-1.png 1024w, https:\/\/www.hypnoseetpierres-sebastienlanotte.com\/wp-content\/uploads\/2025\/03\/Titre-1-300x300.png 300w, https:\/\/www.hypnoseetpierres-sebastienlanotte.com\/wp-content\/uploads\/2025\/03\/Titre-1-150x150.png 150w, https:\/\/www.hypnoseetpierres-sebastienlanotte.com\/wp-content\/uploads\/2025\/03\/Titre-1-768x768.png 768w\" sizes=\"(max-width: 800px) 100vw, 800px\" \/>\t\t\t\t\t\t\t\t\t\t\t\t\t\t\t<\/div>\n\t\t\t\t<\/div>\n\t\t\t\t<div class=\"elementor-element elementor-element-6a7526a elementor-widget elementor-widget-text-editor\" data-id=\"6a7526a\" data-element_type=\"widget\" data-widget_type=\"text-editor.default\">\n\t\t\t\t<div class=\"elementor-widget-container\">\n\t\t\t\t\t\t\t\t\t<p>Nous sommes plus vastes que nos blessures, plus fluides que nos peurs, et plus lumineux que nos ombres. Chaque pas vers soi est un pas accompli.<br \/><strong data-start=\"152\" data-end=\"223\">La r\u00e9silience n\u2019est pas un retour en arri\u00e8re, mais une renaissance.<\/strong><br data-start=\"223\" data-end=\"226\" \/>Elle transforme les failles en passages, les chutes en forces, les ombres en lumi\u00e8re.<\/p>\t\t\t\t\t\t\t\t<\/div>\n\t\t\t\t<\/div>\n\t\t\t\t<\/div>\n\t\t\t\t\t<\/div>\n\t\t\t\t<\/div>\n\t\t<div class=\"elementor-element elementor-element-965157b e-flex e-con-boxed e-con e-parent\" data-id=\"965157b\" data-element_type=\"container\">\n\t\t\t\t\t<div class=\"e-con-inner\">\n\t\t\t\t<div class=\"elementor-element elementor-element-4eb8f1b elementor-widget elementor-widget-heading\" data-id=\"4eb8f1b\" data-element_type=\"widget\" data-widget_type=\"heading.default\">\n\t\t\t\t<div class=\"elementor-widget-container\">\n\t\t\t\t\t<h3 class=\"elementor-heading-title elementor-size-default\">Le r\u00f4le du temps dans le trauma : restaurer une continuit\u00e9<\/h3>\t\t\t\t<\/div>\n\t\t\t\t<\/div>\n\t\t\t\t<div class=\"elementor-element elementor-element-099ba96 elementor-widget elementor-widget-text-editor\" data-id=\"099ba96\" data-element_type=\"widget\" data-widget_type=\"text-editor.default\">\n\t\t\t\t<div class=\"elementor-widget-container\">\n\t\t\t\t\t\t\t\t\t<p data-start=\"70\" data-end=\"423\">Lorsqu\u2019un \u00e9v\u00e9nement a un impact fort sur notre \u00eatre, tel un psychotrauma la perception du temps peut \u00eatre alt\u00e9r\u00e9e.<\/p><p data-start=\"70\" data-end=\"423\">Le souvenir peut sembler fig\u00e9, comme si l\u2019\u00e9v\u00e9nement \u00e9tait toujours pr\u00e9sent, ou au contraire dissoci\u00e9, difficile d\u2019acc\u00e8s. Cette distorsion peut g\u00e9n\u00e9rer des r\u00e9actions \u00e9motionnelles disproportionn\u00e9es dans le pr\u00e9sent, comme si l\u2019on revivait sans cesse le pass\u00e9.<\/p><p data-start=\"425\" data-end=\"987\" data-is-last-node=\"\" data-is-only-node=\"\">Des techniques hypnotiques de <strong data-start=\"455\" data-end=\"476\">retemporalisation<\/strong>, comme le travail sur la ligne du temps ou l\u2019exploration des perceptions temporelles, permettent de r\u00e9guler ces d\u00e9calages. Elles peuvent aider \u00e0 r\u00e9int\u00e9grer l\u2019\u00e9v\u00e9nement dans le pass\u00e9, lui redonnant sa juste place et facilitant la cicatrisation \u00e9motionnelle ainsi que le retraitement des informations mn\u00e9siques. En r\u00e9tablissant une chronologie coh\u00e9rente, ces approches aident \u00e0 <strong data-start=\"853\" data-end=\"913\">d\u00e9samorcer les r\u00e9activations \u00e9motionnelles involontaires<\/strong> et \u00e0 r\u00e9inscrire l\u2019exp\u00e9rience dans une narration plus apais\u00e9e et int\u00e9gr\u00e9e.<\/p>\t\t\t\t\t\t\t\t<\/div>\n\t\t\t\t<\/div>\n\t\t\t\t\t<\/div>\n\t\t\t\t<\/div>\n\t\t<div class=\"elementor-element elementor-element-ac3adae e-flex e-con-boxed e-con e-parent\" data-id=\"ac3adae\" data-element_type=\"container\">\n\t\t\t\t\t<div class=\"e-con-inner\">\n\t\t<div class=\"elementor-element elementor-element-2d470be e-con-full e-flex e-con e-child\" data-id=\"2d470be\" data-element_type=\"container\">\n\t\t\t\t<div class=\"elementor-element elementor-element-6aaf90e elementor-widget elementor-widget-image\" data-id=\"6aaf90e\" data-element_type=\"widget\" data-widget_type=\"image.default\">\n\t\t\t\t<div class=\"elementor-widget-container\">\n\t\t\t\t\t\t\t\t\t\t\t\t\t\t\t<img loading=\"lazy\" decoding=\"async\" width=\"1024\" height=\"1024\" src=\"https:\/\/www.hypnoseetpierres-sebastienlanotte.com\/wp-content\/uploads\/2025\/03\/hypnose_desensibilisation.jpeg\" class=\"attachment-2048x2048 size-2048x2048 wp-image-2606\" alt=\"une image repr\u00e9sentant une personne entranse connect\u00e9e \u00e0 ces m\u00e9moires \u00e9motionnelles\" srcset=\"https:\/\/www.hypnoseetpierres-sebastienlanotte.com\/wp-content\/uploads\/2025\/03\/hypnose_desensibilisation.jpeg 1024w, https:\/\/www.hypnoseetpierres-sebastienlanotte.com\/wp-content\/uploads\/2025\/03\/hypnose_desensibilisation-300x300.jpeg 300w, https:\/\/www.hypnoseetpierres-sebastienlanotte.com\/wp-content\/uploads\/2025\/03\/hypnose_desensibilisation-150x150.jpeg 150w, https:\/\/www.hypnoseetpierres-sebastienlanotte.com\/wp-content\/uploads\/2025\/03\/hypnose_desensibilisation-768x768.jpeg 768w\" sizes=\"(max-width: 1024px) 100vw, 1024px\" \/>\t\t\t\t\t\t\t\t\t\t\t\t\t\t\t<\/div>\n\t\t\t\t<\/div>\n\t\t\t\t<\/div>\n\t\t<div class=\"elementor-element elementor-element-1e2dd13 e-con-full e-flex e-con e-child\" data-id=\"1e2dd13\" data-element_type=\"container\">\n\t\t\t\t<div class=\"elementor-element elementor-element-be585fc elementor-widget elementor-widget-heading\" data-id=\"be585fc\" data-element_type=\"widget\" data-widget_type=\"heading.default\">\n\t\t\t\t<div class=\"elementor-widget-container\">\n\t\t\t\t\t<h3 class=\"elementor-heading-title elementor-size-default\">Les m\u00e9moires sont vivantes<\/h3>\t\t\t\t<\/div>\n\t\t\t\t<\/div>\n\t\t\t\t<div class=\"elementor-element elementor-element-995a34c elementor-widget elementor-widget-text-editor\" data-id=\"995a34c\" data-element_type=\"widget\" data-widget_type=\"text-editor.default\">\n\t\t\t\t<div class=\"elementor-widget-container\">\n\t\t\t\t\t\t\t\t\t<p>Contrairement \u00e0 ce que l\u2019on pourrait penser, <strong>nos m\u00e9moires ne sont pas fig\u00e9es.<\/strong> Aujourd\u2019hui, nous comprenons de plus en plus qu\u2019elles sont sans cesse retravaill\u00e9es et retrait\u00e9es. <strong>Chaque fois que nous acc\u00e9dons \u00e0 nos souvenirs, nous reconstruisons en partie notre m\u00e9moire.<\/strong><\/p><p>Ce principe est essentiel en hypnose : pour changer nos fa\u00e7ons de fonctionner dans le pr\u00e9sent, nous pouvons interagir avec nos m\u00e9moires. Ce processus se fait d\u00e9j\u00e0 naturellement, mais les \u00e9tats modifi\u00e9s de conscience mobilis\u00e9s en hypnose permettent de le faciliter et de l&rsquo;amplifier. Gr\u00e2ce \u00e0 des techniques comme la r\u00e9implantation de ressources (redirection de l\u2019histoire de vie) ou la d\u00e9sensibilisation, l\u2019hypnose <strong>peut modifier tr\u00e8s efficacement l\u2019impact \u00e9motionnel des souvenirs pass\u00e9s.<\/strong> Cela est particuli\u00e8rement utile pour apaiser les cons\u00e9quences d\u2019un choc traumatique.<\/p><h4><strong>\u26a0\ufe0f Point de vigilance<\/strong><\/h4><p>Comme la m\u00e9moire est mall\u00e9able, il est tr\u00e8s facile de recr\u00e9er un faux souvenir \u2013 ce que nous faisons d\u2019ailleurs d\u00e9j\u00e0 naturellement. C\u2019est pourquoi on ne cherche jamais \u00e0 v\u00e9rifier la v\u00e9racit\u00e9 d\u2019un souvenir avec l\u2019hypnose, car cela pourrait entra\u00eener la fabrication involontaire d\u2019un souvenir qui n\u2019a jamais exist\u00e9.<\/p><p>De la m\u00eame mani\u00e8re,<strong> un praticien \u00e9thique en hypnose n\u2019essaiera jamais de cr\u00e9er un faux souvenir.<\/strong> L\u2019objectif n\u2019est pas de modifier la r\u00e9alit\u00e9 des faits, mais de transformer l\u2019impact \u00e9motionnel qu\u2019ils ont sur nous<b>.<\/b><\/p>\t\t\t\t\t\t\t\t<\/div>\n\t\t\t\t<\/div>\n\t\t\t\t<\/div>\n\t\t<div class=\"elementor-element elementor-element-a0c6152 e-con-full e-flex e-con e-child\" data-id=\"a0c6152\" data-element_type=\"container\">\n\t\t\t\t<div class=\"elementor-element elementor-element-5c807c8 elementor-widget elementor-widget-heading\" data-id=\"5c807c8\" data-element_type=\"widget\" data-widget_type=\"heading.default\">\n\t\t\t\t<div class=\"elementor-widget-container\">\n\t\t\t\t\t<h3 class=\"elementor-heading-title elementor-size-default\">D\u00e9sensibilisation et int\u00e9gration \u00e9motionnelle<\/h3>\t\t\t\t<\/div>\n\t\t\t\t<\/div>\n\t\t\t\t<div class=\"elementor-element elementor-element-0c1d9ce elementor-widget elementor-widget-text-editor\" data-id=\"0c1d9ce\" data-element_type=\"widget\" data-widget_type=\"text-editor.default\">\n\t\t\t\t<div class=\"elementor-widget-container\">\n\t\t\t\t\t\t\t\t\t<p data-start=\"296\" data-end=\"351\">\u00a0L\u2019hypnose propose plusieurs approches permettant de <strong data-start=\"405\" data-end=\"472\">d\u00e9sensibiliser la charge \u00e9motionnelle d\u2019un souvenir traumatique<\/strong> tout en facilitant son int\u00e9gration de mani\u00e8re apais\u00e9e.<\/p><p data-start=\"531\" data-end=\"951\">Elle s\u2019appuie notamment sur la <strong data-start=\"562\" data-end=\"585\">double dissociation<\/strong>, qui permet de prendre du recul face \u00e0 un souvenir douloureux, et sur la <strong data-start=\"659\" data-end=\"685\">mise entre parenth\u00e8ses<\/strong>, qui aide \u00e0 att\u00e9nuer son impact \u00e9motionnel dans le pr\u00e9sent. \u00c0 l\u2019inverse, certaines approches cathartiques, comme l\u2019<strong data-start=\"801\" data-end=\"815\">abr\u00e9action<\/strong>, permettent une <strong data-start=\"832\" data-end=\"879\">lib\u00e9ration contr\u00f4l\u00e9e des \u00e9motions refoul\u00e9es<\/strong> dans un cadre s\u00e9curis\u00e9, favorisant ainsi un apaisement en profondeur.<\/p><p data-start=\"953\" data-end=\"1378\">L\u2019hypnose peut \u00e9galement <strong data-start=\"978\" data-end=\"995\">potentialiser<\/strong> des techniques de d\u00e9sensibilisation \u00e9prouv\u00e9es comme l\u2019<strong data-start=\"1050\" data-end=\"1064\">EMDR\/RITMO<\/strong> (Eye Movement Desensitization and Reprocessing) et l\u2019<strong data-start=\"1118\" data-end=\"1125\">EFT<\/strong> (Emotional Freedom Techniques). Ces m\u00e9thodes, bas\u00e9es sur des <strong data-start=\"1187\" data-end=\"1215\">stimulations bilat\u00e9rales<\/strong> (mouvements oculaires, tapotements, sons altern\u00e9s), facilitent le retraitement des souvenirs traumatiques et r\u00e9duisent progressivement leur charge \u00e9motionnelle.<\/p><p data-start=\"1380\" data-end=\"1585\">En combinant ces diff\u00e9rentes approches, <strong data-start=\"1420\" data-end=\"1478\">l\u2019hypnose devient un levier puissant de transformation<\/strong>, permettant une <strong data-start=\"1495\" data-end=\"1582\">r\u00e9conciliation avec son v\u00e9cu et une int\u00e9gration plus fluide des exp\u00e9riences pass\u00e9es<\/strong>.<\/p>\t\t\t\t\t\t\t\t<\/div>\n\t\t\t\t<\/div>\n\t\t\t\t<\/div>\n\t\t\t\t\t<\/div>\n\t\t\t\t<\/div>\n\t\t<div class=\"elementor-element elementor-element-ba8e750 e-flex e-con-boxed e-con e-parent\" data-id=\"ba8e750\" data-element_type=\"container\">\n\t\t\t\t\t<div class=\"e-con-inner\">\n\t\t<div class=\"elementor-element elementor-element-2aefe2b e-con-full e-flex e-con e-child\" data-id=\"2aefe2b\" data-element_type=\"container\">\n\t\t\t\t<div class=\"elementor-element elementor-element-3861831 elementor-widget elementor-widget-heading\" data-id=\"3861831\" data-element_type=\"widget\" data-widget_type=\"heading.default\">\n\t\t\t\t<div class=\"elementor-widget-container\">\n\t\t\t\t\t<h3 class=\"elementor-heading-title elementor-size-default\">Traumatismes de l\u2019enfance : reconstruire ce qui a \u00e9t\u00e9 entrav\u00e9<\/h3>\t\t\t\t<\/div>\n\t\t\t\t<\/div>\n\t\t\t\t<div class=\"elementor-element elementor-element-fd46c3a elementor-widget elementor-widget-text-editor\" data-id=\"fd46c3a\" data-element_type=\"widget\" data-widget_type=\"text-editor.default\">\n\t\t\t\t<div class=\"elementor-widget-container\">\n\t\t\t\t\t\t\t\t\t<p>Lorsqu\u2019un trauma survient pendant l\u2019enfance, il peut entraver le d\u00e9veloppement affectif, cognitif et relationnel de l\u2019enfant. Ces blessures peuvent se r\u00e9percuter \u00e0 l\u2019\u00e2ge adulte sous forme de sch\u00e9mas limitants, de difficult\u00e9s \u00e9motionnelles ou de troubles de l\u2019attachement.<\/p><p>L\u2019hypnose aide \u00e0 :<\/p><ul><li aria-level=\"1\"><b>Identifier et combler les manques<\/b> laiss\u00e9s par ces exp\u00e9riences pr\u00e9coces.<\/li><li aria-level=\"1\"><b>R\u00e9activer des ressources<\/b> qui n\u2019ont pas pu se d\u00e9velopper \u00e0 l\u2019\u00e9poque.<\/li><li aria-level=\"1\"><b>Favoriser une r\u00e9conciliation int\u00e9rieure<\/b>, en reconnectant l\u2019adulte d\u2019aujourd\u2019hui avec l\u2019enfant qu\u2019il a \u00e9t\u00e9.<\/li><li aria-level=\"1\">\u00a0<\/li><\/ul><p>Gr\u00e2ce \u00e0 un travail en profondeur, ces reconstructions permettent d\u2019int\u00e9grer des exp\u00e9riences de soutien et de protection qui font d\u00e9faut dans le pass\u00e9, favorisant ainsi une meilleure stabilit\u00e9 \u00e9motionnelle.<\/p>\t\t\t\t\t\t\t\t<\/div>\n\t\t\t\t<\/div>\n\t\t\t\t<\/div>\n\t\t<div class=\"elementor-element elementor-element-ff683f1 e-con-full e-flex e-con e-child\" data-id=\"ff683f1\" data-element_type=\"container\">\n\t\t\t\t<\/div>\n\t\t\t\t\t<\/div>\n\t\t\t\t<\/div>\n\t\t<div class=\"elementor-element elementor-element-ed64d73 e-flex e-con-boxed e-con e-parent\" data-id=\"ed64d73\" data-element_type=\"container\">\n\t\t\t\t\t<div class=\"e-con-inner\">\n\t\t\t\t<div class=\"elementor-element elementor-element-8343b76 elementor-widget elementor-widget-heading\" data-id=\"8343b76\" data-element_type=\"widget\" data-widget_type=\"heading.default\">\n\t\t\t\t<div class=\"elementor-widget-container\">\n\t\t\t\t\t<h2 class=\"elementor-heading-title elementor-size-default\">Conclusion : l'hypnose sur le chemin de la r\u00e9silience <\/h2>\t\t\t\t<\/div>\n\t\t\t\t<\/div>\n\t\t\t\t<div class=\"elementor-element elementor-element-b3c576e elementor-widget elementor-widget-text-editor\" data-id=\"b3c576e\" data-element_type=\"widget\" data-widget_type=\"text-editor.default\">\n\t\t\t\t<div class=\"elementor-widget-container\">\n\t\t\t\t\t\t\t\t\t<p>\u00a0L\u2019hypnose se r\u00e9v\u00e8le \u00eatre un outil puissant et polyvalent pour le travail des m\u00e9moires traumatiques. Elle offre \u00e0 la fois un <b>cadre s\u00e9curisant<\/b>, des <b>techniques d\u2019int\u00e9gration efficaces<\/b> et une <b>capacit\u00e9 d\u2019amplification des autres approches th\u00e9rapeutiques<\/b>.<\/p><p>En r\u00e9gulant les perceptions du temps, en facilitant la d\u00e9sensibilisation \u00e9motionnelle et en permettant une r\u00e9\u00e9criture symbolique des souvenirs, elle accompagne chaque individu vers une transformation en profondeur.<br \/><br \/>\u26a0 <strong data-start=\"275\" data-end=\"368\">Le syndrome de stress post-traumatique (SSPT\/TSPT) est une condition complexe et intense.<\/strong><br data-start=\"368\" data-end=\"371\" \/>Selon son intensit\u00e9, il peut n\u00e9cessiter un <strong data-start=\"414\" data-end=\"442\">suivi pluridisciplinaire<\/strong> et un encadrement par un <strong data-start=\"468\" data-end=\"494\">professionnel de sant\u00e9<\/strong> (psychiatre, psychologue, m\u00e9decin). Un <strong data-start=\"534\" data-end=\"594\">praticien en hypnose n\u2019est pas un professionnel de sant\u00e9<\/strong> et ne peut pas, \u00e0 lui seul, assurer une prise en charge compl\u00e8te de ce trouble.<\/p>\t\t\t\t\t\t\t\t<\/div>\n\t\t\t\t<\/div>\n\t\t\t\t\t<\/div>\n\t\t\t\t<\/div>\n\t\t<div class=\"elementor-element elementor-element-5b9fe54 e-flex e-con-boxed e-con e-parent\" data-id=\"5b9fe54\" data-element_type=\"container\">\n\t\t\t\t\t<div class=\"e-con-inner\">\n\t\t<div class=\"elementor-element elementor-element-216f4cd e-con-full e-flex e-con e-child\" data-id=\"216f4cd\" data-element_type=\"container\">\n\t\t\t\t<div class=\"elementor-element elementor-element-4bfc6ed elementor-widget elementor-widget-image\" data-id=\"4bfc6ed\" data-element_type=\"widget\" data-widget_type=\"image.default\">\n\t\t\t\t<div class=\"elementor-widget-container\">\n\t\t\t\t\t\t\t\t\t\t\t\t\t\t\t<img loading=\"lazy\" decoding=\"async\" width=\"800\" height=\"800\" src=\"https:\/\/www.hypnoseetpierres-sebastienlanotte.com\/wp-content\/uploads\/2025\/02\/HYPNOSE-ET-PIERRES_LOGO-V3_DECLI-06-1024x1024.png\" class=\"attachment-large size-large wp-image-1952\" alt=\"\" srcset=\"https:\/\/www.hypnoseetpierres-sebastienlanotte.com\/wp-content\/uploads\/2025\/02\/HYPNOSE-ET-PIERRES_LOGO-V3_DECLI-06-1024x1024.png 1024w, https:\/\/www.hypnoseetpierres-sebastienlanotte.com\/wp-content\/uploads\/2025\/02\/HYPNOSE-ET-PIERRES_LOGO-V3_DECLI-06-300x300.png 300w, https:\/\/www.hypnoseetpierres-sebastienlanotte.com\/wp-content\/uploads\/2025\/02\/HYPNOSE-ET-PIERRES_LOGO-V3_DECLI-06-150x150.png 150w, https:\/\/www.hypnoseetpierres-sebastienlanotte.com\/wp-content\/uploads\/2025\/02\/HYPNOSE-ET-PIERRES_LOGO-V3_DECLI-06-768x768.png 768w, https:\/\/www.hypnoseetpierres-sebastienlanotte.com\/wp-content\/uploads\/2025\/02\/HYPNOSE-ET-PIERRES_LOGO-V3_DECLI-06.png 1338w\" sizes=\"(max-width: 800px) 100vw, 800px\" \/>\t\t\t\t\t\t\t\t\t\t\t\t\t\t\t<\/div>\n\t\t\t\t<\/div>\n\t\t\t\t<div class=\"elementor-element elementor-element-45d8dfe elementor-align-center elementor-widget elementor-widget-button\" data-id=\"45d8dfe\" data-element_type=\"widget\" data-widget_type=\"button.default\">\n\t\t\t\t<div class=\"elementor-widget-container\">\n\t\t\t\t\t\t\t\t\t<div class=\"elementor-button-wrapper\">\n\t\t\t\t\t<a class=\"elementor-button elementor-button-link elementor-size-sm\" href=\"https:\/\/www.resalib.fr\/praticien\/56232-sebastien-lanotte-hypnotherapeute-etival-clairefontaine\" target=\"_blank\">\n\t\t\t\t\t\t<span class=\"elementor-button-content-wrapper\">\n\t\t\t\t\t\t\t\t\t<span class=\"elementor-button-text\">Prenez rendez-vous<\/span>\n\t\t\t\t\t<\/span>\n\t\t\t\t\t<\/a>\n\t\t\t\t<\/div>\n\t\t\t\t\t\t\t\t<\/div>\n\t\t\t\t<\/div>\n\t\t\t\t<\/div>\n\t\t<div class=\"elementor-element elementor-element-5eebc4d e-con-full e-flex e-con e-child\" data-id=\"5eebc4d\" data-element_type=\"container\">\n\t\t\t\t<div class=\"elementor-element elementor-element-9bafff6 elementor-widget elementor-widget-heading\" data-id=\"9bafff6\" data-element_type=\"widget\" data-widget_type=\"heading.default\">\n\t\t\t\t<div class=\"elementor-widget-container\">\n\t\t\t\t\t<h2 class=\"elementor-heading-title elementor-size-default\">Ma pratique de l\u2019hypnose et l\u2019accompagnement de la r\u00e9silience face aux traumatismes<\/h2>\t\t\t\t<\/div>\n\t\t\t\t<\/div>\n\t\t\t\t<div class=\"elementor-element elementor-element-0b21f8e elementor-widget elementor-widget-text-editor\" data-id=\"0b21f8e\" data-element_type=\"widget\" data-widget_type=\"text-editor.default\">\n\t\t\t\t<div class=\"elementor-widget-container\">\n\t\t\t\t\t\t\t\t\t<p>D\u00e8s mes d\u00e9buts en hypnose d\u2019accompagnement, j\u2019ai rapidement \u00e9t\u00e9 confront\u00e9 au psychotrauma. Tr\u00e8s souvent, les personnes que j\u2019accompagne me livrent des moments <b>choquants et d\u00e9stabilisants<\/b> de leur vie.<\/p><p>Lors de ma formation, j\u2019ai \u00e9t\u00e9 initi\u00e9 aux techniques de <b>d\u00e9sensibilisation et de redirection d\u2019histoire de vie<\/b>, ainsi qu\u2019\u00e0 une posture \u00e9thique permettant d\u2019accueillir ces r\u00e9cits avec bienveillance et justesse. Cependant, j\u2019ai ressenti tr\u00e8s vite le <b>besoin d\u2019approfondir mes connaissances<\/b>, ce que j\u2019ai fait et continue \u00e0 faire.<\/p><p>Aujourd\u2019hui, dans ma pratique, <b>je m\u2019inspire des approches que j\u2019ai mentionn\u00e9 dans cet article<\/b> et j\u2019adapte mes techniques en fonction des personnes, de leurs demandes et de l\u2019intensit\u00e9 de leur v\u00e9cu. Mon objectif est <b>d\u2019accompagner chacun sur son chemin de r\u00e9silience et de reconstruction<\/b>, avec des outils adapt\u00e9s \u00e0 leur situation.<\/p><p>\u26a0 <b>Un point essentiel<\/b> : Je suis <b>praticien en hypnose<\/b>, mais je ne suis pas un professionnel de la sant\u00e9 mentale. Selon l\u2019intensit\u00e9 du traumatisme, <b>mon accompagnement peut venir en compl\u00e9ment d\u2019un suivi m\u00e9dical<\/b>, mais ne s\u2019y substitue pas. Dans certains cas, si je juge que la probl\u00e9matique d\u00e9passe mon champ de comp\u00e9tence, je peux rediriger vers un professionnel plus adapt\u00e9\u00a0 ou conditionner mon accompagnement \u00e0 un suivi m\u00e9dical appropri\u00e9.<\/p>\t\t\t\t\t\t\t\t<\/div>\n\t\t\t\t<\/div>\n\t\t\t\t<\/div>\n\t\t\t\t\t<\/div>\n\t\t\t\t<\/div>\n\t\t<div class=\"elementor-element elementor-element-91d1275 e-flex e-con-boxed e-con e-parent\" data-id=\"91d1275\" data-element_type=\"container\">\n\t\t\t\t\t<div class=\"e-con-inner\">\n\t\t\t\t<div class=\"elementor-element elementor-element-e426a42 elementor-widget elementor-widget-image\" data-id=\"e426a42\" data-element_type=\"widget\" data-widget_type=\"image.default\">\n\t\t\t\t<div class=\"elementor-widget-container\">\n\t\t\t\t\t\t\t\t\t\t\t\t\t\t\t<img loading=\"lazy\" decoding=\"async\" width=\"800\" height=\"449\" src=\"https:\/\/www.hypnoseetpierres-sebastienlanotte.com\/wp-content\/uploads\/2025\/02\/Leonardo_Anime_XL_A_comic_style_image_In_the_foreground_a_skid_0-1024x575.jpg\" class=\"attachment-large size-large wp-image-2376\" alt=\"les travaux forestier laisse des impacts dans la forets tel des psychotraumas\" srcset=\"https:\/\/www.hypnoseetpierres-sebastienlanotte.com\/wp-content\/uploads\/2025\/02\/Leonardo_Anime_XL_A_comic_style_image_In_the_foreground_a_skid_0-1024x575.jpg 1024w, https:\/\/www.hypnoseetpierres-sebastienlanotte.com\/wp-content\/uploads\/2025\/02\/Leonardo_Anime_XL_A_comic_style_image_In_the_foreground_a_skid_0-300x168.jpg 300w, https:\/\/www.hypnoseetpierres-sebastienlanotte.com\/wp-content\/uploads\/2025\/02\/Leonardo_Anime_XL_A_comic_style_image_In_the_foreground_a_skid_0-768x431.jpg 768w, https:\/\/www.hypnoseetpierres-sebastienlanotte.com\/wp-content\/uploads\/2025\/02\/Leonardo_Anime_XL_A_comic_style_image_In_the_foreground_a_skid_0.jpg 1368w\" sizes=\"(max-width: 800px) 100vw, 800px\" \/>\t\t\t\t\t\t\t\t\t\t\t\t\t\t\t<\/div>\n\t\t\t\t<\/div>\n\t\t\t\t<div class=\"elementor-element elementor-element-cb7357f elementor-widget elementor-widget-heading\" data-id=\"cb7357f\" data-element_type=\"widget\" data-widget_type=\"heading.default\">\n\t\t\t\t<div class=\"elementor-widget-container\">\n\t\t\t\t\t<h2 class=\"elementor-heading-title elementor-size-default\">L\u00e0 o\u00f9 c\u2019\u00e9tait bris\u00e9<\/h2>\t\t\t\t<\/div>\n\t\t\t\t<\/div>\n\t\t\t\t<div class=\"elementor-element elementor-element-4058051 elementor-widget elementor-widget-text-editor\" data-id=\"4058051\" data-element_type=\"widget\" data-widget_type=\"text-editor.default\">\n\t\t\t\t<div class=\"elementor-widget-container\">\n\t\t\t\t\t\t\t\t\t<p><a href=\"https:\/\/www.hypnoseetpierres-sebastienlanotte.com\/index.php\/2025\/03\/08\/psychotrauma-et-guerison-de-la-violence-a-la-resilienc\/\">Dans le premier article<\/a> sur le psychotrauma, je t\u2019ai parl\u00e9 de cette for\u00eat bless\u00e9e par l\u2019exploitation humaine.<br \/>Un vrai carnage.<br \/>La violence brute, le manque de soin, l\u2019oubli du vivant.<br \/>Les machines avaient \u00e9ventr\u00e9 le sol, creusant de profondes orni\u00e8res. Des traces durables, visibles encore longtemps apr\u00e8s le passage.<\/p><p>Et puis, quelques d\u00e9cennies plus tard, je suis retourn\u00e9 l\u00e0-bas.<\/p><p>La vie avait repris.<br \/>Mais pas seulement repris : elle avait transform\u00e9.<br \/>Les orni\u00e8res \u00e9taient devenues des mares. Des oasis.<br \/>Des lieux foisonnants o\u00f9 cohabitaient grenouilles, insectes et libellules.<br \/>Sans ces blessures, il n\u2019y aurait jamais eu de telles poches de vie \u00e0 cet endroit.<\/p><p>Ce qui a \u00e9t\u00e9 fait\u2026 a \u00e9t\u00e9 fait.<br \/>Oui, l\u2019humain peut \u00eatre violent.<br \/>La vie aussi.<br \/>Mais dans toute cette brutalit\u00e9, dans toutes ces failles,<br \/>il y a une force immense, silencieuse,<br \/>celle de la r\u00e9silience.<\/p><p>On ne peut pas effacer ce qui a \u00e9t\u00e9 v\u00e9cu.<br \/>Mais on peut, avec le vivant,<br \/>reconstruire.<br \/>Diff\u00e9remment.<br \/>Laisser \u00e9merger autre chose.<br \/>Quelque chose qui na\u00eet, l\u00e0 m\u00eame o\u00f9 c\u2019\u00e9tait bris\u00e9.<\/p>\t\t\t\t\t\t\t\t<\/div>\n\t\t\t\t<\/div>\n\t\t\t\t<div class=\"elementor-element elementor-element-df88f14 elementor-widget elementor-widget-image\" data-id=\"df88f14\" data-element_type=\"widget\" data-widget_type=\"image.default\">\n\t\t\t\t<div class=\"elementor-widget-container\">\n\t\t\t\t\t\t\t\t\t\t\t\t\t\t\t<img loading=\"lazy\" decoding=\"async\" width=\"800\" height=\"800\" src=\"https:\/\/www.hypnoseetpierres-sebastienlanotte.com\/wp-content\/uploads\/2025\/03\/forest_regeneration_image.jpeg\" class=\"attachment-large size-large wp-image-2442\" alt=\"une foret r\u00e9siliente qui accueille la vie apr\u00e8s avoir \u00e9t\u00e9 devast\u00e9e, quelque d\u00e9c\u00e9nnies plus tard les orni\u00e8res ont \u00e9t\u00e9 remplac\u00e9e par des marres plein de vie.\" srcset=\"https:\/\/www.hypnoseetpierres-sebastienlanotte.com\/wp-content\/uploads\/2025\/03\/forest_regeneration_image.jpeg 1024w, https:\/\/www.hypnoseetpierres-sebastienlanotte.com\/wp-content\/uploads\/2025\/03\/forest_regeneration_image-300x300.jpeg 300w, https:\/\/www.hypnoseetpierres-sebastienlanotte.com\/wp-content\/uploads\/2025\/03\/forest_regeneration_image-150x150.jpeg 150w, https:\/\/www.hypnoseetpierres-sebastienlanotte.com\/wp-content\/uploads\/2025\/03\/forest_regeneration_image-768x768.jpeg 768w\" sizes=\"(max-width: 800px) 100vw, 800px\" \/>\t\t\t\t\t\t\t\t\t\t\t\t\t\t\t<\/div>\n\t\t\t\t<\/div>\n\t\t\t\t<div class=\"elementor-element elementor-element-a7408c3 elementor-widget elementor-widget-heading\" data-id=\"a7408c3\" data-element_type=\"widget\" data-widget_type=\"heading.default\">\n\t\t\t\t<div class=\"elementor-widget-container\">\n\t\t\t\t\t<h3 class=\"elementor-heading-title elementor-size-default\">La r\u00e9silience comme force du vivant et de l\u2019\u00e9volution\n\n<\/h3>\t\t\t\t<\/div>\n\t\t\t\t<\/div>\n\t\t\t\t<div class=\"elementor-element elementor-element-b8f102d elementor-widget elementor-widget-text-editor\" data-id=\"b8f102d\" data-element_type=\"widget\" data-widget_type=\"text-editor.default\">\n\t\t\t\t<div class=\"elementor-widget-container\">\n\t\t\t\t\t\t\t\t\t<p>Il y a des chemins que seule la vie sait tracer, jusque dans les orni\u00e8res oubli\u00e9es.<br \/>Parfois, ce que l\u2019on croyait perdu devient le berceau du renouveau.<\/p><p>Et je le sais : quand on souffre des s\u00e9quelles de cette violence, cela peut \u00eatre difficile \u00e0 entendre.<br \/>Mais pour l\u2019avoir v\u00e9cu, pour l\u2019avoir accompagn\u00e9, je crois profond\u00e9ment en cela.<\/p><p>Il n\u2019y a pas \u2014 ou si peu \u2014 de vie humaine qui ne soit travers\u00e9e par la difficult\u00e9.<br \/>Mais il y a, en chacun de nous, une magie.<br \/>Une force peut-\u00eatre semblable \u00e0 celle qui fait tourner la plan\u00e8te, br\u00fbler les \u00e9toiles<br \/>et germer la graine du renouveau.<\/p>\t\t\t\t\t\t\t\t<\/div>\n\t\t\t\t<\/div>\n\t\t\t\t\t<\/div>\n\t\t\t\t<\/div>\n\t\t<div class=\"elementor-element elementor-element-29f4750 e-flex e-con-boxed e-con e-parent\" data-id=\"29f4750\" data-element_type=\"container\" data-settings=\"{&quot;background_background&quot;:&quot;classic&quot;}\">\n\t\t\t\t\t<div class=\"e-con-inner\">\n\t\t<div class=\"elementor-element elementor-element-73f99abe e-con-full e-flex e-con e-child\" data-id=\"73f99abe\" data-element_type=\"container\">\n\t\t<div class=\"elementor-element elementor-element-249a2f1d e-con-full e-flex e-con e-child\" data-id=\"249a2f1d\" data-element_type=\"container\">\n\t\t\t\t<div class=\"elementor-element elementor-element-116f56e2 elementor-widget elementor-widget-heading\" data-id=\"116f56e2\" data-element_type=\"widget\" data-widget_type=\"heading.default\">\n\t\t\t\t<div class=\"elementor-widget-container\">\n\t\t\t\t\t<h2 class=\"elementor-heading-title elementor-size-default\">A propos de moi.<\/h2>\t\t\t\t<\/div>\n\t\t\t\t<\/div>\n\t\t\t\t<div class=\"elementor-element elementor-element-4906255f elementor-widget elementor-widget-image\" data-id=\"4906255f\" data-element_type=\"widget\" data-widget_type=\"image.default\">\n\t\t\t\t<div class=\"elementor-widget-container\">\n\t\t\t\t\t\t\t\t\t\t\t\t\t\t\t<img loading=\"lazy\" decoding=\"async\" width=\"300\" height=\"300\" src=\"https:\/\/www.hypnoseetpierres-sebastienlanotte.com\/wp-content\/uploads\/2025\/02\/sebastien-lanotte-hypnose-et-pierres-300x300.png\" class=\"attachment-medium size-medium wp-image-2085\" alt=\"\" srcset=\"https:\/\/www.hypnoseetpierres-sebastienlanotte.com\/wp-content\/uploads\/2025\/02\/sebastien-lanotte-hypnose-et-pierres-300x300.png 300w, https:\/\/www.hypnoseetpierres-sebastienlanotte.com\/wp-content\/uploads\/2025\/02\/sebastien-lanotte-hypnose-et-pierres-150x150.png 150w, https:\/\/www.hypnoseetpierres-sebastienlanotte.com\/wp-content\/uploads\/2025\/02\/sebastien-lanotte-hypnose-et-pierres-768x768.png 768w, https:\/\/www.hypnoseetpierres-sebastienlanotte.com\/wp-content\/uploads\/2025\/02\/sebastien-lanotte-hypnose-et-pierres.png 1024w\" sizes=\"(max-width: 300px) 100vw, 300px\" \/>\t\t\t\t\t\t\t\t\t\t\t\t\t\t\t<\/div>\n\t\t\t\t<\/div>\n\t\t\t\t<div class=\"elementor-element elementor-element-30d47362 elementor-widget elementor-widget-text-editor\" data-id=\"30d47362\" data-element_type=\"widget\" data-widget_type=\"text-editor.default\">\n\t\t\t\t<div class=\"elementor-widget-container\">\n\t\t\t\t\t\t\t\t\t<p>Je suis <b>S\u00e9bastien Lanotte<\/b>, hypnoth\u00e9rapeute et gemmologue, passionn\u00e9 par la vie et avide de d\u00e9couvertes. Depuis des d\u00e9cennies, j\u2019explore et j\u2019apprends chaque jour, m\u00ealant <b>psychologie et \u00e9nerg\u00e9tique, tradition et science, corps et esprit<\/b>. J\u2019aime cr\u00e9er <b>des ponts entre ces mondes<\/b> pour mieux comprendre l\u2019humain et ses transformations.<\/p><p>\ud83d\udcac <b>Curieux de vos ressentis et exp\u00e9riences, j\u2019adorerais \u00e9changer avec vous ici ou sur les r\u00e9seaux.<\/b><\/p>\t\t\t\t\t\t\t\t<\/div>\n\t\t\t\t<\/div>\n\t\t\t\t<\/div>\n\t\t\t\t<\/div>\n\t\t<div class=\"elementor-element elementor-element-22827eaa e-con-full e-flex e-con e-child\" data-id=\"22827eaa\" data-element_type=\"container\">\n\t\t\t\t<div class=\"elementor-element elementor-element-3ae3dcbf elementor-widget elementor-widget-image\" data-id=\"3ae3dcbf\" data-element_type=\"widget\" data-widget_type=\"image.default\">\n\t\t\t\t<div class=\"elementor-widget-container\">\n\t\t\t\t\t\t\t\t\t\t\t\t\t\t\t<img loading=\"lazy\" decoding=\"async\" width=\"300\" height=\"300\" src=\"https:\/\/www.hypnoseetpierres-sebastienlanotte.com\/wp-content\/uploads\/2025\/02\/HYPNOSE-ET-PIERRES_LOGO-V3_DECLI-06-300x300.png\" class=\"attachment-medium size-medium wp-image-1952\" alt=\"\" srcset=\"https:\/\/www.hypnoseetpierres-sebastienlanotte.com\/wp-content\/uploads\/2025\/02\/HYPNOSE-ET-PIERRES_LOGO-V3_DECLI-06-300x300.png 300w, https:\/\/www.hypnoseetpierres-sebastienlanotte.com\/wp-content\/uploads\/2025\/02\/HYPNOSE-ET-PIERRES_LOGO-V3_DECLI-06-1024x1024.png 1024w, https:\/\/www.hypnoseetpierres-sebastienlanotte.com\/wp-content\/uploads\/2025\/02\/HYPNOSE-ET-PIERRES_LOGO-V3_DECLI-06-150x150.png 150w, https:\/\/www.hypnoseetpierres-sebastienlanotte.com\/wp-content\/uploads\/2025\/02\/HYPNOSE-ET-PIERRES_LOGO-V3_DECLI-06-768x768.png 768w, https:\/\/www.hypnoseetpierres-sebastienlanotte.com\/wp-content\/uploads\/2025\/02\/HYPNOSE-ET-PIERRES_LOGO-V3_DECLI-06.png 1338w\" sizes=\"(max-width: 300px) 100vw, 300px\" \/>\t\t\t\t\t\t\t\t\t\t\t\t\t\t\t<\/div>\n\t\t\t\t<\/div>\n\t\t\t\t<div class=\"elementor-element elementor-element-6f7c5f5b elementor-align-center elementor-widget elementor-widget-button\" data-id=\"6f7c5f5b\" data-element_type=\"widget\" data-widget_type=\"button.default\">\n\t\t\t\t<div class=\"elementor-widget-container\">\n\t\t\t\t\t\t\t\t\t<div class=\"elementor-button-wrapper\">\n\t\t\t\t\t<a class=\"elementor-button elementor-button-link elementor-size-sm\" href=\"https:\/\/www.resalib.fr\/praticien\/56232-sebastien-lanotte-hypnotherapeute-etival-clairefontaine\" target=\"_blank\">\n\t\t\t\t\t\t<span class=\"elementor-button-content-wrapper\">\n\t\t\t\t\t\t\t\t\t<span class=\"elementor-button-text\">Prenez rendez-vous<\/span>\n\t\t\t\t\t<\/span>\n\t\t\t\t\t<\/a>\n\t\t\t\t<\/div>\n\t\t\t\t\t\t\t\t<\/div>\n\t\t\t\t<\/div>\n\t\t\t\t<div class=\"elementor-element elementor-element-16e3232e elementor-widget elementor-widget-text-editor\" data-id=\"16e3232e\" data-element_type=\"widget\" data-widget_type=\"text-editor.default\">\n\t\t\t\t<div class=\"elementor-widget-container\">\n\t\t\t\t\t\t\t\t\t<p>S\u00e9ances d\u2019hypnose moderne, sur rendez-vous \u00e0 mon cabinet, \u00c9tival-Clairefontaine, pr\u00e8s de Saint-Di\u00e9-des-Vosges, ou en visioconf\u00e9rence<\/p>\t\t\t\t\t\t\t\t<\/div>\n\t\t\t\t<\/div>\n\t\t\t\t<\/div>\n\t\t\t\t\t<\/div>\n\t\t\t\t<\/div>\n\t\t<div class=\"elementor-element elementor-element-b8f444d e-flex e-con-boxed e-con e-parent\" data-id=\"b8f444d\" data-element_type=\"container\">\n\t\t\t\t\t<div class=\"e-con-inner\">\n\t\t<div class=\"elementor-element elementor-element-2eb359c e-con-full e-flex e-con e-child\" data-id=\"2eb359c\" data-element_type=\"container\">\n\t\t\t\t<div class=\"elementor-element elementor-element-6e6f06b elementor-widget elementor-widget-text-editor\" data-id=\"6e6f06b\" data-element_type=\"widget\" data-widget_type=\"text-editor.default\">\n\t\t\t\t<div class=\"elementor-widget-container\">\n\t\t\t\t\t\t\t\t\t<p><a href=\"https:\/\/www.hypnoseetpierres-sebastienlanotte.com\/index.php\/hypnose-et-pierres-le-blog\/\">Ce blog<\/a> est un <strong>espace d\u2019exploration et de transmission<\/strong>, o\u00f9 je partage des r\u00e9flexions, des outils et des perspectives <strong>pour mieux se comprendre et \u00e9voluer vers plus d\u2019harmonie et de paix int\u00e9rieure.<\/strong><\/p><p>Chaque article est<a href=\"https:\/\/www.hypnoseetpierres-sebastienlanotte.com\/index.php\/2025\/02\/12\/un-voyage-a-travers-la-matiere\/\"> <strong>le fruit de mon propre cheminement<\/strong>,<\/a> m\u00ealant <strong><a href=\"https:\/\/www.hypnoseetpierres-sebastienlanotte.com\/\">mon exp\u00e9rience d\u2019accompagnant,<\/a> ma qu\u00eate en tant qu\u2019humain dans ce 21\u1d49 si\u00e8cle<\/strong>, et <strong>l\u2019appui de l\u2019intelligence artificielle comme un partenaire cr\u00e9atif.<\/strong> L\u2019IA m\u2019aide \u00e0 <strong>structurer, approfondir et affiner mes id\u00e9es<\/strong>, mais <strong>chaque mot ici est pens\u00e9, ressenti et \u00e9crit avec mon intention.<\/strong><\/p><p><strong>Mon objectif ?<\/strong> Partager <strong>mes apprentissages, mes r\u00e9flexions et mes d\u00e9couvertes<\/strong>, offrir <strong>des cl\u00e9s de compr\u00e9hension et d\u2019exploration int\u00e9rieure<\/strong>, <strong>toujours dans une approche humaine, incarn\u00e9e et authentique.<\/strong><\/p><p>\ud83d\udd39 Si cet article vous a parl\u00e9, partagez-le ou laissez un commentaire !<br \/>\ud83d\udce9 Recevez mes futures publications directement dans votre bo\u00eete mail en vous inscrivant \u00e0 ma newsletter.<br \/>\ud83d\udcf2 Suivez-moi aussi sur les r\u00e9seaux sociaux (liens ci-dessous) pour plus de contenus et d\u2019\u00e9changes.<\/p>\t\t\t\t\t\t\t\t<\/div>\n\t\t\t\t<\/div>\n\t\t\t\t<\/div>\n\t\t<div class=\"elementor-element elementor-element-c9dfa01 e-con-full e-flex e-con e-child\" data-id=\"c9dfa01\" data-element_type=\"container\">\n\t\t\t\t<div class=\"elementor-element elementor-element-e0cf386 elementor-shape-rounded elementor-grid-0 e-grid-align-center elementor-widget elementor-widget-social-icons\" data-id=\"e0cf386\" data-element_type=\"widget\" data-widget_type=\"social-icons.default\">\n\t\t\t\t<div class=\"elementor-widget-container\">\n\t\t\t\t\t\t\t<div class=\"elementor-social-icons-wrapper elementor-grid\">\n\t\t\t\t\t\t\t<span class=\"elementor-grid-item\">\n\t\t\t\t\t<a class=\"elementor-icon elementor-social-icon elementor-social-icon-facebook elementor-repeater-item-dedff90\" href=\"https:\/\/www.facebook.com\/sebhypnoseetpierre?locale=fr_FR\" target=\"_blank\">\n\t\t\t\t\t\t<span class=\"elementor-screen-only\">Facebook<\/span>\n\t\t\t\t\t\t<svg class=\"e-font-icon-svg e-fab-facebook\" viewBox=\"0 0 512 512\" xmlns=\"http:\/\/www.w3.org\/2000\/svg\"><path d=\"M504 256C504 119 393 8 256 8S8 119 8 256c0 123.78 90.69 226.38 209.25 245V327.69h-63V256h63v-54.64c0-62.15 37-96.48 93.67-96.48 27.14 0 55.52 4.84 55.52 4.84v61h-31.28c-30.8 0-40.41 19.12-40.41 38.73V256h68.78l-11 71.69h-57.78V501C413.31 482.38 504 379.78 504 256z\"><\/path><\/svg>\t\t\t\t\t<\/a>\n\t\t\t\t<\/span>\n\t\t\t\t\t\t\t<span class=\"elementor-grid-item\">\n\t\t\t\t\t<a class=\"elementor-icon elementor-social-icon elementor-social-icon-youtube elementor-repeater-item-93f1281\" href=\"https:\/\/www.youtube.com\/@Mebah31\" target=\"_blank\">\n\t\t\t\t\t\t<span class=\"elementor-screen-only\">Youtube<\/span>\n\t\t\t\t\t\t<svg class=\"e-font-icon-svg e-fab-youtube\" viewBox=\"0 0 576 512\" xmlns=\"http:\/\/www.w3.org\/2000\/svg\"><path d=\"M549.655 124.083c-6.281-23.65-24.787-42.276-48.284-48.597C458.781 64 288 64 288 64S117.22 64 74.629 75.486c-23.497 6.322-42.003 24.947-48.284 48.597-11.412 42.867-11.412 132.305-11.412 132.305s0 89.438 11.412 132.305c6.281 23.65 24.787 41.5 48.284 47.821C117.22 448 288 448 288 448s170.78 0 213.371-11.486c23.497-6.321 42.003-24.171 48.284-47.821 11.412-42.867 11.412-132.305 11.412-132.305s0-89.438-11.412-132.305zm-317.51 213.508V175.185l142.739 81.205-142.739 81.201z\"><\/path><\/svg>\t\t\t\t\t<\/a>\n\t\t\t\t<\/span>\n\t\t\t\t\t\t\t<span class=\"elementor-grid-item\">\n\t\t\t\t\t<a class=\"elementor-icon elementor-social-icon elementor-social-icon-instagram elementor-repeater-item-21e065d\" href=\"https:\/\/www.instagram.com\/hypnoseetpierres\/\" target=\"_blank\">\n\t\t\t\t\t\t<span class=\"elementor-screen-only\">Instagram<\/span>\n\t\t\t\t\t\t<svg class=\"e-font-icon-svg e-fab-instagram\" viewBox=\"0 0 448 512\" xmlns=\"http:\/\/www.w3.org\/2000\/svg\"><path d=\"M224.1 141c-63.6 0-114.9 51.3-114.9 114.9s51.3 114.9 114.9 114.9S339 319.5 339 255.9 287.7 141 224.1 141zm0 189.6c-41.1 0-74.7-33.5-74.7-74.7s33.5-74.7 74.7-74.7 74.7 33.5 74.7 74.7-33.6 74.7-74.7 74.7zm146.4-194.3c0 14.9-12 26.8-26.8 26.8-14.9 0-26.8-12-26.8-26.8s12-26.8 26.8-26.8 26.8 12 26.8 26.8zm76.1 27.2c-1.7-35.9-9.9-67.7-36.2-93.9-26.2-26.2-58-34.4-93.9-36.2-37-2.1-147.9-2.1-184.9 0-35.8 1.7-67.6 9.9-93.9 36.1s-34.4 58-36.2 93.9c-2.1 37-2.1 147.9 0 184.9 1.7 35.9 9.9 67.7 36.2 93.9s58 34.4 93.9 36.2c37 2.1 147.9 2.1 184.9 0 35.9-1.7 67.7-9.9 93.9-36.2 26.2-26.2 34.4-58 36.2-93.9 2.1-37 2.1-147.8 0-184.8zM398.8 388c-7.8 19.6-22.9 34.7-42.6 42.6-29.5 11.7-99.5 9-132.1 9s-102.7 2.6-132.1-9c-19.6-7.8-34.7-22.9-42.6-42.6-11.7-29.5-9-99.5-9-132.1s-2.6-102.7 9-132.1c7.8-19.6 22.9-34.7 42.6-42.6 29.5-11.7 99.5-9 132.1-9s102.7-2.6 132.1 9c19.6 7.8 34.7 22.9 42.6 42.6 11.7 29.5 9 99.5 9 132.1s2.7 102.7-9 132.1z\"><\/path><\/svg>\t\t\t\t\t<\/a>\n\t\t\t\t<\/span>\n\t\t\t\t\t<\/div>\n\t\t\t\t\t\t<\/div>\n\t\t\t\t<\/div>\n\t\t\t\t<div class=\"elementor-element elementor-element-5f58a18 elementor-align-center elementor-widget elementor-widget-button\" data-id=\"5f58a18\" data-element_type=\"widget\" data-widget_type=\"button.default\">\n\t\t\t\t<div class=\"elementor-widget-container\">\n\t\t\t\t\t\t\t\t\t<div class=\"elementor-button-wrapper\">\n\t\t\t\t\t<a class=\"elementor-button elementor-button-link elementor-size-sm\" href=\"https:\/\/www.hypnoseetpierres-sebastienlanotte.com\/index.php\/newsletters\/\" target=\"_blank\">\n\t\t\t\t\t\t<span class=\"elementor-button-content-wrapper\">\n\t\t\t\t\t\t\t\t\t<span class=\"elementor-button-text\">Inscrivez-vous \u00e0 la newsletter<\/span>\n\t\t\t\t\t<\/span>\n\t\t\t\t\t<\/a>\n\t\t\t\t<\/div>\n\t\t\t\t\t\t\t\t<\/div>\n\t\t\t\t<\/div>\n\t\t\t\t<div class=\"elementor-element elementor-element-6dac348 elementor-share-buttons--color-custom elementor-share-buttons--view-icon-text elementor-share-buttons--skin-gradient elementor-share-buttons--shape-square elementor-grid-0 elementor-widget elementor-widget-global elementor-global-1591 elementor-widget-share-buttons\" data-id=\"6dac348\" data-element_type=\"widget\" data-widget_type=\"share-buttons.default\">\n\t\t\t\t<div class=\"elementor-widget-container\">\n\t\t\t\t\t\t\t<div class=\"elementor-grid\">\n\t\t\t\t\t\t\t\t<div class=\"elementor-grid-item\">\n\t\t\t\t\t\t<div\n\t\t\t\t\t\t\tclass=\"elementor-share-btn elementor-share-btn_facebook\"\n\t\t\t\t\t\t\trole=\"button\"\n\t\t\t\t\t\t\ttabindex=\"0\"\n\t\t\t\t\t\t\taria-label=\"Partager sur facebook\"\n\t\t\t\t\t\t>\n\t\t\t\t\t\t\t\t\t\t\t\t\t\t\t<span class=\"elementor-share-btn__icon\">\n\t\t\t\t\t\t\t\t<svg class=\"e-font-icon-svg e-fab-facebook\" viewBox=\"0 0 512 512\" xmlns=\"http:\/\/www.w3.org\/2000\/svg\"><path d=\"M504 256C504 119 393 8 256 8S8 119 8 256c0 123.78 90.69 226.38 209.25 245V327.69h-63V256h63v-54.64c0-62.15 37-96.48 93.67-96.48 27.14 0 55.52 4.84 55.52 4.84v61h-31.28c-30.8 0-40.41 19.12-40.41 38.73V256h68.78l-11 71.69h-57.78V501C413.31 482.38 504 379.78 504 256z\"><\/path><\/svg>\t\t\t\t\t\t\t<\/span>\n\t\t\t\t\t\t\t\t\t\t\t\t\t\t\t\t\t\t\t\t\t\t<div class=\"elementor-share-btn__text\">\n\t\t\t\t\t\t\t\t\t\t\t\t\t\t\t\t\t\t\t<span class=\"elementor-share-btn__title\">\n\t\t\t\t\t\t\t\t\t\tFacebook\t\t\t\t\t\t\t\t\t<\/span>\n\t\t\t\t\t\t\t\t\t\t\t\t\t\t\t\t\t<\/div>\n\t\t\t\t\t\t\t\t\t\t\t\t\t<\/div>\n\t\t\t\t\t<\/div>\n\t\t\t\t\t\t\t\t\t<div class=\"elementor-grid-item\">\n\t\t\t\t\t\t<div\n\t\t\t\t\t\t\tclass=\"elementor-share-btn elementor-share-btn_twitter\"\n\t\t\t\t\t\t\trole=\"button\"\n\t\t\t\t\t\t\ttabindex=\"0\"\n\t\t\t\t\t\t\taria-label=\"Partager sur twitter\"\n\t\t\t\t\t\t>\n\t\t\t\t\t\t\t\t\t\t\t\t\t\t\t<span class=\"elementor-share-btn__icon\">\n\t\t\t\t\t\t\t\t<svg class=\"e-font-icon-svg e-fab-twitter\" viewBox=\"0 0 512 512\" xmlns=\"http:\/\/www.w3.org\/2000\/svg\"><path d=\"M459.37 151.716c.325 4.548.325 9.097.325 13.645 0 138.72-105.583 298.558-298.558 298.558-59.452 0-114.68-17.219-161.137-47.106 8.447.974 16.568 1.299 25.34 1.299 49.055 0 94.213-16.568 130.274-44.832-46.132-.975-84.792-31.188-98.112-72.772 6.498.974 12.995 1.624 19.818 1.624 9.421 0 18.843-1.3 27.614-3.573-48.081-9.747-84.143-51.98-84.143-102.985v-1.299c13.969 7.797 30.214 12.67 47.431 13.319-28.264-18.843-46.781-51.005-46.781-87.391 0-19.492 5.197-37.36 14.294-52.954 51.655 63.675 129.3 105.258 216.365 109.807-1.624-7.797-2.599-15.918-2.599-24.04 0-57.828 46.782-104.934 104.934-104.934 30.213 0 57.502 12.67 76.67 33.137 23.715-4.548 46.456-13.32 66.599-25.34-7.798 24.366-24.366 44.833-46.132 57.827 21.117-2.273 41.584-8.122 60.426-16.243-14.292 20.791-32.161 39.308-52.628 54.253z\"><\/path><\/svg>\t\t\t\t\t\t\t<\/span>\n\t\t\t\t\t\t\t\t\t\t\t\t\t\t\t\t\t\t\t\t\t\t<div class=\"elementor-share-btn__text\">\n\t\t\t\t\t\t\t\t\t\t\t\t\t\t\t\t\t\t\t<span class=\"elementor-share-btn__title\">\n\t\t\t\t\t\t\t\t\t\tTwitter\t\t\t\t\t\t\t\t\t<\/span>\n\t\t\t\t\t\t\t\t\t\t\t\t\t\t\t\t\t<\/div>\n\t\t\t\t\t\t\t\t\t\t\t\t\t<\/div>\n\t\t\t\t\t<\/div>\n\t\t\t\t\t\t\t\t\t<div class=\"elementor-grid-item\">\n\t\t\t\t\t\t<div\n\t\t\t\t\t\t\tclass=\"elementor-share-btn elementor-share-btn_linkedin\"\n\t\t\t\t\t\t\trole=\"button\"\n\t\t\t\t\t\t\ttabindex=\"0\"\n\t\t\t\t\t\t\taria-label=\"Partager sur linkedin\"\n\t\t\t\t\t\t>\n\t\t\t\t\t\t\t\t\t\t\t\t\t\t\t<span class=\"elementor-share-btn__icon\">\n\t\t\t\t\t\t\t\t<svg class=\"e-font-icon-svg e-fab-linkedin\" viewBox=\"0 0 448 512\" xmlns=\"http:\/\/www.w3.org\/2000\/svg\"><path d=\"M416 32H31.9C14.3 32 0 46.5 0 64.3v383.4C0 465.5 14.3 480 31.9 480H416c17.6 0 32-14.5 32-32.3V64.3c0-17.8-14.4-32.3-32-32.3zM135.4 416H69V202.2h66.5V416zm-33.2-243c-21.3 0-38.5-17.3-38.5-38.5S80.9 96 102.2 96c21.2 0 38.5 17.3 38.5 38.5 0 21.3-17.2 38.5-38.5 38.5zm282.1 243h-66.4V312c0-24.8-.5-56.7-34.5-56.7-34.6 0-39.9 27-39.9 54.9V416h-66.4V202.2h63.7v29.2h.9c8.9-16.8 30.6-34.5 62.9-34.5 67.2 0 79.7 44.3 79.7 101.9V416z\"><\/path><\/svg>\t\t\t\t\t\t\t<\/span>\n\t\t\t\t\t\t\t\t\t\t\t\t\t\t\t\t\t\t\t\t\t\t<div class=\"elementor-share-btn__text\">\n\t\t\t\t\t\t\t\t\t\t\t\t\t\t\t\t\t\t\t<span class=\"elementor-share-btn__title\">\n\t\t\t\t\t\t\t\t\t\tLinkedIn\t\t\t\t\t\t\t\t\t<\/span>\n\t\t\t\t\t\t\t\t\t\t\t\t\t\t\t\t\t<\/div>\n\t\t\t\t\t\t\t\t\t\t\t\t\t<\/div>\n\t\t\t\t\t<\/div>\n\t\t\t\t\t\t<\/div>\n\t\t\t\t\t\t<\/div>\n\t\t\t\t<\/div>\n\t\t\t\t<\/div>\n\t\t\t\t\t<\/div>\n\t\t\t\t<\/div>\n\t\t\t\t<\/div>\n\t\t","protected":false},"excerpt":{"rendered":"<p>La neurobiologie du psychotraumatisme Table des mati\u00e8res \u00a0Nous commen\u00e7ons \u00e0 comprendre de mieux en mieux les causes et les cons\u00e9quences des psychotraumatismes, mais dire que nous avons tout compris serait pr\u00e9somptueux. Comme expliqu\u00e9 dans l&rsquo;article pr\u00e9c\u00e9dent, nous ne sommes pas \u00e9gaux face au traumatisme, et un \u00e9v\u00e9nement traumatog\u00e8ne ne cr\u00e9e pas forc\u00e9ment un trouble de [&hellip;]<\/p>\n","protected":false},"author":1,"featured_media":2442,"comment_status":"closed","ping_status":"open","sticky":false,"template":"","format":"standard","meta":{"footnotes":""},"categories":[14,12],"tags":[],"class_list":["post-2449","post","type-post","status-publish","format-standard","has-post-thumbnail","hentry","category-methode-experience","category-psyche-emotion"],"yoast_head":"<!-- This site is optimized with the Yoast SEO plugin v24.3 - https:\/\/yoast.com\/wordpress\/plugins\/seo\/ -->\n<title>Trauma et th\u00e9rapie : les approches corps-esprit pour soigner le stress post-traumatique&quot; &#8226; Racines Min\u00e9rales<\/title>\n<meta name=\"robots\" content=\"index, follow, max-snippet:-1, max-image-preview:large, max-video-preview:-1\" \/>\n<link rel=\"canonical\" href=\"https:\/\/www.hypnoseetpierres-sebastienlanotte.com\/index.php\/2025\/03\/21\/trauma-et-therapie-les-approches-corps-esprit-pour-soigner-le-stress-post-traumatique\/\" \/>\n<meta property=\"og:locale\" content=\"fr_FR\" \/>\n<meta property=\"og:type\" content=\"article\" \/>\n<meta property=\"og:title\" content=\"Trauma et th\u00e9rapie : les approches corps-esprit pour soigner le stress post-traumatique&quot; &#8226; Racines Min\u00e9rales\" \/>\n<meta property=\"og:description\" content=\"La neurobiologie du psychotraumatisme Table des mati\u00e8res \u00a0Nous commen\u00e7ons \u00e0 comprendre de mieux en mieux les causes et les cons\u00e9quences des psychotraumatismes, mais dire que nous avons tout compris serait pr\u00e9somptueux. Comme expliqu\u00e9 dans l&rsquo;article pr\u00e9c\u00e9dent, nous ne sommes pas \u00e9gaux face au traumatisme, et un \u00e9v\u00e9nement traumatog\u00e8ne ne cr\u00e9e pas forc\u00e9ment un trouble de [&hellip;]\" \/>\n<meta property=\"og:url\" content=\"https:\/\/www.hypnoseetpierres-sebastienlanotte.com\/index.php\/2025\/03\/21\/trauma-et-therapie-les-approches-corps-esprit-pour-soigner-le-stress-post-traumatique\/\" \/>\n<meta property=\"og:site_name\" content=\"Racines Min\u00e9rales\" \/>\n<meta property=\"article:publisher\" content=\"https:\/\/www.facebook.com\/sebhypnoseetpierre\/\" \/>\n<meta property=\"article:published_time\" content=\"2025-03-21T17:55:43+00:00\" \/>\n<meta property=\"article:modified_time\" content=\"2025-03-21T19:10:56+00:00\" \/>\n<meta property=\"og:image\" content=\"https:\/\/www.hypnoseetpierres-sebastienlanotte.com\/wp-content\/uploads\/2025\/03\/forest_regeneration_image.jpeg\" \/>\n\t<meta property=\"og:image:width\" content=\"1024\" \/>\n\t<meta property=\"og:image:height\" content=\"1024\" \/>\n\t<meta property=\"og:image:type\" content=\"image\/jpeg\" \/>\n<meta name=\"author\" content=\"admin7779\" \/>\n<meta name=\"twitter:card\" content=\"summary_large_image\" \/>\n<meta name=\"twitter:label1\" content=\"\u00c9crit par\" \/>\n\t<meta name=\"twitter:data1\" content=\"admin7779\" \/>\n\t<meta name=\"twitter:label2\" content=\"Dur\u00e9e de lecture estim\u00e9e\" \/>\n\t<meta name=\"twitter:data2\" content=\"27 minutes\" \/>\n<script type=\"application\/ld+json\" class=\"yoast-schema-graph\">{\"@context\":\"https:\/\/schema.org\",\"@graph\":[{\"@type\":\"Article\",\"@id\":\"https:\/\/www.hypnoseetpierres-sebastienlanotte.com\/index.php\/2025\/03\/21\/trauma-et-therapie-les-approches-corps-esprit-pour-soigner-le-stress-post-traumatique\/#article\",\"isPartOf\":{\"@id\":\"https:\/\/www.hypnoseetpierres-sebastienlanotte.com\/index.php\/2025\/03\/21\/trauma-et-therapie-les-approches-corps-esprit-pour-soigner-le-stress-post-traumatique\/\"},\"author\":{\"name\":\"admin7779\",\"@id\":\"https:\/\/www.hypnoseetpierres-sebastienlanotte.com\/#\/schema\/person\/de65a744df6ea82df4b3bf6f80742f22\"},\"headline\":\"Trauma et th\u00e9rapie : les approches corps-esprit pour soigner le stress post-traumatique\u00a0\u00bb\",\"datePublished\":\"2025-03-21T17:55:43+00:00\",\"dateModified\":\"2025-03-21T19:10:56+00:00\",\"mainEntityOfPage\":{\"@id\":\"https:\/\/www.hypnoseetpierres-sebastienlanotte.com\/index.php\/2025\/03\/21\/trauma-et-therapie-les-approches-corps-esprit-pour-soigner-le-stress-post-traumatique\/\"},\"wordCount\":4976,\"publisher\":{\"@id\":\"https:\/\/www.hypnoseetpierres-sebastienlanotte.com\/#organization\"},\"image\":{\"@id\":\"https:\/\/www.hypnoseetpierres-sebastienlanotte.com\/index.php\/2025\/03\/21\/trauma-et-therapie-les-approches-corps-esprit-pour-soigner-le-stress-post-traumatique\/#primaryimage\"},\"thumbnailUrl\":\"https:\/\/www.hypnoseetpierres-sebastienlanotte.com\/wp-content\/uploads\/2025\/03\/forest_regeneration_image.jpeg\",\"articleSection\":[\"M\u00e9thodes et exp\u00e9riences\",\"Psych\u00e9 et \u00e9motions\"],\"inLanguage\":\"fr-FR\"},{\"@type\":\"WebPage\",\"@id\":\"https:\/\/www.hypnoseetpierres-sebastienlanotte.com\/index.php\/2025\/03\/21\/trauma-et-therapie-les-approches-corps-esprit-pour-soigner-le-stress-post-traumatique\/\",\"url\":\"https:\/\/www.hypnoseetpierres-sebastienlanotte.com\/index.php\/2025\/03\/21\/trauma-et-therapie-les-approches-corps-esprit-pour-soigner-le-stress-post-traumatique\/\",\"name\":\"Trauma et th\u00e9rapie : les approches corps-esprit pour soigner le stress post-traumatique\\\" &#8226; Racines Min\u00e9rales\",\"isPartOf\":{\"@id\":\"https:\/\/www.hypnoseetpierres-sebastienlanotte.com\/#website\"},\"primaryImageOfPage\":{\"@id\":\"https:\/\/www.hypnoseetpierres-sebastienlanotte.com\/index.php\/2025\/03\/21\/trauma-et-therapie-les-approches-corps-esprit-pour-soigner-le-stress-post-traumatique\/#primaryimage\"},\"image\":{\"@id\":\"https:\/\/www.hypnoseetpierres-sebastienlanotte.com\/index.php\/2025\/03\/21\/trauma-et-therapie-les-approches-corps-esprit-pour-soigner-le-stress-post-traumatique\/#primaryimage\"},\"thumbnailUrl\":\"https:\/\/www.hypnoseetpierres-sebastienlanotte.com\/wp-content\/uploads\/2025\/03\/forest_regeneration_image.jpeg\",\"datePublished\":\"2025-03-21T17:55:43+00:00\",\"dateModified\":\"2025-03-21T19:10:56+00:00\",\"breadcrumb\":{\"@id\":\"https:\/\/www.hypnoseetpierres-sebastienlanotte.com\/index.php\/2025\/03\/21\/trauma-et-therapie-les-approches-corps-esprit-pour-soigner-le-stress-post-traumatique\/#breadcrumb\"},\"inLanguage\":\"fr-FR\",\"potentialAction\":[{\"@type\":\"ReadAction\",\"target\":[\"https:\/\/www.hypnoseetpierres-sebastienlanotte.com\/index.php\/2025\/03\/21\/trauma-et-therapie-les-approches-corps-esprit-pour-soigner-le-stress-post-traumatique\/\"]}]},{\"@type\":\"ImageObject\",\"inLanguage\":\"fr-FR\",\"@id\":\"https:\/\/www.hypnoseetpierres-sebastienlanotte.com\/index.php\/2025\/03\/21\/trauma-et-therapie-les-approches-corps-esprit-pour-soigner-le-stress-post-traumatique\/#primaryimage\",\"url\":\"https:\/\/www.hypnoseetpierres-sebastienlanotte.com\/wp-content\/uploads\/2025\/03\/forest_regeneration_image.jpeg\",\"contentUrl\":\"https:\/\/www.hypnoseetpierres-sebastienlanotte.com\/wp-content\/uploads\/2025\/03\/forest_regeneration_image.jpeg\",\"width\":1024,\"height\":1024,\"caption\":\"une foret r\u00e9siliente qui accueille la vie apr\u00e8s avoir \u00e9t\u00e9 devast\u00e9e, quelque d\u00e9c\u00e9nnies plus tard les orni\u00e8res ont \u00e9t\u00e9 remplac\u00e9e par des marres plein de vie.\"},{\"@type\":\"BreadcrumbList\",\"@id\":\"https:\/\/www.hypnoseetpierres-sebastienlanotte.com\/index.php\/2025\/03\/21\/trauma-et-therapie-les-approches-corps-esprit-pour-soigner-le-stress-post-traumatique\/#breadcrumb\",\"itemListElement\":[{\"@type\":\"ListItem\",\"position\":1,\"name\":\"Accueil\",\"item\":\"https:\/\/www.hypnoseetpierres-sebastienlanotte.com\/\"},{\"@type\":\"ListItem\",\"position\":2,\"name\":\"Trauma et th\u00e9rapie : les approches corps-esprit pour soigner le stress post-traumatique\u00a0\u00bb\"}]},{\"@type\":\"WebSite\",\"@id\":\"https:\/\/www.hypnoseetpierres-sebastienlanotte.com\/#website\",\"url\":\"https:\/\/www.hypnoseetpierres-sebastienlanotte.com\/\",\"name\":\"Racines Min\u00e9rales - Hypnose et Pierres - S\u00e9bastien Lanotte\",\"description\":\"Prendre le temps de l&#039;\u00e9merveillement\",\"publisher\":{\"@id\":\"https:\/\/www.hypnoseetpierres-sebastienlanotte.com\/#organization\"},\"potentialAction\":[{\"@type\":\"SearchAction\",\"target\":{\"@type\":\"EntryPoint\",\"urlTemplate\":\"https:\/\/www.hypnoseetpierres-sebastienlanotte.com\/?s={search_term_string}\"},\"query-input\":{\"@type\":\"PropertyValueSpecification\",\"valueRequired\":true,\"valueName\":\"search_term_string\"}}],\"inLanguage\":\"fr-FR\"},{\"@type\":\"Organization\",\"@id\":\"https:\/\/www.hypnoseetpierres-sebastienlanotte.com\/#organization\",\"name\":\"Racines Min\u00e9rales S\u00e9bastien Lanotte EI\",\"url\":\"https:\/\/www.hypnoseetpierres-sebastienlanotte.com\/\",\"logo\":{\"@type\":\"ImageObject\",\"inLanguage\":\"fr-FR\",\"@id\":\"https:\/\/www.hypnoseetpierres-sebastienlanotte.com\/#\/schema\/logo\/image\/\",\"url\":\"https:\/\/www.hypnoseetpierres-sebastienlanotte.com\/wp-content\/uploads\/2025\/01\/Copie-de-Racines-minerales-1000-x-1000-px.png\",\"contentUrl\":\"https:\/\/www.hypnoseetpierres-sebastienlanotte.com\/wp-content\/uploads\/2025\/01\/Copie-de-Racines-minerales-1000-x-1000-px.png\",\"width\":1000,\"height\":1000,\"caption\":\"Racines Min\u00e9rales S\u00e9bastien Lanotte EI\"},\"image\":{\"@id\":\"https:\/\/www.hypnoseetpierres-sebastienlanotte.com\/#\/schema\/logo\/image\/\"},\"sameAs\":[\"https:\/\/www.facebook.com\/sebhypnoseetpierre\/\"]},{\"@type\":\"Person\",\"@id\":\"https:\/\/www.hypnoseetpierres-sebastienlanotte.com\/#\/schema\/person\/de65a744df6ea82df4b3bf6f80742f22\",\"name\":\"admin7779\",\"image\":{\"@type\":\"ImageObject\",\"inLanguage\":\"fr-FR\",\"@id\":\"https:\/\/www.hypnoseetpierres-sebastienlanotte.com\/#\/schema\/person\/image\/\",\"url\":\"https:\/\/secure.gravatar.com\/avatar\/e7111615dcae53a1ad2e60a6d7120729565fbf77145d05007fcdf933db46f5e7?s=96&d=mm&r=g\",\"contentUrl\":\"https:\/\/secure.gravatar.com\/avatar\/e7111615dcae53a1ad2e60a6d7120729565fbf77145d05007fcdf933db46f5e7?s=96&d=mm&r=g\",\"caption\":\"admin7779\"},\"sameAs\":[\"http:\/\/hypnosc.cluster031.hosting.ovh.net\"],\"url\":\"https:\/\/www.hypnoseetpierres-sebastienlanotte.com\/index.php\/author\/admin7779\/\"}]}<\/script>\n<!-- \/ Yoast SEO plugin. -->","yoast_head_json":{"title":"Trauma et th\u00e9rapie : les approches corps-esprit pour soigner le stress post-traumatique\" &#8226; Racines Min\u00e9rales","robots":{"index":"index","follow":"follow","max-snippet":"max-snippet:-1","max-image-preview":"max-image-preview:large","max-video-preview":"max-video-preview:-1"},"canonical":"https:\/\/www.hypnoseetpierres-sebastienlanotte.com\/index.php\/2025\/03\/21\/trauma-et-therapie-les-approches-corps-esprit-pour-soigner-le-stress-post-traumatique\/","og_locale":"fr_FR","og_type":"article","og_title":"Trauma et th\u00e9rapie : les approches corps-esprit pour soigner le stress post-traumatique\" &#8226; Racines Min\u00e9rales","og_description":"La neurobiologie du psychotraumatisme Table des mati\u00e8res \u00a0Nous commen\u00e7ons \u00e0 comprendre de mieux en mieux les causes et les cons\u00e9quences des psychotraumatismes, mais dire que nous avons tout compris serait pr\u00e9somptueux. Comme expliqu\u00e9 dans l&rsquo;article pr\u00e9c\u00e9dent, nous ne sommes pas \u00e9gaux face au traumatisme, et un \u00e9v\u00e9nement traumatog\u00e8ne ne cr\u00e9e pas forc\u00e9ment un trouble de [&hellip;]","og_url":"https:\/\/www.hypnoseetpierres-sebastienlanotte.com\/index.php\/2025\/03\/21\/trauma-et-therapie-les-approches-corps-esprit-pour-soigner-le-stress-post-traumatique\/","og_site_name":"Racines Min\u00e9rales","article_publisher":"https:\/\/www.facebook.com\/sebhypnoseetpierre\/","article_published_time":"2025-03-21T17:55:43+00:00","article_modified_time":"2025-03-21T19:10:56+00:00","og_image":[{"width":1024,"height":1024,"url":"https:\/\/www.hypnoseetpierres-sebastienlanotte.com\/wp-content\/uploads\/2025\/03\/forest_regeneration_image.jpeg","type":"image\/jpeg"}],"author":"admin7779","twitter_card":"summary_large_image","twitter_misc":{"\u00c9crit par":"admin7779","Dur\u00e9e de lecture estim\u00e9e":"27 minutes"},"schema":{"@context":"https:\/\/schema.org","@graph":[{"@type":"Article","@id":"https:\/\/www.hypnoseetpierres-sebastienlanotte.com\/index.php\/2025\/03\/21\/trauma-et-therapie-les-approches-corps-esprit-pour-soigner-le-stress-post-traumatique\/#article","isPartOf":{"@id":"https:\/\/www.hypnoseetpierres-sebastienlanotte.com\/index.php\/2025\/03\/21\/trauma-et-therapie-les-approches-corps-esprit-pour-soigner-le-stress-post-traumatique\/"},"author":{"name":"admin7779","@id":"https:\/\/www.hypnoseetpierres-sebastienlanotte.com\/#\/schema\/person\/de65a744df6ea82df4b3bf6f80742f22"},"headline":"Trauma et th\u00e9rapie : les approches corps-esprit pour soigner le stress post-traumatique\u00a0\u00bb","datePublished":"2025-03-21T17:55:43+00:00","dateModified":"2025-03-21T19:10:56+00:00","mainEntityOfPage":{"@id":"https:\/\/www.hypnoseetpierres-sebastienlanotte.com\/index.php\/2025\/03\/21\/trauma-et-therapie-les-approches-corps-esprit-pour-soigner-le-stress-post-traumatique\/"},"wordCount":4976,"publisher":{"@id":"https:\/\/www.hypnoseetpierres-sebastienlanotte.com\/#organization"},"image":{"@id":"https:\/\/www.hypnoseetpierres-sebastienlanotte.com\/index.php\/2025\/03\/21\/trauma-et-therapie-les-approches-corps-esprit-pour-soigner-le-stress-post-traumatique\/#primaryimage"},"thumbnailUrl":"https:\/\/www.hypnoseetpierres-sebastienlanotte.com\/wp-content\/uploads\/2025\/03\/forest_regeneration_image.jpeg","articleSection":["M\u00e9thodes et exp\u00e9riences","Psych\u00e9 et \u00e9motions"],"inLanguage":"fr-FR"},{"@type":"WebPage","@id":"https:\/\/www.hypnoseetpierres-sebastienlanotte.com\/index.php\/2025\/03\/21\/trauma-et-therapie-les-approches-corps-esprit-pour-soigner-le-stress-post-traumatique\/","url":"https:\/\/www.hypnoseetpierres-sebastienlanotte.com\/index.php\/2025\/03\/21\/trauma-et-therapie-les-approches-corps-esprit-pour-soigner-le-stress-post-traumatique\/","name":"Trauma et th\u00e9rapie : les approches corps-esprit pour soigner le stress post-traumatique\" &#8226; Racines Min\u00e9rales","isPartOf":{"@id":"https:\/\/www.hypnoseetpierres-sebastienlanotte.com\/#website"},"primaryImageOfPage":{"@id":"https:\/\/www.hypnoseetpierres-sebastienlanotte.com\/index.php\/2025\/03\/21\/trauma-et-therapie-les-approches-corps-esprit-pour-soigner-le-stress-post-traumatique\/#primaryimage"},"image":{"@id":"https:\/\/www.hypnoseetpierres-sebastienlanotte.com\/index.php\/2025\/03\/21\/trauma-et-therapie-les-approches-corps-esprit-pour-soigner-le-stress-post-traumatique\/#primaryimage"},"thumbnailUrl":"https:\/\/www.hypnoseetpierres-sebastienlanotte.com\/wp-content\/uploads\/2025\/03\/forest_regeneration_image.jpeg","datePublished":"2025-03-21T17:55:43+00:00","dateModified":"2025-03-21T19:10:56+00:00","breadcrumb":{"@id":"https:\/\/www.hypnoseetpierres-sebastienlanotte.com\/index.php\/2025\/03\/21\/trauma-et-therapie-les-approches-corps-esprit-pour-soigner-le-stress-post-traumatique\/#breadcrumb"},"inLanguage":"fr-FR","potentialAction":[{"@type":"ReadAction","target":["https:\/\/www.hypnoseetpierres-sebastienlanotte.com\/index.php\/2025\/03\/21\/trauma-et-therapie-les-approches-corps-esprit-pour-soigner-le-stress-post-traumatique\/"]}]},{"@type":"ImageObject","inLanguage":"fr-FR","@id":"https:\/\/www.hypnoseetpierres-sebastienlanotte.com\/index.php\/2025\/03\/21\/trauma-et-therapie-les-approches-corps-esprit-pour-soigner-le-stress-post-traumatique\/#primaryimage","url":"https:\/\/www.hypnoseetpierres-sebastienlanotte.com\/wp-content\/uploads\/2025\/03\/forest_regeneration_image.jpeg","contentUrl":"https:\/\/www.hypnoseetpierres-sebastienlanotte.com\/wp-content\/uploads\/2025\/03\/forest_regeneration_image.jpeg","width":1024,"height":1024,"caption":"une foret r\u00e9siliente qui accueille la vie apr\u00e8s avoir \u00e9t\u00e9 devast\u00e9e, quelque d\u00e9c\u00e9nnies plus tard les orni\u00e8res ont \u00e9t\u00e9 remplac\u00e9e par des marres plein de vie."},{"@type":"BreadcrumbList","@id":"https:\/\/www.hypnoseetpierres-sebastienlanotte.com\/index.php\/2025\/03\/21\/trauma-et-therapie-les-approches-corps-esprit-pour-soigner-le-stress-post-traumatique\/#breadcrumb","itemListElement":[{"@type":"ListItem","position":1,"name":"Accueil","item":"https:\/\/www.hypnoseetpierres-sebastienlanotte.com\/"},{"@type":"ListItem","position":2,"name":"Trauma et th\u00e9rapie : les approches corps-esprit pour soigner le stress post-traumatique\u00a0\u00bb"}]},{"@type":"WebSite","@id":"https:\/\/www.hypnoseetpierres-sebastienlanotte.com\/#website","url":"https:\/\/www.hypnoseetpierres-sebastienlanotte.com\/","name":"Racines Min\u00e9rales - Hypnose et Pierres - S\u00e9bastien Lanotte","description":"Prendre le temps de l&#039;\u00e9merveillement","publisher":{"@id":"https:\/\/www.hypnoseetpierres-sebastienlanotte.com\/#organization"},"potentialAction":[{"@type":"SearchAction","target":{"@type":"EntryPoint","urlTemplate":"https:\/\/www.hypnoseetpierres-sebastienlanotte.com\/?s={search_term_string}"},"query-input":{"@type":"PropertyValueSpecification","valueRequired":true,"valueName":"search_term_string"}}],"inLanguage":"fr-FR"},{"@type":"Organization","@id":"https:\/\/www.hypnoseetpierres-sebastienlanotte.com\/#organization","name":"Racines Min\u00e9rales S\u00e9bastien Lanotte EI","url":"https:\/\/www.hypnoseetpierres-sebastienlanotte.com\/","logo":{"@type":"ImageObject","inLanguage":"fr-FR","@id":"https:\/\/www.hypnoseetpierres-sebastienlanotte.com\/#\/schema\/logo\/image\/","url":"https:\/\/www.hypnoseetpierres-sebastienlanotte.com\/wp-content\/uploads\/2025\/01\/Copie-de-Racines-minerales-1000-x-1000-px.png","contentUrl":"https:\/\/www.hypnoseetpierres-sebastienlanotte.com\/wp-content\/uploads\/2025\/01\/Copie-de-Racines-minerales-1000-x-1000-px.png","width":1000,"height":1000,"caption":"Racines Min\u00e9rales S\u00e9bastien Lanotte EI"},"image":{"@id":"https:\/\/www.hypnoseetpierres-sebastienlanotte.com\/#\/schema\/logo\/image\/"},"sameAs":["https:\/\/www.facebook.com\/sebhypnoseetpierre\/"]},{"@type":"Person","@id":"https:\/\/www.hypnoseetpierres-sebastienlanotte.com\/#\/schema\/person\/de65a744df6ea82df4b3bf6f80742f22","name":"admin7779","image":{"@type":"ImageObject","inLanguage":"fr-FR","@id":"https:\/\/www.hypnoseetpierres-sebastienlanotte.com\/#\/schema\/person\/image\/","url":"https:\/\/secure.gravatar.com\/avatar\/e7111615dcae53a1ad2e60a6d7120729565fbf77145d05007fcdf933db46f5e7?s=96&d=mm&r=g","contentUrl":"https:\/\/secure.gravatar.com\/avatar\/e7111615dcae53a1ad2e60a6d7120729565fbf77145d05007fcdf933db46f5e7?s=96&d=mm&r=g","caption":"admin7779"},"sameAs":["http:\/\/hypnosc.cluster031.hosting.ovh.net"],"url":"https:\/\/www.hypnoseetpierres-sebastienlanotte.com\/index.php\/author\/admin7779\/"}]}},"_links":{"self":[{"href":"https:\/\/www.hypnoseetpierres-sebastienlanotte.com\/index.php\/wp-json\/wp\/v2\/posts\/2449","targetHints":{"allow":["GET"]}}],"collection":[{"href":"https:\/\/www.hypnoseetpierres-sebastienlanotte.com\/index.php\/wp-json\/wp\/v2\/posts"}],"about":[{"href":"https:\/\/www.hypnoseetpierres-sebastienlanotte.com\/index.php\/wp-json\/wp\/v2\/types\/post"}],"author":[{"embeddable":true,"href":"https:\/\/www.hypnoseetpierres-sebastienlanotte.com\/index.php\/wp-json\/wp\/v2\/users\/1"}],"replies":[{"embeddable":true,"href":"https:\/\/www.hypnoseetpierres-sebastienlanotte.com\/index.php\/wp-json\/wp\/v2\/comments?post=2449"}],"version-history":[{"count":94,"href":"https:\/\/www.hypnoseetpierres-sebastienlanotte.com\/index.php\/wp-json\/wp\/v2\/posts\/2449\/revisions"}],"predecessor-version":[{"id":2638,"href":"https:\/\/www.hypnoseetpierres-sebastienlanotte.com\/index.php\/wp-json\/wp\/v2\/posts\/2449\/revisions\/2638"}],"wp:featuredmedia":[{"embeddable":true,"href":"https:\/\/www.hypnoseetpierres-sebastienlanotte.com\/index.php\/wp-json\/wp\/v2\/media\/2442"}],"wp:attachment":[{"href":"https:\/\/www.hypnoseetpierres-sebastienlanotte.com\/index.php\/wp-json\/wp\/v2\/media?parent=2449"}],"wp:term":[{"taxonomy":"category","embeddable":true,"href":"https:\/\/www.hypnoseetpierres-sebastienlanotte.com\/index.php\/wp-json\/wp\/v2\/categories?post=2449"},{"taxonomy":"post_tag","embeddable":true,"href":"https:\/\/www.hypnoseetpierres-sebastienlanotte.com\/index.php\/wp-json\/wp\/v2\/tags?post=2449"}],"curies":[{"name":"wp","href":"https:\/\/api.w.org\/{rel}","templated":true}]}}